{"id":1018,"date":"2018-04-17T23:14:36","date_gmt":"2018-04-17T23:14:36","guid":{"rendered":"http:\/\/www.akram.pt\/web\/?p=1018"},"modified":"2018-04-17T23:14:36","modified_gmt":"2018-04-17T23:14:36","slug":"askksa-em-destaque-no-open-da-maia-2018","status":"publish","type":"post","link":"https:\/\/www.akram.pt\/web\/2018\/04\/askksa-em-destaque-no-open-da-maia-2018\/","title":{"rendered":"ASKKSA em destaque no Open da Maia &#8211; 2018"},"content":{"rendered":"<p>Realizou-se no passado fim de semana (14 e 15 Abril 2018) o Maia Internacional Karat\u00e9 Open 2018 no Pavilh\u00e3o Municipal de T\u00e9nis da Maia este torneio contou com cerca de 900 atletas provenientes de 93 Clubes de Marrocos, Espanha e Portugal.<\/p>\n<p>Da comitiva da Madeira viajaram atletas da Associa\u00e7\u00e3o Shotokan kokusai Santo Ant\u00f3nio (ASKKSA), Clube Karat\u00e9 Cani\u00e7o (CKC) e Clube Naval do Funchal (CNF) num total de 33 atletas e 13 acompanhantes (treinadores, dirigentes e pais).<\/p>\n<p>Nesta prova, o destaque vai para os atletas Jo\u00e3o Casimiro (ASKKSA) e Henrique Ferreira (CKC) que protagonizaram a final da competi\u00e7\u00e3o de Kata J\u00fanior Masculino, tendo a vit\u00f3ria sorrido ao atleta da ASKKSA. Os atletas Gon\u00e7alo Coelho e Gon\u00e7alo Pilco, ambos ASKKSA, tamb\u00e9m estiveram em bom plano ao atingir o 2\u00ba lugar do p\u00f3dio em Kata Infantil Masculino e Kata Juvenil Masculino, respetivamente.<\/p>\n<p><a href=\"https:\/\/i0.wp.com\/www.akram.pt\/web\/wp-content\/uploads\/2018\/04\/podio_maia_2018.jpg\" rel=\"lightbox[1018]\"><img data-recalc-dims=\"1\" loading=\"lazy\" decoding=\"async\" data-attachment-id=\"1019\" data-permalink=\"https:\/\/www.akram.pt\/web\/2018\/04\/askksa-em-destaque-no-open-da-maia-2018\/podio_maia_2018\/#main\" data-orig-file=\"https:\/\/i0.wp.com\/www.akram.pt\/web\/wp-content\/uploads\/2018\/04\/podio_maia_2018.jpg?fit=2048%2C1365&amp;ssl=1\" data-orig-size=\"2048,1365\" data-comments-opened=\"0\" data-image-meta=\"{&quot;aperture&quot;:&quot;0&quot;,&quot;credit&quot;:&quot;&quot;,&quot;camera&quot;:&quot;&quot;,&quot;caption&quot;:&quot;&quot;,&quot;created_timestamp&quot;:&quot;0&quot;,&quot;copyright&quot;:&quot;&quot;,&quot;focal_length&quot;:&quot;0&quot;,&quot;iso&quot;:&quot;0&quot;,&quot;shutter_speed&quot;:&quot;0&quot;,&quot;title&quot;:&quot;&quot;,&quot;orientation&quot;:&quot;0&quot;}\" data-image-title=\"podio_maia_2018\" data-image-description=\"\" data-image-caption=\"\" data-large-file=\"https:\/\/i0.wp.com\/www.akram.pt\/web\/wp-content\/uploads\/2018\/04\/podio_maia_2018.jpg?fit=1024%2C683&amp;ssl=1\" class=\"aligncenter size-medium wp-image-1019\" src=\"https:\/\/i0.wp.com\/www.akram.pt\/web\/wp-content\/uploads\/2018\/04\/podio_maia_2018-300x200.jpg?resize=300%2C200\" alt=\"\" width=\"300\" height=\"200\" srcset=\"https:\/\/i0.wp.com\/www.akram.pt\/web\/wp-content\/uploads\/2018\/04\/podio_maia_2018.jpg?resize=300%2C200&amp;ssl=1 300w, https:\/\/i0.wp.com\/www.akram.pt\/web\/wp-content\/uploads\/2018\/04\/podio_maia_2018.jpg?resize=768%2C512&amp;ssl=1 768w, https:\/\/i0.wp.com\/www.akram.pt\/web\/wp-content\/uploads\/2018\/04\/podio_maia_2018.jpg?resize=1024%2C683&amp;ssl=1 1024w, https:\/\/i0.wp.com\/www.akram.pt\/web\/wp-content\/uploads\/2018\/04\/podio_maia_2018.jpg?resize=570%2C380&amp;ssl=1 570w, https:\/\/i0.wp.com\/www.akram.pt\/web\/wp-content\/uploads\/2018\/04\/podio_maia_2018.jpg?resize=380%2C254&amp;ssl=1 380w, https:\/\/i0.wp.com\/www.akram.pt\/web\/wp-content\/uploads\/2018\/04\/podio_maia_2018.jpg?resize=285%2C190&amp;ssl=1 285w, https:\/\/i0.wp.com\/www.akram.pt\/web\/wp-content\/uploads\/2018\/04\/podio_maia_2018.jpg?w=2048&amp;ssl=1 2048w\" sizes=\"auto, (max-width: 300px) 100vw, 300px\" \/><\/a><\/p>\n<p>Na prova de Kata Juvenil Masculino, o atleta Bernardo Lopes (ASKKSA) conseguiu ultrapassar 3 eliminat\u00f3rias, tendo perdido a seguinte. Uma vez que o atleta perdeu na respescagem, conseguiu atingir o 5\u00ba lugar no seu escal\u00e3o.<\/p>\n<p>No escal\u00e3o acima, em Kata Cadete Masculino, o atleta M\u00e1t\u00e9 Szepesi (CKC), tamb\u00e9m ultrapassou 3 advers\u00e1rios, tendo perdido o seu 4\u00ba encontro por 5-0. Ao n\u00e3o conseguir ultrapassar a repescagem, ficou com o 5\u00ba lugar da classifica\u00e7\u00e3o do seu escal\u00e3o.<\/p>\n<p>Os atletas Diana Freitas (ASKKSA), Renata Evangelista (ASKKSA), Tom\u00e1s Freitas (ASKKSA), Ana Coelho (CKC), Beatriz Martins (ASKKSA), Clara Vasconcelos (ASKKSA), Joana Rodrigues (ASKKSA), Nuno Fernandes (ASKKSA) e Mariana Rodrigues (CKC) perderam no primeiro combate das suas competi\u00e7\u00f5es e n\u00e3o foram repescados.<\/p>\n<p>Os atletas \u00c9ric Pilco (ASKKSA), Lu\u00eds Evangelista (ASKKSA), Tiago Pestana (CKC) e Catarina Trindade (ASKKSA) conseguiram ultrapassar os seus primeiros advers\u00e1rios, mas n\u00e3o foram repescados, n\u00e3o obtendo assim lugares de destaque na classifica\u00e7\u00e3o dos seus escal\u00f5es.<\/p>\n<p>Nas provas de kumite, os atletas Mateus Abreu (CKC) em Kumite Cadete +57Kg e Lucas Oliveira (CNF) em Kumite Iniciado +40Kg conseguiram atingir o 5\u00ba lugar da classifica\u00e7\u00e3o dos seus escal\u00f5es, ao ultrapassar 4 e 3 atletas, respetivamente. Ambos os atletas viriam a perder na repescagem.<\/p>\n<p>Destaque ainda para o atleta Jo\u00e3o Moreira (CKC) que ultrapassou 2 eliminat\u00f3rias, tendo perdido na terceira ronda, e de seguida, na repescagem. O atleta ficou classificado em 7\u00ba lugar do escal\u00e3o Iniciado +40Kg.<\/p>\n<p>Os atletas Tiago Pestana (CKC), Rodrigo Vasconcelos (CNF), Jo\u00e3o Castro (CNF), Rui Sousa (CKC) e Margarida Teles (CKC) perderam os seus primeiros combates, n\u00e3o obtendo melhores classifica\u00e7\u00f5es. O atleta Louren\u00e7o Sousa (CKC), embora tenha perdido o seu primeiro combate, foi repescado, tendo perdido o seu combate na primeira volta da repescagem.<\/p>\n<p>O atleta Bartolomeu Batista (CKC) conseguiu ultrapassar 2 advers\u00e1rios, tendo perdido o seu 3\u00ba combate no escal\u00e3o de Kumite Juvenil +50Kg. No peso abaixo, o atleta Dmitry Guillen (CKC), tamb\u00e9m conseguiu ultrapassar 2 atletas, mas perdeu o seu 3\u00ba combate. Ambos os atletas n\u00e3o foram repescados, n\u00e3o podendo assim progredir na prova.<\/p>\n<p>A acompanhar a comitiva, foram os treinadores Liliana F\u00e9lix (PEP Kumite), Rafael Jardim (PEP Kata), Eduarto Martins (CKC) e Bruno Menezes (CNF). A t\u00e9cnica de arbitragem Teresa N\u00f3brega (CKC) tamb\u00e9m participou no evento enquanto ju\u00edza. O presidente da dire\u00e7\u00e3o da AKRAM, Samuel Ch\u00edcharo, tamb\u00e9m acompanhou a comitiva.<\/p>\n","protected":false},"excerpt":{"rendered":"<p>Realizou-se no passado fim de semana (14 e 15 Abril 2018) o Maia Internacional Karat\u00e9 Open 2018 no Pavilh\u00e3o Municipal de T\u00e9nis da Maia este torneio contou com cerca de 900 atletas provenientes de 93 Clubes de Marrocos, Espanha e Portugal. Da comitiva da Madeira viajaram atletas da Associa\u00e7\u00e3o Shotokan kokusai Santo Ant\u00f3nio (ASKKSA), Clube<\/p>\n<p class=\"more-link\"><a href=\"https:\/\/www.akram.pt\/web\/2018\/04\/askksa-em-destaque-no-open-da-maia-2018\/\" class=\"themebutton\">Read More<\/a><\/p>\n","protected":false},"author":2,"featured_media":1019,"comment_status":"closed","ping_status":"open","sticky":false,"template":"","format":"standard","meta":{"_crdt_document":"","_jetpack_memberships_contains_paid_content":false,"footnotes":""},"categories":[4,5],"tags":[],"class_list":["post-1018","post","type-post","status-publish","format-standard","has-post-thumbnail","hentry","category-noticias","category-resultados"],"jetpack_featured_media_url":"https:\/\/i0.wp.com\/www.akram.pt\/web\/wp-content\/uploads\/2018\/04\/podio_maia_2018.jpg?fit=2048%2C1365&ssl=1","jetpack_sharing_enabled":true,"_links":{"self":[{"href":"https:\/\/www.akram.pt\/web\/wp-json\/wp\/v2\/posts\/1018","targetHints":{"allow":["GET"]}}],"collection":[{"href":"https:\/\/www.akram.pt\/web\/wp-json\/wp\/v2\/posts"}],"about":[{"href":"https:\/\/www.akram.pt\/web\/wp-json\/wp\/v2\/types\/post"}],"author":[{"embeddable":true,"href":"https:\/\/www.akram.pt\/web\/wp-json\/wp\/v2\/users\/2"}],"replies":[{"embeddable":true,"href":"https:\/\/www.akram.pt\/web\/wp-json\/wp\/v2\/comments?post=1018"}],"version-history":[{"count":0,"href":"https:\/\/www.akram.pt\/web\/wp-json\/wp\/v2\/posts\/1018\/revisions"}],"wp:featuredmedia":[{"embeddable":true,"href":"https:\/\/www.akram.pt\/web\/wp-json\/wp\/v2\/media\/1019"}],"wp:attachment":[{"href":"https:\/\/www.akram.pt\/web\/wp-json\/wp\/v2\/media?parent=1018"}],"wp:term":[{"taxonomy":"category","embeddable":true,"href":"https:\/\/www.akram.pt\/web\/wp-json\/wp\/v2\/categories?post=1018"},{"taxonomy":"post_tag","embeddable":true,"href":"https:\/\/www.akram.pt\/web\/wp-json\/wp\/v2\/tags?post=1018"}],"curies":[{"name":"wp","href":"https:\/\/api.w.org\/{rel}","templated":true}]}}