{"id":1022,"date":"2018-04-23T18:59:37","date_gmt":"2018-04-23T18:59:37","guid":{"rendered":"http:\/\/www.akram.pt\/web\/2018\/04\/estagio-de-homenagem-sensei-manuel-mendonca\/"},"modified":"2018-04-23T18:59:37","modified_gmt":"2018-04-23T18:59:37","slug":"estagio-de-homenagem-sensei-manuel-mendonca","status":"publish","type":"post","link":"https:\/\/www.akram.pt\/web\/2018\/04\/estagio-de-homenagem-sensei-manuel-mendonca\/","title":{"rendered":"Est\u00e1gio de Homenagem Sensei Manuel Mendon\u00e7a"},"content":{"rendered":"<p>A AKRAM convida todos os seus associados a participarem no est\u00e1gio de homenagem ao Sensei Manuel Mendon\u00e7a, que dedicou grande parte da sua vida \u00e0 nossa modalidade.<\/p>\n<p><img data-recalc-dims=\"1\" loading=\"lazy\" decoding=\"async\" data-attachment-id=\"1021\" data-permalink=\"https:\/\/www.akram.pt\/web\/2018\/04\/estagio-de-homenagem-sensei-manuel-mendonca\/img_0725\/#main\" data-orig-file=\"https:\/\/i0.wp.com\/www.akram.pt\/web\/wp-content\/uploads\/2018\/04\/img_0725.jpg?fit=2048%2C915&amp;ssl=1\" data-orig-size=\"2048,915\" data-comments-opened=\"0\" data-image-meta=\"{&quot;aperture&quot;:&quot;0&quot;,&quot;credit&quot;:&quot;&quot;,&quot;camera&quot;:&quot;&quot;,&quot;caption&quot;:&quot;&quot;,&quot;created_timestamp&quot;:&quot;0&quot;,&quot;copyright&quot;:&quot;&quot;,&quot;focal_length&quot;:&quot;0&quot;,&quot;iso&quot;:&quot;0&quot;,&quot;shutter_speed&quot;:&quot;0&quot;,&quot;title&quot;:&quot;&quot;,&quot;orientation&quot;:&quot;1&quot;}\" data-image-title=\"img_0725\" data-image-description=\"\" data-image-caption=\"\" data-large-file=\"https:\/\/i0.wp.com\/www.akram.pt\/web\/wp-content\/uploads\/2018\/04\/img_0725.jpg?fit=1024%2C458&amp;ssl=1\" src=\"https:\/\/i0.wp.com\/www.akram.pt\/web\/wp-content\/uploads\/2018\/04\/img_0725.jpg?resize=1170%2C523\" class=\"wp-image-1021 size-large\" width=\"1170\" height=\"523\" srcset=\"https:\/\/i0.wp.com\/www.akram.pt\/web\/wp-content\/uploads\/2018\/04\/img_0725.jpg?w=2048&amp;ssl=1 2048w, https:\/\/i0.wp.com\/www.akram.pt\/web\/wp-content\/uploads\/2018\/04\/img_0725.jpg?resize=300%2C134&amp;ssl=1 300w, https:\/\/i0.wp.com\/www.akram.pt\/web\/wp-content\/uploads\/2018\/04\/img_0725.jpg?resize=768%2C343&amp;ssl=1 768w, https:\/\/i0.wp.com\/www.akram.pt\/web\/wp-content\/uploads\/2018\/04\/img_0725.jpg?resize=1024%2C458&amp;ssl=1 1024w\" sizes=\"auto, (max-width: 1170px) 100vw, 1170px\" \/><\/p>\n<p>Este est\u00e1gio realiza-se entre as 9h30 e as 12h do dia 5 de maio, no Pavilh\u00e3o do Cani\u00e7o, com aulas de todos os estilos de Karate com representa\u00e7\u00e3o na Madeira.<\/p>\n<p>Adicionalmente, tamb\u00e9m iremos apoiar uma institui\u00e7\u00e3o de solidariedade com os g\u00e9neros alimentares que os participantes queiram dar.<\/p>\n","protected":false},"excerpt":{"rendered":"<p>A AKRAM convida todos os seus associados a participarem no est\u00e1gio de homenagem ao Sensei Manuel Mendon\u00e7a, que dedicou grande parte da sua vida \u00e0 nossa modalidade. Este est\u00e1gio realiza-se entre as 9h30 e as 12h do dia 5 de maio, no Pavilh\u00e3o do Cani\u00e7o, com aulas de todos os estilos de Karate com representa\u00e7\u00e3o<\/p>\n<p class=\"more-link\"><a href=\"https:\/\/www.akram.pt\/web\/2018\/04\/estagio-de-homenagem-sensei-manuel-mendonca\/\" class=\"themebutton\">Read More<\/a><\/p>\n","protected":false},"author":2,"featured_media":1021,"comment_status":"closed","ping_status":"open","sticky":false,"template":"","format":"standard","meta":{"_crdt_document":"","_jetpack_memberships_contains_paid_content":false,"footnotes":""},"categories":[7,4],"tags":[],"class_list":["post-1022","post","type-post","status-publish","format-standard","has-post-thumbnail","hentry","category-actividades","category-noticias"],"jetpack_featured_media_url":"https:\/\/i0.wp.com\/www.akram.pt\/web\/wp-content\/uploads\/2018\/04\/img_0725.jpg?fit=2048%2C915&ssl=1","jetpack_sharing_enabled":true,"_links":{"self":[{"href":"https:\/\/www.akram.pt\/web\/wp-json\/wp\/v2\/posts\/1022","targetHints":{"allow":["GET"]}}],"collection":[{"href":"https:\/\/www.akram.pt\/web\/wp-json\/wp\/v2\/posts"}],"about":[{"href":"https:\/\/www.akram.pt\/web\/wp-json\/wp\/v2\/types\/post"}],"author":[{"embeddable":true,"href":"https:\/\/www.akram.pt\/web\/wp-json\/wp\/v2\/users\/2"}],"replies":[{"embeddable":true,"href":"https:\/\/www.akram.pt\/web\/wp-json\/wp\/v2\/comments?post=1022"}],"version-history":[{"count":0,"href":"https:\/\/www.akram.pt\/web\/wp-json\/wp\/v2\/posts\/1022\/revisions"}],"wp:featuredmedia":[{"embeddable":true,"href":"https:\/\/www.akram.pt\/web\/wp-json\/wp\/v2\/media\/1021"}],"wp:attachment":[{"href":"https:\/\/www.akram.pt\/web\/wp-json\/wp\/v2\/media?parent=1022"}],"wp:term":[{"taxonomy":"category","embeddable":true,"href":"https:\/\/www.akram.pt\/web\/wp-json\/wp\/v2\/categories?post=1022"},{"taxonomy":"post_tag","embeddable":true,"href":"https:\/\/www.akram.pt\/web\/wp-json\/wp\/v2\/tags?post=1022"}],"curies":[{"name":"wp","href":"https:\/\/api.w.org\/{rel}","templated":true}]}}