{"id":1025,"date":"2018-05-06T10:59:14","date_gmt":"2018-05-06T10:59:14","guid":{"rendered":"http:\/\/www.akram.pt\/web\/2018\/05\/estagio-de-homenagem-sensei-manuel-norberto-teixeira-mendonca\/"},"modified":"2018-05-06T22:15:36","modified_gmt":"2018-05-06T22:15:36","slug":"estagio-de-homenagem-sensei-manuel-norberto-teixeira-mendonca","status":"publish","type":"post","link":"https:\/\/www.akram.pt\/web\/2018\/05\/estagio-de-homenagem-sensei-manuel-norberto-teixeira-mendonca\/","title":{"rendered":"Est\u00e1gio de Homenagem Sensei Manuel Norberto Teixeira Mendon\u00e7a"},"content":{"rendered":"<p>A Associa\u00e7\u00e3o de Karate da Regi\u00e3o Aut\u00f3noma da Madeira, organizou no passado dia 05 de Maio, um est\u00e1gio de homenagem ao falecido Sensei Manuel Mendon\u00e7a, Praticante de Karate durante mais de 33 anos.<\/p>\n<p>Para al\u00e9m dos familiares do homenageado, estiveram presentes no pavilh\u00e3o do Cani\u00e7o, mais de 130 praticantes.<\/p>\n<p><a href=\"https:\/\/i0.wp.com\/www.akram.pt\/web\/wp-content\/uploads\/2018\/05\/img_0741.jpg\" rel=\"lightbox[1025]\"><img data-recalc-dims=\"1\" loading=\"lazy\" decoding=\"async\" data-attachment-id=\"1023\" data-permalink=\"https:\/\/www.akram.pt\/web\/2018\/05\/estagio-de-homenagem-sensei-manuel-norberto-teixeira-mendonca\/img_0741\/#main\" data-orig-file=\"https:\/\/i0.wp.com\/www.akram.pt\/web\/wp-content\/uploads\/2018\/05\/img_0741.jpg?fit=2048%2C1627&amp;ssl=1\" data-orig-size=\"2048,1627\" data-comments-opened=\"0\" data-image-meta=\"{&quot;aperture&quot;:&quot;0&quot;,&quot;credit&quot;:&quot;&quot;,&quot;camera&quot;:&quot;&quot;,&quot;caption&quot;:&quot;&quot;,&quot;created_timestamp&quot;:&quot;0&quot;,&quot;copyright&quot;:&quot;&quot;,&quot;focal_length&quot;:&quot;0&quot;,&quot;iso&quot;:&quot;0&quot;,&quot;shutter_speed&quot;:&quot;0&quot;,&quot;title&quot;:&quot;&quot;,&quot;orientation&quot;:&quot;1&quot;}\" data-image-title=\"Entrega de Salva de Prata\" data-image-description=\"\" data-image-caption=\"\" data-large-file=\"https:\/\/i0.wp.com\/www.akram.pt\/web\/wp-content\/uploads\/2018\/05\/img_0741.jpg?fit=1024%2C814&amp;ssl=1\" class=\"aligncenter size-medium wp-image-1023\" src=\"https:\/\/i0.wp.com\/www.akram.pt\/web\/wp-content\/uploads\/2018\/05\/img_0741-300x238.jpg?resize=300%2C238\" alt=\"\" width=\"300\" height=\"238\" srcset=\"https:\/\/i0.wp.com\/www.akram.pt\/web\/wp-content\/uploads\/2018\/05\/img_0741.jpg?resize=300%2C238&amp;ssl=1 300w, https:\/\/i0.wp.com\/www.akram.pt\/web\/wp-content\/uploads\/2018\/05\/img_0741.jpg?resize=768%2C610&amp;ssl=1 768w, https:\/\/i0.wp.com\/www.akram.pt\/web\/wp-content\/uploads\/2018\/05\/img_0741.jpg?resize=1024%2C814&amp;ssl=1 1024w, https:\/\/i0.wp.com\/www.akram.pt\/web\/wp-content\/uploads\/2018\/05\/img_0741.jpg?w=2048&amp;ssl=1 2048w\" sizes=\"auto, (max-width: 300px) 100vw, 300px\" \/><\/a><\/p>\n<p>Marcaram tamb\u00e9m presen\u00e7a v\u00e1rias entidades oficiais, nomeadamente o Dr. David Gomes em representa\u00e7\u00e3o do Governo Regional da Madeira, o Presidente da Mesa da Assembleia Geral da Associa\u00e7\u00e3o de Karate da Regi\u00e3o Aut\u00f3noma da Madeira Dr. Joaquim Silva, o Vereador do Desporto da C\u00e2mara Municipal de Santa Cruz Dr. Jaime Silva e o Dr. Marco Freitas em representa\u00e7\u00e3o da Junta de Freguesia do Cani\u00e7o.<\/p>\n<p>A cerim\u00f3nia de homenagem iniciou com o discurso do Presidente da Dire\u00e7\u00e3o da Associa\u00e7\u00e3o de Karate da Regi\u00e3o Aut\u00f3noma da Madeira, seguindo-se da entrega de uma salva em prata ao Sr. Artur Mendon\u00e7a, filho do Sensei Manuel Mendon\u00e7a, como forma simb\u00f3lica de agradecimento por toda a dedica\u00e7\u00e3o \u00e0 modalidade ao longo da sua vida.<\/p>\n<p>Foi concretizado um minuto de silencio em mem\u00f3ria do Sensei Manuel Mendon\u00e7a e em seguida oferecida a foto em lona do homenageado aos familiares.<\/p>\n<p>Este est\u00e1gio foi simultaneamente \u201cSolid\u00e1rio\u201d, pois os participantes contribu\u00edram com a entrega de um alimento, contributos estes que foram doados \u00e0 institui\u00e7\u00e3o IGREJA PAROQUIAL DA NAZAR\u00c9, que d\u00e1 apoio mensal a v\u00e1rias fam\u00edlias carenciadas.<\/p>\n<p>A AKRAM agradece aos instrutores Carla Correia (CDSR), Miguel Vieira (CDEBSSC), Ricardo Gomes (CNF), Bruno Menezes (CNF), Jorge Freitas (ASKKSA) e Rafael Jardim (ASKKSA), que orientaram o est\u00e1gio de uma forma muito acolhedora e empenhada.<\/p>\n<p>Um agradecimento tamb\u00e9m a todos os participantes por terem contribu\u00eddo com um alimento para ajudar os mais carenciados.<\/p>\n<p>\u201cComo todos n\u00f3s karatecas, o Sensei Manuel Mendon\u00e7a iniciou esta modalidade como praticante. Iniciou a pr\u00e1tica do karate aos seus 45 anos. Algumas pessoas poder\u00e3o pensar que iniciou a modalidade tarde, no entanto a sua dedica\u00e7\u00e3o ao longo de 33 anos a esta modalidade \u00e9 uma prova inequ\u00edvoca que o karate, \u00e9 para todos e para todas as idades, desde a tenra idade at\u00e9 ao fim das nossas vidas.<\/p>\n<p>O Sensei Manuel Mendon\u00e7a dedicou-se ao karate de corpo e alma, para al\u00e9m de praticante, foi Treinador, Juiz Nacional, assim como ocupou v\u00e1rios cargos de dirigente ao longo da sua vida.<\/p>\n<p>Foi dirigente na Assembleia Geral e Dire\u00e7\u00e3o da AKRAM, assim como, tamb\u00e9m representou v\u00e1rios clubes desta regi\u00e3o, tais como: Centro de Cultura e Recreio Pontassolense, Karate Clube Madeira (No qual chegou a ser Presidente), Grupo Desportivo Alma Lusa, Club Sport Mar\u00edtimo, Associa\u00e7\u00e3o Desportiva de Machico e por fim o Clube Desportivo Escola B\u00e1sica e Secund\u00e1ria de Santa Cruz.<\/p>\n<p>A bom tempo foi a AKRAM e toda a comunidade karateca, quando o Sensei Manuel Mendon\u00e7a foi congratulado com a MEDALHA DE M\u00c9RITO ainda em vida, na Assembleia Geral da AKRAM em Julho de 2014.<\/p>\n<p>Apesar de todas estas fun\u00e7\u00f5es, o Sensei Manuel Mendon\u00e7a gostava de treinar\u2026praticou os estilos shotokai e shotokan.<\/p>\n<p>Pessoalmente tive o privil\u00e9gio de treinar com o Sensei Mendon\u00e7a em v\u00e1rios eventos organizados pela AKRAM, assim como testemunhei na primeira pessoa o seu Exame de Gradua\u00e7\u00e3o para 3\u00ba DAN que realizou aos seus 72 anos. Foi de facto um prazer ter treinado com o Sensei Mendon\u00e7a para aquele exame, juntamente com o Sensei Miguel Vieira, o \u00faltimo treinador que acompanhou o Sensei Mendon\u00e7a na sua vida de Karateca\u2026<\/p>\n<p>O Sensei Mendon\u00e7a, foi sempre um exemplo para os mais novos\u2026 mesmo com as suas dificuldades f\u00edsicas e a sua idade avan\u00e7ada, nunca rejeitava um treino, uma forma\u00e7\u00e3o, um est\u00e1gio, estava sem l\u00e1\u2026<\/p>\n<p>Os mais novos devem olhar para este exemplo e refletir&#8230; sobre o que \u00e9 dedica\u00e7\u00e3o, entrega e vontade de ajudar uma modalidade\u2026<\/p>\n<p>\u00c9 por isso que a nossa modalidade \u00e9 uma arte marcial, mas ao mesmo tempo \u00e9 tamb\u00e9m modalidade desportiva, assim como \u00e9 uma modalidade que educa a nossa sociedade pelos bons exemplos.<\/p>\n<p>Obrigado Sensei Mendon\u00e7a!\u201d<\/p>\n<p>Samuel Ch\u00edcharo<\/p>\n<p>Presidente da Dire\u00e7\u00e3o da AKRAM<\/p>\n<p>05 de maio de 2018<\/p>\n","protected":false},"excerpt":{"rendered":"<p>A Associa\u00e7\u00e3o de Karate da Regi\u00e3o Aut\u00f3noma da Madeira, organizou no passado dia 05 de Maio, um est\u00e1gio de homenagem ao falecido Sensei Manuel Mendon\u00e7a, Praticante de Karate durante mais de 33 anos. Para al\u00e9m dos familiares do homenageado, estiveram presentes no pavilh\u00e3o do Cani\u00e7o, mais de 130 praticantes. Marcaram tamb\u00e9m presen\u00e7a v\u00e1rias entidades oficiais,<\/p>\n<p class=\"more-link\"><a href=\"https:\/\/www.akram.pt\/web\/2018\/05\/estagio-de-homenagem-sensei-manuel-norberto-teixeira-mendonca\/\" class=\"themebutton\">Read More<\/a><\/p>\n","protected":false},"author":2,"featured_media":1021,"comment_status":"closed","ping_status":"open","sticky":false,"template":"","format":"standard","meta":{"_crdt_document":"","_jetpack_memberships_contains_paid_content":false,"footnotes":""},"categories":[7,4],"tags":[],"class_list":["post-1025","post","type-post","status-publish","format-standard","has-post-thumbnail","hentry","category-actividades","category-noticias"],"jetpack_featured_media_url":"https:\/\/i0.wp.com\/www.akram.pt\/web\/wp-content\/uploads\/2018\/04\/img_0725.jpg?fit=2048%2C915&ssl=1","jetpack_sharing_enabled":true,"_links":{"self":[{"href":"https:\/\/www.akram.pt\/web\/wp-json\/wp\/v2\/posts\/1025","targetHints":{"allow":["GET"]}}],"collection":[{"href":"https:\/\/www.akram.pt\/web\/wp-json\/wp\/v2\/posts"}],"about":[{"href":"https:\/\/www.akram.pt\/web\/wp-json\/wp\/v2\/types\/post"}],"author":[{"embeddable":true,"href":"https:\/\/www.akram.pt\/web\/wp-json\/wp\/v2\/users\/2"}],"replies":[{"embeddable":true,"href":"https:\/\/www.akram.pt\/web\/wp-json\/wp\/v2\/comments?post=1025"}],"version-history":[{"count":0,"href":"https:\/\/www.akram.pt\/web\/wp-json\/wp\/v2\/posts\/1025\/revisions"}],"wp:featuredmedia":[{"embeddable":true,"href":"https:\/\/www.akram.pt\/web\/wp-json\/wp\/v2\/media\/1021"}],"wp:attachment":[{"href":"https:\/\/www.akram.pt\/web\/wp-json\/wp\/v2\/media?parent=1025"}],"wp:term":[{"taxonomy":"category","embeddable":true,"href":"https:\/\/www.akram.pt\/web\/wp-json\/wp\/v2\/categories?post=1025"},{"taxonomy":"post_tag","embeddable":true,"href":"https:\/\/www.akram.pt\/web\/wp-json\/wp\/v2\/tags?post=1025"}],"curies":[{"name":"wp","href":"https:\/\/api.w.org\/{rel}","templated":true}]}}