{"id":1034,"date":"2018-05-16T22:43:04","date_gmt":"2018-05-16T22:43:04","guid":{"rendered":"http:\/\/www.akram.pt\/web\/2018\/05\/campeonato-nacional-de-infantis-iniciados-e-juvenis-de-karate-2018\/"},"modified":"2018-05-16T22:46:15","modified_gmt":"2018-05-16T22:46:15","slug":"campeonato-nacional-de-infantis-iniciados-e-juvenis-de-karate-2018","status":"publish","type":"post","link":"https:\/\/www.akram.pt\/web\/2018\/05\/campeonato-nacional-de-infantis-iniciados-e-juvenis-de-karate-2018\/","title":{"rendered":"Campeonato Nacional de Infantis, Iniciados e Juvenis de Karate &#8211; 2018"},"content":{"rendered":"<p>No pr\u00f3ximo fim de semana, dia 19 de maio, no Pavilh\u00e3o Municipal da P\u00f3voa de Varzim decorrer\u00e1 o campeonato que ir\u00e1 determinar os campe\u00f5es nacionais nos escal\u00f5es de infantis, iniciados e juvenis nas vertentes de kata e kumite.<\/p>\n<p><a href=\"https:\/\/i0.wp.com\/www.akram.pt\/web\/wp-content\/uploads\/2018\/05\/img_0744-1.jpg\" rel=\"lightbox[1034]\"><img data-recalc-dims=\"1\" loading=\"lazy\" decoding=\"async\" data-attachment-id=\"1033\" data-permalink=\"https:\/\/www.akram.pt\/web\/2018\/05\/campeonato-nacional-de-infantis-iniciados-e-juvenis-de-karate-2018\/img_0744-1\/#main\" data-orig-file=\"https:\/\/i0.wp.com\/www.akram.pt\/web\/wp-content\/uploads\/2018\/05\/img_0744-1.jpg?fit=2483%2C3509&amp;ssl=1\" data-orig-size=\"2483,3509\" data-comments-opened=\"0\" data-image-meta=\"{&quot;aperture&quot;:&quot;0&quot;,&quot;credit&quot;:&quot;&quot;,&quot;camera&quot;:&quot;&quot;,&quot;caption&quot;:&quot;&quot;,&quot;created_timestamp&quot;:&quot;0&quot;,&quot;copyright&quot;:&quot;&quot;,&quot;focal_length&quot;:&quot;0&quot;,&quot;iso&quot;:&quot;0&quot;,&quot;shutter_speed&quot;:&quot;0&quot;,&quot;title&quot;:&quot;&quot;,&quot;orientation&quot;:&quot;1&quot;}\" data-image-title=\"img_0744-1\" data-image-description=\"\" data-image-caption=\"\" data-large-file=\"https:\/\/i0.wp.com\/www.akram.pt\/web\/wp-content\/uploads\/2018\/05\/img_0744-1.jpg?fit=725%2C1024&amp;ssl=1\" class=\"aligncenter size-medium wp-image-1033\" src=\"https:\/\/i0.wp.com\/www.akram.pt\/web\/wp-content\/uploads\/2018\/05\/img_0744-1-212x300.jpg?resize=212%2C300\" alt=\"\" width=\"212\" height=\"300\" srcset=\"https:\/\/i0.wp.com\/www.akram.pt\/web\/wp-content\/uploads\/2018\/05\/img_0744-1.jpg?resize=212%2C300&amp;ssl=1 212w, https:\/\/i0.wp.com\/www.akram.pt\/web\/wp-content\/uploads\/2018\/05\/img_0744-1.jpg?resize=768%2C1085&amp;ssl=1 768w, https:\/\/i0.wp.com\/www.akram.pt\/web\/wp-content\/uploads\/2018\/05\/img_0744-1.jpg?resize=725%2C1024&amp;ssl=1 725w, https:\/\/i0.wp.com\/www.akram.pt\/web\/wp-content\/uploads\/2018\/05\/img_0744-1.jpg?w=2340&amp;ssl=1 2340w\" sizes=\"auto, (max-width: 212px) 100vw, 212px\" \/><\/a><\/p>\n<p>A Associa\u00e7\u00e3o de karate da Regi\u00e3o Aut\u00f3noma da Madeira ir\u00e1 marcar presen\u00e7a fazendo-se representar por seis clubes da regi\u00e3o, o Clube Karat\u00e9 do Cani\u00e7o, o Clube desportivo de S\u00e3o Roque, a Associa\u00e7\u00e3o Desportiva de Machico, o Clube Naval do Funchal o Clube Desportivo Escola B\u00e1sica e Secund\u00e1ria de Santa Cruz e a Associa\u00e7\u00e3o de Shotokan, Karat\u00e9 Kokusai de Santo Ant\u00f3nio.<\/p>\n<p>No escal\u00e3o de infantis ir\u00e3o participar os karatecas da ASKKSA Diana Freitas, Tom\u00e1s Freitas e Gon\u00e7alo Coelho, do CDSR a Mafalda Gon\u00e7alves a In\u00eas Aguiar e a Ana Oliveira.<\/p>\n<p>Do CKC, no escal\u00e3o de iniciados a karateca Ana Coelho, Jo\u00e3o Moreira, Louren\u00e7o Sousa, Tiago Pestana iram representar o CKC, o Rodrigo Vasconcelos do CNF e da ASKKSA o \u00c9ric Pilco, Francisco Sousa, Renata Evangelista e Nadja Pilco ser\u00e3o os protagonistas na conquista do p\u00f3dio.<\/p>\n<p>Os karatecas mais experientes do escal\u00e3o juvenil, o Bartolomeu Batista a Margarida Teles do CKC, O Bernardo Lopes, Francisco Ferreira, Gon\u00e7alo Pilco, Beatriz Martins, Catarina Trindade da ASKKSA, o Jo\u00e3o Nunes e Gabriel Ferreira do CDEBSSC, o Pedro Rodrigues e Carlota Sargo da ADM e o Lucas Oliveira e o Jo\u00e3o Castro do CNF ser\u00e3o os \u00faltimos a entrar em prova e a tentar alcan\u00e7ar os primeiros lugares da classifica\u00e7\u00e3o.<\/p>\n<p>A acompanhar a comitiva iram os treinadores Bruno Menezes CNF, Rafael Jardim ASKKSA, Carla Correia CDSR, Miguel Vieira CDEBSSC, Marisa Gomes CHF e Jorge Freitas CSM, uma t\u00e9cnica de arbitragem Teresa Pilco e o dirigente Samuel Ch\u00edcharo.<\/p>\n","protected":false},"excerpt":{"rendered":"<p>No pr\u00f3ximo fim de semana, dia 19 de maio, no Pavilh\u00e3o Municipal da P\u00f3voa de Varzim decorrer\u00e1 o campeonato que ir\u00e1 determinar os campe\u00f5es nacionais nos escal\u00f5es de infantis, iniciados e juvenis nas vertentes de kata e kumite. A Associa\u00e7\u00e3o de karate da Regi\u00e3o Aut\u00f3noma da Madeira ir\u00e1 marcar presen\u00e7a fazendo-se representar por seis clubes<\/p>\n<p class=\"more-link\"><a href=\"https:\/\/www.akram.pt\/web\/2018\/05\/campeonato-nacional-de-infantis-iniciados-e-juvenis-de-karate-2018\/\" class=\"themebutton\">Read More<\/a><\/p>\n","protected":false},"author":2,"featured_media":1033,"comment_status":"closed","ping_status":"open","sticky":false,"template":"","format":"standard","meta":{"_crdt_document":"","_jetpack_memberships_contains_paid_content":false,"footnotes":""},"categories":[4],"tags":[],"class_list":["post-1034","post","type-post","status-publish","format-standard","has-post-thumbnail","hentry","category-noticias"],"jetpack_featured_media_url":"https:\/\/i0.wp.com\/www.akram.pt\/web\/wp-content\/uploads\/2018\/05\/img_0744-1.jpg?fit=2483%2C3509&ssl=1","jetpack_sharing_enabled":true,"_links":{"self":[{"href":"https:\/\/www.akram.pt\/web\/wp-json\/wp\/v2\/posts\/1034","targetHints":{"allow":["GET"]}}],"collection":[{"href":"https:\/\/www.akram.pt\/web\/wp-json\/wp\/v2\/posts"}],"about":[{"href":"https:\/\/www.akram.pt\/web\/wp-json\/wp\/v2\/types\/post"}],"author":[{"embeddable":true,"href":"https:\/\/www.akram.pt\/web\/wp-json\/wp\/v2\/users\/2"}],"replies":[{"embeddable":true,"href":"https:\/\/www.akram.pt\/web\/wp-json\/wp\/v2\/comments?post=1034"}],"version-history":[{"count":0,"href":"https:\/\/www.akram.pt\/web\/wp-json\/wp\/v2\/posts\/1034\/revisions"}],"wp:featuredmedia":[{"embeddable":true,"href":"https:\/\/www.akram.pt\/web\/wp-json\/wp\/v2\/media\/1033"}],"wp:attachment":[{"href":"https:\/\/www.akram.pt\/web\/wp-json\/wp\/v2\/media?parent=1034"}],"wp:term":[{"taxonomy":"category","embeddable":true,"href":"https:\/\/www.akram.pt\/web\/wp-json\/wp\/v2\/categories?post=1034"},{"taxonomy":"post_tag","embeddable":true,"href":"https:\/\/www.akram.pt\/web\/wp-json\/wp\/v2\/tags?post=1034"}],"curies":[{"name":"wp","href":"https:\/\/api.w.org\/{rel}","templated":true}]}}