{"id":1038,"date":"2018-05-17T20:12:59","date_gmt":"2018-05-17T20:12:59","guid":{"rendered":"http:\/\/www.akram.pt\/web\/?p=1038"},"modified":"2018-05-22T21:57:16","modified_gmt":"2018-05-22T21:57:16","slug":"acao-de-formacao-com-sensei-joaquim-goncalves","status":"publish","type":"post","link":"https:\/\/www.akram.pt\/web\/2018\/05\/acao-de-formacao-com-sensei-joaquim-goncalves\/","title":{"rendered":"A\u00e7\u00e3o de Forma\u00e7\u00e3o com Selecionador Nacional Sensei Joaquim Gon\u00e7alves"},"content":{"rendered":"<p>Nos pr\u00f3ximos dias 1 a 3 de junho realiza-se a A\u00e7\u00e3o de Forma\u00e7\u00e3o com o Selecionador Nacional Sensei Joaquim Gon\u00e7alves entitulada &#8220;Sistemiza\u00e7\u00e3o Shiai Kata &#8211; Kumite &#8211; Escal\u00f5es de Forma\u00e7\u00e3o e Alto Rendimento&#8221;.<\/p>\n<p><a href=\"https:\/\/i0.wp.com\/www.akram.pt\/web\/wp-content\/uploads\/2018\/05\/Acao_de_Formacao_Estagio_Regional_Joaquim_Goncalves_2018.jpg\" rel=\"lightbox[1038]\"><img data-recalc-dims=\"1\" loading=\"lazy\" decoding=\"async\" data-attachment-id=\"1037\" data-permalink=\"https:\/\/www.akram.pt\/web\/2018\/05\/acao-de-formacao-com-sensei-joaquim-goncalves\/acao_de_formacao_estagio_regional_joaquim_goncalves_2018\/#main\" data-orig-file=\"https:\/\/i0.wp.com\/www.akram.pt\/web\/wp-content\/uploads\/2018\/05\/Acao_de_Formacao_Estagio_Regional_Joaquim_Goncalves_2018.jpg?fit=2121%2C3000&amp;ssl=1\" data-orig-size=\"2121,3000\" data-comments-opened=\"0\" data-image-meta=\"{&quot;aperture&quot;:&quot;0&quot;,&quot;credit&quot;:&quot;&quot;,&quot;camera&quot;:&quot;&quot;,&quot;caption&quot;:&quot;&quot;,&quot;created_timestamp&quot;:&quot;1448281229&quot;,&quot;copyright&quot;:&quot;&quot;,&quot;focal_length&quot;:&quot;0&quot;,&quot;iso&quot;:&quot;0&quot;,&quot;shutter_speed&quot;:&quot;0&quot;,&quot;title&quot;:&quot;&quot;,&quot;orientation&quot;:&quot;1&quot;}\" data-image-title=\"Acao_de_Formacao_Estagio_Regional_Joaquim_Goncalves_2018\" data-image-description=\"\" data-image-caption=\"\" data-large-file=\"https:\/\/i0.wp.com\/www.akram.pt\/web\/wp-content\/uploads\/2018\/05\/Acao_de_Formacao_Estagio_Regional_Joaquim_Goncalves_2018.jpg?fit=724%2C1024&amp;ssl=1\" class=\"aligncenter size-medium wp-image-1037\" src=\"https:\/\/i0.wp.com\/www.akram.pt\/web\/wp-content\/uploads\/2018\/05\/Acao_de_Formacao_Estagio_Regional_Joaquim_Goncalves_2018-212x300.jpg?resize=212%2C300\" alt=\"\" width=\"212\" height=\"300\" srcset=\"https:\/\/i0.wp.com\/www.akram.pt\/web\/wp-content\/uploads\/2018\/05\/Acao_de_Formacao_Estagio_Regional_Joaquim_Goncalves_2018.jpg?resize=212%2C300&amp;ssl=1 212w, https:\/\/i0.wp.com\/www.akram.pt\/web\/wp-content\/uploads\/2018\/05\/Acao_de_Formacao_Estagio_Regional_Joaquim_Goncalves_2018.jpg?resize=768%2C1086&amp;ssl=1 768w, https:\/\/i0.wp.com\/www.akram.pt\/web\/wp-content\/uploads\/2018\/05\/Acao_de_Formacao_Estagio_Regional_Joaquim_Goncalves_2018.jpg?resize=724%2C1024&amp;ssl=1 724w\" sizes=\"auto, (max-width: 212px) 100vw, 212px\" \/><\/a><\/p>\n<p>O est\u00e1gio ir\u00e1 se realizar no Pavilh\u00e3o do Cani\u00e7o.<\/p>\n<p><a href=\"http:\/\/www.akram.pt\/web\/wp-content\/uploads\/2018\/05\/Programa_Estagio_de_Formacao_Joaquim_Goncalves_2018.pdf\">Consulte aqui o programa desta forma\u00e7\u00e3o.<\/a><\/p>\n","protected":false},"excerpt":{"rendered":"<p>Nos pr\u00f3ximos dias 1 a 3 de junho realiza-se a A\u00e7\u00e3o de Forma\u00e7\u00e3o com o Selecionador Nacional Sensei Joaquim Gon\u00e7alves entitulada &#8220;Sistemiza\u00e7\u00e3o Shiai Kata &#8211; Kumite &#8211; Escal\u00f5es de Forma\u00e7\u00e3o e Alto Rendimento&#8221;. O est\u00e1gio ir\u00e1 se realizar no Pavilh\u00e3o do Cani\u00e7o. Consulte aqui o programa desta forma\u00e7\u00e3o.<\/p>\n","protected":false},"author":2,"featured_media":1037,"comment_status":"closed","ping_status":"open","sticky":false,"template":"","format":"standard","meta":{"_crdt_document":"","_jetpack_memberships_contains_paid_content":false,"footnotes":""},"categories":[7,4],"tags":[],"class_list":["post-1038","post","type-post","status-publish","format-standard","has-post-thumbnail","hentry","category-actividades","category-noticias"],"jetpack_featured_media_url":"https:\/\/i0.wp.com\/www.akram.pt\/web\/wp-content\/uploads\/2018\/05\/Acao_de_Formacao_Estagio_Regional_Joaquim_Goncalves_2018.jpg?fit=2121%2C3000&ssl=1","jetpack_sharing_enabled":true,"_links":{"self":[{"href":"https:\/\/www.akram.pt\/web\/wp-json\/wp\/v2\/posts\/1038","targetHints":{"allow":["GET"]}}],"collection":[{"href":"https:\/\/www.akram.pt\/web\/wp-json\/wp\/v2\/posts"}],"about":[{"href":"https:\/\/www.akram.pt\/web\/wp-json\/wp\/v2\/types\/post"}],"author":[{"embeddable":true,"href":"https:\/\/www.akram.pt\/web\/wp-json\/wp\/v2\/users\/2"}],"replies":[{"embeddable":true,"href":"https:\/\/www.akram.pt\/web\/wp-json\/wp\/v2\/comments?post=1038"}],"version-history":[{"count":0,"href":"https:\/\/www.akram.pt\/web\/wp-json\/wp\/v2\/posts\/1038\/revisions"}],"wp:featuredmedia":[{"embeddable":true,"href":"https:\/\/www.akram.pt\/web\/wp-json\/wp\/v2\/media\/1037"}],"wp:attachment":[{"href":"https:\/\/www.akram.pt\/web\/wp-json\/wp\/v2\/media?parent=1038"}],"wp:term":[{"taxonomy":"category","embeddable":true,"href":"https:\/\/www.akram.pt\/web\/wp-json\/wp\/v2\/categories?post=1038"},{"taxonomy":"post_tag","embeddable":true,"href":"https:\/\/www.akram.pt\/web\/wp-json\/wp\/v2\/tags?post=1038"}],"curies":[{"name":"wp","href":"https:\/\/api.w.org\/{rel}","templated":true}]}}