{"id":1051,"date":"2018-05-22T21:47:26","date_gmt":"2018-05-22T21:47:26","guid":{"rendered":"http:\/\/www.akram.pt\/web\/?p=1051"},"modified":"2018-06-21T21:32:11","modified_gmt":"2018-06-21T21:32:11","slug":"1051-acao-formacao-teorico-pratica-iii","status":"publish","type":"post","link":"https:\/\/www.akram.pt\/web\/2018\/05\/1051-acao-formacao-teorico-pratica-iii\/","title":{"rendered":"A\u00e7\u00e3o de Forma\u00e7\u00e3o Te\u00f3rico-Pratica III"},"content":{"rendered":"<p>Nos pr\u00f3ximos dias 23 e 24 de junho realiza-se a A\u00e7\u00e3o de Forma\u00e7\u00e3o Te\u00f3rico-Pratica III com o Sensei Jos\u00e9 Ramos.<\/p>\n<p><a href=\"https:\/\/i0.wp.com\/www.akram.pt\/web\/wp-content\/uploads\/2018\/05\/Cartaz_AcaoFormacao_III_Sensei_Ramos_2017_18.jpg\" rel=\"lightbox[1051]\"><img data-recalc-dims=\"1\" loading=\"lazy\" decoding=\"async\" data-attachment-id=\"1052\" data-permalink=\"https:\/\/www.akram.pt\/web\/2018\/05\/1051-acao-formacao-teorico-pratica-iii\/cartaz_acaoformacao_iii_sensei_ramos_2017_18\/#main\" data-orig-file=\"https:\/\/i0.wp.com\/www.akram.pt\/web\/wp-content\/uploads\/2018\/05\/Cartaz_AcaoFormacao_III_Sensei_Ramos_2017_18.jpg?fit=2121%2C3000&amp;ssl=1\" data-orig-size=\"2121,3000\" data-comments-opened=\"0\" data-image-meta=\"{&quot;aperture&quot;:&quot;0&quot;,&quot;credit&quot;:&quot;&quot;,&quot;camera&quot;:&quot;&quot;,&quot;caption&quot;:&quot;&quot;,&quot;created_timestamp&quot;:&quot;1521300892&quot;,&quot;copyright&quot;:&quot;&quot;,&quot;focal_length&quot;:&quot;0&quot;,&quot;iso&quot;:&quot;0&quot;,&quot;shutter_speed&quot;:&quot;0&quot;,&quot;title&quot;:&quot;&quot;,&quot;orientation&quot;:&quot;1&quot;}\" data-image-title=\"Cartaz_AcaoFormacao_III_Sensei_Ramos_2017_18\" data-image-description=\"\" data-image-caption=\"\" data-large-file=\"https:\/\/i0.wp.com\/www.akram.pt\/web\/wp-content\/uploads\/2018\/05\/Cartaz_AcaoFormacao_III_Sensei_Ramos_2017_18.jpg?fit=724%2C1024&amp;ssl=1\" class=\"aligncenter size-medium wp-image-1052\" src=\"https:\/\/i0.wp.com\/www.akram.pt\/web\/wp-content\/uploads\/2018\/05\/Cartaz_AcaoFormacao_III_Sensei_Ramos_2017_18-212x300.jpg?resize=212%2C300\" alt=\"\" width=\"212\" height=\"300\" srcset=\"https:\/\/i0.wp.com\/www.akram.pt\/web\/wp-content\/uploads\/2018\/05\/Cartaz_AcaoFormacao_III_Sensei_Ramos_2017_18.jpg?resize=212%2C300&amp;ssl=1 212w, https:\/\/i0.wp.com\/www.akram.pt\/web\/wp-content\/uploads\/2018\/05\/Cartaz_AcaoFormacao_III_Sensei_Ramos_2017_18.jpg?resize=768%2C1086&amp;ssl=1 768w, https:\/\/i0.wp.com\/www.akram.pt\/web\/wp-content\/uploads\/2018\/05\/Cartaz_AcaoFormacao_III_Sensei_Ramos_2017_18.jpg?resize=724%2C1024&amp;ssl=1 724w\" sizes=\"auto, (max-width: 212px) 100vw, 212px\" \/><\/a><\/p>\n<p>Consulte <a href=\"http:\/\/www.akram.pt\/web\/wp-content\/uploads\/2018\/05\/Horarios_Estagio_Sensei_Ramos_201806.pdf\">aqui o programa do evento<\/a>.<\/p>\n","protected":false},"excerpt":{"rendered":"<p>Nos pr\u00f3ximos dias 23 e 24 de junho realiza-se a A\u00e7\u00e3o de Forma\u00e7\u00e3o Te\u00f3rico-Pratica III com o Sensei Jos\u00e9 Ramos. Consulte aqui o programa do evento.<\/p>\n","protected":false},"author":2,"featured_media":1052,"comment_status":"closed","ping_status":"open","sticky":false,"template":"","format":"standard","meta":{"_crdt_document":"","_jetpack_memberships_contains_paid_content":false,"footnotes":""},"categories":[7,4],"tags":[],"class_list":["post-1051","post","type-post","status-publish","format-standard","has-post-thumbnail","hentry","category-actividades","category-noticias"],"jetpack_featured_media_url":"https:\/\/i0.wp.com\/www.akram.pt\/web\/wp-content\/uploads\/2018\/05\/Cartaz_AcaoFormacao_III_Sensei_Ramos_2017_18.jpg?fit=2121%2C3000&ssl=1","jetpack_sharing_enabled":true,"_links":{"self":[{"href":"https:\/\/www.akram.pt\/web\/wp-json\/wp\/v2\/posts\/1051","targetHints":{"allow":["GET"]}}],"collection":[{"href":"https:\/\/www.akram.pt\/web\/wp-json\/wp\/v2\/posts"}],"about":[{"href":"https:\/\/www.akram.pt\/web\/wp-json\/wp\/v2\/types\/post"}],"author":[{"embeddable":true,"href":"https:\/\/www.akram.pt\/web\/wp-json\/wp\/v2\/users\/2"}],"replies":[{"embeddable":true,"href":"https:\/\/www.akram.pt\/web\/wp-json\/wp\/v2\/comments?post=1051"}],"version-history":[{"count":0,"href":"https:\/\/www.akram.pt\/web\/wp-json\/wp\/v2\/posts\/1051\/revisions"}],"wp:featuredmedia":[{"embeddable":true,"href":"https:\/\/www.akram.pt\/web\/wp-json\/wp\/v2\/media\/1052"}],"wp:attachment":[{"href":"https:\/\/www.akram.pt\/web\/wp-json\/wp\/v2\/media?parent=1051"}],"wp:term":[{"taxonomy":"category","embeddable":true,"href":"https:\/\/www.akram.pt\/web\/wp-json\/wp\/v2\/categories?post=1051"},{"taxonomy":"post_tag","embeddable":true,"href":"https:\/\/www.akram.pt\/web\/wp-json\/wp\/v2\/tags?post=1051"}],"curies":[{"name":"wp","href":"https:\/\/api.w.org\/{rel}","templated":true}]}}