{"id":1068,"date":"2018-05-29T19:28:00","date_gmt":"2018-05-29T19:28:00","guid":{"rendered":"http:\/\/www.akram.pt\/web\/?p=1068"},"modified":"2018-06-05T20:55:52","modified_gmt":"2018-06-05T20:55:52","slug":"madeirenses-atingem-podio-no-npk-2018","status":"publish","type":"post","link":"https:\/\/www.akram.pt\/web\/2018\/05\/madeirenses-atingem-podio-no-npk-2018\/","title":{"rendered":"Madeirenses atingem p\u00f3dio no NPK 2018!"},"content":{"rendered":"<p>A Associa\u00e7\u00e3o de Karat\u00e9 da Regi\u00e3o Aut\u00f3noma da Madeira marcou presen\u00e7a no Torneio Internacional NPK 2018, no passado dia 26 de maio de 2018 no Centro de Desportos e Congressos de Matosinhos. Este grande evento foi organizado pelo N\u00facleo Portugu\u00eas de Karat\u00e9 em coopera\u00e7\u00e3o com a Federa\u00e7\u00e3o Nacional de Karat\u00e9 \u2013 Portugal e o munic\u00edpio de Matosinhos.<\/p>\n<p><a href=\"https:\/\/i0.wp.com\/www.akram.pt\/web\/wp-content\/uploads\/2018\/05\/npk-2018-kata.jpg\" rel=\"lightbox[1068]\"><img data-recalc-dims=\"1\" loading=\"lazy\" decoding=\"async\" data-attachment-id=\"1069\" data-permalink=\"https:\/\/www.akram.pt\/web\/2018\/05\/madeirenses-atingem-podio-no-npk-2018\/npk-2018-kata\/#main\" data-orig-file=\"https:\/\/i0.wp.com\/www.akram.pt\/web\/wp-content\/uploads\/2018\/05\/npk-2018-kata.jpg?fit=1024%2C768&amp;ssl=1\" data-orig-size=\"1024,768\" data-comments-opened=\"0\" data-image-meta=\"{&quot;aperture&quot;:&quot;0&quot;,&quot;credit&quot;:&quot;&quot;,&quot;camera&quot;:&quot;&quot;,&quot;caption&quot;:&quot;&quot;,&quot;created_timestamp&quot;:&quot;0&quot;,&quot;copyright&quot;:&quot;&quot;,&quot;focal_length&quot;:&quot;0&quot;,&quot;iso&quot;:&quot;0&quot;,&quot;shutter_speed&quot;:&quot;0&quot;,&quot;title&quot;:&quot;&quot;,&quot;orientation&quot;:&quot;0&quot;}\" data-image-title=\"npk-2018-kata\" data-image-description=\"\" data-image-caption=\"\" data-large-file=\"https:\/\/i0.wp.com\/www.akram.pt\/web\/wp-content\/uploads\/2018\/05\/npk-2018-kata.jpg?fit=1024%2C768&amp;ssl=1\" src=\"https:\/\/i0.wp.com\/www.akram.pt\/web\/wp-content\/uploads\/2018\/05\/npk-2018-kata-300x225.jpg?resize=300%2C225\" class=\"size-medium aligncenter wp-image-1069\" width=\"300\" height=\"225\" alt=\"\" srcset=\"https:\/\/i0.wp.com\/www.akram.pt\/web\/wp-content\/uploads\/2018\/05\/npk-2018-kata.jpg?resize=300%2C225&amp;ssl=1 300w, https:\/\/i0.wp.com\/www.akram.pt\/web\/wp-content\/uploads\/2018\/05\/npk-2018-kata.jpg?resize=768%2C576&amp;ssl=1 768w, https:\/\/i0.wp.com\/www.akram.pt\/web\/wp-content\/uploads\/2018\/05\/npk-2018-kata.jpg?w=1024&amp;ssl=1 1024w, https:\/\/i0.wp.com\/www.akram.pt\/web\/wp-content\/uploads\/2018\/05\/npk-2018-kata.jpg?resize=380%2C285&amp;ssl=1 380w, https:\/\/i0.wp.com\/www.akram.pt\/web\/wp-content\/uploads\/2018\/05\/npk-2018-kata.jpg?resize=285%2C214&amp;ssl=1 285w\" sizes=\"auto, (max-width: 300px) 100vw, 300px\" \/><\/a><\/p>\n<p>Os atletas participaram nas vertentes de Kata e Kumit\u00e9 de acordo com as suas categorias de peso e idade dos quais passamos a apresentar os resultados.<\/p>\n<p>Mateus Abreu Clube Karat\u00e9 Cani\u00e7o (CKC) em Kumit\u00e9 Cadete Maculino -61kg\u00a0alcan\u00e7a um brilhante 1\u00ba Lugar e David Moreira do mesmo clube em Kumite J\u00fanior Masculino -67kg\u00a0perde na final, ficando em 2\u00ba Lugar. Tamb\u00e9m em Kumit\u00e9, no escal\u00e3o Juvenil +48Kg, o atleta Jo\u00e3o Castro do Clube Naval do Funchal (CNF) atingiu o 3\u00ba lugar.<\/p>\n<p>Em kata, os atletas Jo\u00e3o Lopes\u00a0 e Francisco Lopes da Associa\u00e7\u00e3o Shotokan Kokusai Santo Antonio (ASKKSA) no escal\u00e3o Juvenil Masculino, Henrique Ferreira do CKC em Kata +16anos Masculino, Jo\u00e3o Casimiro da ASKKSA em Kata +16 anos Masculino e Beatriz Martins da ASKKSA em Kata Juvenil Feminino conseguiram o 3\u00ba lugar do p\u00f3dio!<\/p>\n<p><a href=\"https:\/\/i0.wp.com\/www.akram.pt\/web\/wp-content\/uploads\/2018\/05\/npk-2018-kumite.jpg\" rel=\"lightbox[1068]\"><img data-recalc-dims=\"1\" loading=\"lazy\" decoding=\"async\" data-attachment-id=\"1070\" data-permalink=\"https:\/\/www.akram.pt\/web\/2018\/05\/madeirenses-atingem-podio-no-npk-2018\/npk-2018-kumite\/#main\" data-orig-file=\"https:\/\/i0.wp.com\/www.akram.pt\/web\/wp-content\/uploads\/2018\/05\/npk-2018-kumite.jpg?fit=2048%2C1536&amp;ssl=1\" data-orig-size=\"2048,1536\" data-comments-opened=\"0\" data-image-meta=\"{&quot;aperture&quot;:&quot;0&quot;,&quot;credit&quot;:&quot;&quot;,&quot;camera&quot;:&quot;&quot;,&quot;caption&quot;:&quot;&quot;,&quot;created_timestamp&quot;:&quot;0&quot;,&quot;copyright&quot;:&quot;&quot;,&quot;focal_length&quot;:&quot;0&quot;,&quot;iso&quot;:&quot;0&quot;,&quot;shutter_speed&quot;:&quot;0&quot;,&quot;title&quot;:&quot;&quot;,&quot;orientation&quot;:&quot;0&quot;}\" data-image-title=\"npk-2018-kumite\" data-image-description=\"\" data-image-caption=\"\" data-large-file=\"https:\/\/i0.wp.com\/www.akram.pt\/web\/wp-content\/uploads\/2018\/05\/npk-2018-kumite.jpg?fit=1024%2C768&amp;ssl=1\" src=\"https:\/\/i0.wp.com\/www.akram.pt\/web\/wp-content\/uploads\/2018\/05\/npk-2018-kumite-300x225.jpg?resize=300%2C225\" class=\"size-medium aligncenter wp-image-1070\" width=\"300\" height=\"225\" alt=\"\" srcset=\"https:\/\/i0.wp.com\/www.akram.pt\/web\/wp-content\/uploads\/2018\/05\/npk-2018-kumite.jpg?resize=300%2C225&amp;ssl=1 300w, https:\/\/i0.wp.com\/www.akram.pt\/web\/wp-content\/uploads\/2018\/05\/npk-2018-kumite.jpg?resize=768%2C576&amp;ssl=1 768w, https:\/\/i0.wp.com\/www.akram.pt\/web\/wp-content\/uploads\/2018\/05\/npk-2018-kumite.jpg?resize=1024%2C768&amp;ssl=1 1024w, https:\/\/i0.wp.com\/www.akram.pt\/web\/wp-content\/uploads\/2018\/05\/npk-2018-kumite.jpg?resize=380%2C285&amp;ssl=1 380w, https:\/\/i0.wp.com\/www.akram.pt\/web\/wp-content\/uploads\/2018\/05\/npk-2018-kumite.jpg?resize=285%2C214&amp;ssl=1 285w, https:\/\/i0.wp.com\/www.akram.pt\/web\/wp-content\/uploads\/2018\/05\/npk-2018-kumite.jpg?w=2048&amp;ssl=1 2048w\" sizes=\"auto, (max-width: 300px) 100vw, 300px\" \/><\/a><\/p>\n<p>J\u00e1 os atletas Bartolomeu Batista do CKC em Kumite juvenil +48kg, Dmitry Guillen do CKC em kumit\u00e9 juvenil -48kg \u00a0, Nadja Pilco da ASKKSA em kata Iniciado Feminino, Clara Vasconcelos da ASKKSA em Cadete Feminino, Gon\u00e7alo Pilco da ASKKSA em Kata Cadete Masculino conseguiram obter o 5\u00ba Lugar nas suas competi\u00e7\u00f5es. Em 7\u00ba Lugar ficou ainda Tom\u00e1s Freitas da ASKKSA em Kata Infatil Masculino.<\/p>\n<p>Por sua vez os atletas Ant\u00f3nio Freitas do CKC em Kumite Juvenil +48kg\u00a0, Rui Sousa do CKC em Kumite Juvenil +48kg,\u00a0Lucas Oliveira do CNF em Kumite Juvenil +48kg, Margarida Teles do CKC em kumite cadete -53kg, Francisco Sousa da ASKKSA em Kata Iniciado Masculino, Gon\u00e7alo Lopes da ASKKSA em Kata Iniciado Masculino, Eric Pilco da ASKKSA em Kata, Renata Evangelista da ASKKSA em Kata Iniciado Feminino, Lu\u00eds Evangelista da ASKKSA em Kata Iniciado Masculino, M\u00e1t\u00e9 Sezpesi do CKC em Kata ,Tiago Pestana do CKC em Kata, Ana Coelho do CKC em Kata, Jo\u00e3o Silva\u00a0do CKC em Kata, foram eliminados cedo nas suas competi\u00e7\u00f5es e n\u00e3o foram repescados.<\/p>\n<p>Representaram a regi\u00e3o, tr\u00eas treinadores, vinte e oito atleta, um dirigente e dois acompanhantes, totalizando uma comitiva de trinta e quatro pessoas.<\/p>\n","protected":false},"excerpt":{"rendered":"<p>A Associa\u00e7\u00e3o de Karat\u00e9 da Regi\u00e3o Aut\u00f3noma da Madeira marcou presen\u00e7a no Torneio Internacional NPK 2018, no passado dia 26 de maio de 2018 no Centro de Desportos e Congressos de Matosinhos. Este grande evento foi organizado pelo N\u00facleo Portugu\u00eas de Karat\u00e9 em coopera\u00e7\u00e3o com a Federa\u00e7\u00e3o Nacional de Karat\u00e9 \u2013 Portugal e o munic\u00edpio<\/p>\n<p class=\"more-link\"><a href=\"https:\/\/www.akram.pt\/web\/2018\/05\/madeirenses-atingem-podio-no-npk-2018\/\" class=\"themebutton\">Read More<\/a><\/p>\n","protected":false},"author":2,"featured_media":1062,"comment_status":"closed","ping_status":"open","sticky":false,"template":"","format":"standard","meta":{"_crdt_document":"","_jetpack_memberships_contains_paid_content":false,"footnotes":""},"categories":[4,5],"tags":[],"class_list":["post-1068","post","type-post","status-publish","format-standard","has-post-thumbnail","hentry","category-noticias","category-resultados"],"jetpack_featured_media_url":"https:\/\/i0.wp.com\/www.akram.pt\/web\/wp-content\/uploads\/2018\/05\/npk-2018.jpg?fit=640%2C908&ssl=1","jetpack_sharing_enabled":true,"_links":{"self":[{"href":"https:\/\/www.akram.pt\/web\/wp-json\/wp\/v2\/posts\/1068","targetHints":{"allow":["GET"]}}],"collection":[{"href":"https:\/\/www.akram.pt\/web\/wp-json\/wp\/v2\/posts"}],"about":[{"href":"https:\/\/www.akram.pt\/web\/wp-json\/wp\/v2\/types\/post"}],"author":[{"embeddable":true,"href":"https:\/\/www.akram.pt\/web\/wp-json\/wp\/v2\/users\/2"}],"replies":[{"embeddable":true,"href":"https:\/\/www.akram.pt\/web\/wp-json\/wp\/v2\/comments?post=1068"}],"version-history":[{"count":0,"href":"https:\/\/www.akram.pt\/web\/wp-json\/wp\/v2\/posts\/1068\/revisions"}],"wp:featuredmedia":[{"embeddable":true,"href":"https:\/\/www.akram.pt\/web\/wp-json\/wp\/v2\/media\/1062"}],"wp:attachment":[{"href":"https:\/\/www.akram.pt\/web\/wp-json\/wp\/v2\/media?parent=1068"}],"wp:term":[{"taxonomy":"category","embeddable":true,"href":"https:\/\/www.akram.pt\/web\/wp-json\/wp\/v2\/categories?post=1068"},{"taxonomy":"post_tag","embeddable":true,"href":"https:\/\/www.akram.pt\/web\/wp-json\/wp\/v2\/tags?post=1068"}],"curies":[{"name":"wp","href":"https:\/\/api.w.org\/{rel}","templated":true}]}}