{"id":1094,"date":"2018-09-08T23:59:06","date_gmt":"2018-09-08T23:59:06","guid":{"rendered":"http:\/\/www.akram.pt\/web\/?p=1094"},"modified":"2018-09-08T23:59:06","modified_gmt":"2018-09-08T23:59:06","slug":"acao-de-formacao-em-primeiros-socorros","status":"publish","type":"post","link":"https:\/\/www.akram.pt\/web\/2018\/09\/acao-de-formacao-em-primeiros-socorros\/","title":{"rendered":"A\u00e7\u00e3o de Forma\u00e7\u00e3o em Primeiros Socorros"},"content":{"rendered":"<p>Decorrem nos dias 8 e 9 os primeiros m\u00f3dulos da a\u00e7\u00e3o de forma\u00e7\u00e3o em Primeiros Socorros e Suporte B\u00e1sico de Vida promovida pela AKRAM.<\/p>\n<p>Estes m\u00f3dulos s\u00e3o: Socorrismo; Suporte B\u00e1sico de Vida &#8211; Adulto e Suporte B\u00e1sico de Vida &#8211; Crian\u00e7as.<\/p>\n<p>Consulte o cartaz para mais informa\u00e7\u00e3o:<\/p>\n<p><a href=\"https:\/\/i0.wp.com\/www.akram.pt\/web\/wp-content\/uploads\/2018\/09\/CartazAF_PrimeirosSocorros_M_1-2-3_2018-19.jpg\" rel=\"lightbox[1094]\"><img data-recalc-dims=\"1\" loading=\"lazy\" decoding=\"async\" data-attachment-id=\"1093\" data-permalink=\"https:\/\/www.akram.pt\/web\/2018\/09\/acao-de-formacao-em-primeiros-socorros\/cartazaf_primeirossocorros_m_1-2-3_2018-19\/#main\" data-orig-file=\"https:\/\/i0.wp.com\/www.akram.pt\/web\/wp-content\/uploads\/2018\/09\/CartazAF_PrimeirosSocorros_M_1-2-3_2018-19.jpg?fit=2000%2C2828&amp;ssl=1\" data-orig-size=\"2000,2828\" data-comments-opened=\"0\" data-image-meta=\"{&quot;aperture&quot;:&quot;0&quot;,&quot;credit&quot;:&quot;&quot;,&quot;camera&quot;:&quot;&quot;,&quot;caption&quot;:&quot;&quot;,&quot;created_timestamp&quot;:&quot;1448281229&quot;,&quot;copyright&quot;:&quot;&quot;,&quot;focal_length&quot;:&quot;0&quot;,&quot;iso&quot;:&quot;0&quot;,&quot;shutter_speed&quot;:&quot;0&quot;,&quot;title&quot;:&quot;&quot;,&quot;orientation&quot;:&quot;1&quot;}\" data-image-title=\"CartazAF_PrimeirosSocorros_M_1-2-3_2018-19\" data-image-description=\"\" data-image-caption=\"\" data-large-file=\"https:\/\/i0.wp.com\/www.akram.pt\/web\/wp-content\/uploads\/2018\/09\/CartazAF_PrimeirosSocorros_M_1-2-3_2018-19.jpg?fit=724%2C1024&amp;ssl=1\" class=\"aligncenter size-medium wp-image-1093\" src=\"https:\/\/i0.wp.com\/www.akram.pt\/web\/wp-content\/uploads\/2018\/09\/CartazAF_PrimeirosSocorros_M_1-2-3_2018-19-212x300.jpg?resize=212%2C300\" alt=\"\" width=\"212\" height=\"300\" srcset=\"https:\/\/i0.wp.com\/www.akram.pt\/web\/wp-content\/uploads\/2018\/09\/CartazAF_PrimeirosSocorros_M_1-2-3_2018-19.jpg?resize=212%2C300&amp;ssl=1 212w, https:\/\/i0.wp.com\/www.akram.pt\/web\/wp-content\/uploads\/2018\/09\/CartazAF_PrimeirosSocorros_M_1-2-3_2018-19.jpg?resize=768%2C1086&amp;ssl=1 768w, https:\/\/i0.wp.com\/www.akram.pt\/web\/wp-content\/uploads\/2018\/09\/CartazAF_PrimeirosSocorros_M_1-2-3_2018-19.jpg?resize=724%2C1024&amp;ssl=1 724w, https:\/\/i0.wp.com\/www.akram.pt\/web\/wp-content\/uploads\/2018\/09\/CartazAF_PrimeirosSocorros_M_1-2-3_2018-19.jpg?w=2000&amp;ssl=1 2000w\" sizes=\"auto, (max-width: 212px) 100vw, 212px\" \/><\/a><\/p>\n","protected":false},"excerpt":{"rendered":"<p>Decorrem nos dias 8 e 9 os primeiros m\u00f3dulos da a\u00e7\u00e3o de forma\u00e7\u00e3o em Primeiros Socorros e Suporte B\u00e1sico de Vida promovida pela AKRAM. Estes m\u00f3dulos s\u00e3o: Socorrismo; Suporte B\u00e1sico de Vida &#8211; Adulto e Suporte B\u00e1sico de Vida &#8211; Crian\u00e7as. Consulte o cartaz para mais informa\u00e7\u00e3o:<\/p>\n","protected":false},"author":2,"featured_media":1093,"comment_status":"closed","ping_status":"open","sticky":false,"template":"","format":"standard","meta":{"_crdt_document":"","_jetpack_memberships_contains_paid_content":false,"footnotes":""},"categories":[7,4],"tags":[],"class_list":["post-1094","post","type-post","status-publish","format-standard","has-post-thumbnail","hentry","category-actividades","category-noticias"],"jetpack_featured_media_url":"https:\/\/i0.wp.com\/www.akram.pt\/web\/wp-content\/uploads\/2018\/09\/CartazAF_PrimeirosSocorros_M_1-2-3_2018-19.jpg?fit=2000%2C2828&ssl=1","jetpack_sharing_enabled":true,"_links":{"self":[{"href":"https:\/\/www.akram.pt\/web\/wp-json\/wp\/v2\/posts\/1094","targetHints":{"allow":["GET"]}}],"collection":[{"href":"https:\/\/www.akram.pt\/web\/wp-json\/wp\/v2\/posts"}],"about":[{"href":"https:\/\/www.akram.pt\/web\/wp-json\/wp\/v2\/types\/post"}],"author":[{"embeddable":true,"href":"https:\/\/www.akram.pt\/web\/wp-json\/wp\/v2\/users\/2"}],"replies":[{"embeddable":true,"href":"https:\/\/www.akram.pt\/web\/wp-json\/wp\/v2\/comments?post=1094"}],"version-history":[{"count":0,"href":"https:\/\/www.akram.pt\/web\/wp-json\/wp\/v2\/posts\/1094\/revisions"}],"wp:featuredmedia":[{"embeddable":true,"href":"https:\/\/www.akram.pt\/web\/wp-json\/wp\/v2\/media\/1093"}],"wp:attachment":[{"href":"https:\/\/www.akram.pt\/web\/wp-json\/wp\/v2\/media?parent=1094"}],"wp:term":[{"taxonomy":"category","embeddable":true,"href":"https:\/\/www.akram.pt\/web\/wp-json\/wp\/v2\/categories?post=1094"},{"taxonomy":"post_tag","embeddable":true,"href":"https:\/\/www.akram.pt\/web\/wp-json\/wp\/v2\/tags?post=1094"}],"curies":[{"name":"wp","href":"https:\/\/api.w.org\/{rel}","templated":true}]}}