{"id":1101,"date":"2018-09-10T21:52:03","date_gmt":"2018-09-10T21:52:03","guid":{"rendered":"http:\/\/www.akram.pt\/web\/?p=1101"},"modified":"2018-09-10T21:54:30","modified_gmt":"2018-09-10T21:54:30","slug":"treino-de-captacao-pep","status":"publish","type":"post","link":"https:\/\/www.akram.pt\/web\/2018\/09\/treino-de-captacao-pep\/","title":{"rendered":"Treino de Capta\u00e7\u00e3o PEP"},"content":{"rendered":"<p>No pr\u00f3ximo dia 15 de setembro, realiza-se um treino de capta\u00e7\u00e3o para o projeto PEP (Praticante de Elevado Potencial).<\/p>\n<p>O treino ser\u00e1 no Pavilh\u00e3o do Cani\u00e7o com o seguinte hor\u00e1rio:<\/p>\n<ul>\n<li>Infantis, Iniciados\u00a0 e Juvenis\u00a0&#8211; das 15h00 \u00e0s 16h00;<\/li>\n<li>Juvenis, Cadetes, Juniores e S\u00e9niores\u00a0&#8211; das 16h00 \u00e0s 17:00;<\/li>\n<li>Sele\u00e7\u00e3o Regional &#8211;\u00a0das 17h00 \u00e0s 18:00;<\/li>\n<\/ul>\n<p><a href=\"https:\/\/i0.wp.com\/www.akram.pt\/web\/wp-content\/uploads\/2018\/09\/CartazTC_Inf.Inic_.Juv_.Cad_.Jun_.Sub21.Sen_2018-19.jpg\" rel=\"lightbox[1101]\"><img data-recalc-dims=\"1\" loading=\"lazy\" decoding=\"async\" data-attachment-id=\"1102\" data-permalink=\"https:\/\/www.akram.pt\/web\/2018\/09\/treino-de-captacao-pep\/cartaztc_inf-inic-juv-cad-jun-sub21-sen_2018-19\/#main\" data-orig-file=\"https:\/\/i0.wp.com\/www.akram.pt\/web\/wp-content\/uploads\/2018\/09\/CartazTC_Inf.Inic_.Juv_.Cad_.Jun_.Sub21.Sen_2018-19.jpg?fit=2000%2C2828&amp;ssl=1\" data-orig-size=\"2000,2828\" data-comments-opened=\"0\" data-image-meta=\"{&quot;aperture&quot;:&quot;0&quot;,&quot;credit&quot;:&quot;&quot;,&quot;camera&quot;:&quot;&quot;,&quot;caption&quot;:&quot;&quot;,&quot;created_timestamp&quot;:&quot;1448281229&quot;,&quot;copyright&quot;:&quot;&quot;,&quot;focal_length&quot;:&quot;0&quot;,&quot;iso&quot;:&quot;0&quot;,&quot;shutter_speed&quot;:&quot;0&quot;,&quot;title&quot;:&quot;&quot;,&quot;orientation&quot;:&quot;1&quot;}\" data-image-title=\"CartazTC_Inf.Inic.Juv.Cad.Jun.Sub21.Sen_2018-19\" data-image-description=\"\" data-image-caption=\"\" data-large-file=\"https:\/\/i0.wp.com\/www.akram.pt\/web\/wp-content\/uploads\/2018\/09\/CartazTC_Inf.Inic_.Juv_.Cad_.Jun_.Sub21.Sen_2018-19.jpg?fit=724%2C1024&amp;ssl=1\" class=\"aligncenter size-medium wp-image-1102\" src=\"https:\/\/i0.wp.com\/www.akram.pt\/web\/wp-content\/uploads\/2018\/09\/CartazTC_Inf.Inic_.Juv_.Cad_.Jun_.Sub21.Sen_2018-19-212x300.jpg?resize=212%2C300\" alt=\"\" width=\"212\" height=\"300\" srcset=\"https:\/\/i0.wp.com\/www.akram.pt\/web\/wp-content\/uploads\/2018\/09\/CartazTC_Inf.Inic_.Juv_.Cad_.Jun_.Sub21.Sen_2018-19.jpg?resize=212%2C300&amp;ssl=1 212w, https:\/\/i0.wp.com\/www.akram.pt\/web\/wp-content\/uploads\/2018\/09\/CartazTC_Inf.Inic_.Juv_.Cad_.Jun_.Sub21.Sen_2018-19.jpg?resize=768%2C1086&amp;ssl=1 768w, https:\/\/i0.wp.com\/www.akram.pt\/web\/wp-content\/uploads\/2018\/09\/CartazTC_Inf.Inic_.Juv_.Cad_.Jun_.Sub21.Sen_2018-19.jpg?resize=724%2C1024&amp;ssl=1 724w, https:\/\/i0.wp.com\/www.akram.pt\/web\/wp-content\/uploads\/2018\/09\/CartazTC_Inf.Inic_.Juv_.Cad_.Jun_.Sub21.Sen_2018-19.jpg?w=2000&amp;ssl=1 2000w\" sizes=\"auto, (max-width: 212px) 100vw, 212px\" \/><\/a><\/p>\n<p>Todos os atletas que participaram na \u00e9poca 17-18, est\u00e3o pr\u00e9-inscritos e ter\u00e3o que estar presentes no Treino de Capta\u00e7\u00e3o, no hor\u00e1rio acima indicado, e ir\u00e3o fazer uma Avalia\u00e7\u00e3o Espec\u00edfica.<br \/>\nCaso haja algum karateca, pr\u00e9-inscrito, n\u00e3o queira renovar sua integra\u00e7\u00e3o no projecto PEP 18-19, o clube\/treinador ter\u00e1 que enviar um email a informar.<\/p>\n<p>Para novos candidatos, estes, ir\u00e3o fazer uma Avalia\u00e7\u00e3o Geral\/Espec\u00edfica.<br \/>\nOs treinadores ter\u00e3o que preencher o seguinte <a href=\"https:\/\/1drv.ms\/xs\/s!AjqTnp1ea02Sgo0vHM7tTFiAAaN9yA?wdFormId=%7BF95836CB%2D2B49%2D4DC8%2D83C2%2DE0EB6B596863%7D\">Formul\u00e1rio de Candidatura PEP<\/a> (Apenas para os novos Candidatos!)<\/p>\n<p>Todos os Karatecas, pr\u00e9-inscritos e candidatos, ter\u00e3o que levar o equipamento de competi\u00e7\u00e3o, espec\u00edfico a vertente.<\/p>\n","protected":false},"excerpt":{"rendered":"<p>No pr\u00f3ximo dia 15 de setembro, realiza-se um treino de capta\u00e7\u00e3o para o projeto PEP (Praticante de Elevado Potencial). O treino ser\u00e1 no Pavilh\u00e3o do Cani\u00e7o com o seguinte hor\u00e1rio: Infantis, Iniciados\u00a0 e Juvenis\u00a0&#8211; das 15h00 \u00e0s 16h00; Juvenis, Cadetes, Juniores e S\u00e9niores\u00a0&#8211; das 16h00 \u00e0s 17:00; Sele\u00e7\u00e3o Regional &#8211;\u00a0das 17h00 \u00e0s 18:00; Todos os<\/p>\n<p class=\"more-link\"><a href=\"https:\/\/www.akram.pt\/web\/2018\/09\/treino-de-captacao-pep\/\" class=\"themebutton\">Read More<\/a><\/p>\n","protected":false},"author":2,"featured_media":1102,"comment_status":"closed","ping_status":"open","sticky":false,"template":"","format":"standard","meta":{"_crdt_document":"","_jetpack_memberships_contains_paid_content":false,"footnotes":""},"categories":[4],"tags":[],"class_list":["post-1101","post","type-post","status-publish","format-standard","has-post-thumbnail","hentry","category-noticias"],"jetpack_featured_media_url":"https:\/\/i0.wp.com\/www.akram.pt\/web\/wp-content\/uploads\/2018\/09\/CartazTC_Inf.Inic_.Juv_.Cad_.Jun_.Sub21.Sen_2018-19.jpg?fit=2000%2C2828&ssl=1","jetpack_sharing_enabled":true,"_links":{"self":[{"href":"https:\/\/www.akram.pt\/web\/wp-json\/wp\/v2\/posts\/1101","targetHints":{"allow":["GET"]}}],"collection":[{"href":"https:\/\/www.akram.pt\/web\/wp-json\/wp\/v2\/posts"}],"about":[{"href":"https:\/\/www.akram.pt\/web\/wp-json\/wp\/v2\/types\/post"}],"author":[{"embeddable":true,"href":"https:\/\/www.akram.pt\/web\/wp-json\/wp\/v2\/users\/2"}],"replies":[{"embeddable":true,"href":"https:\/\/www.akram.pt\/web\/wp-json\/wp\/v2\/comments?post=1101"}],"version-history":[{"count":0,"href":"https:\/\/www.akram.pt\/web\/wp-json\/wp\/v2\/posts\/1101\/revisions"}],"wp:featuredmedia":[{"embeddable":true,"href":"https:\/\/www.akram.pt\/web\/wp-json\/wp\/v2\/media\/1102"}],"wp:attachment":[{"href":"https:\/\/www.akram.pt\/web\/wp-json\/wp\/v2\/media?parent=1101"}],"wp:term":[{"taxonomy":"category","embeddable":true,"href":"https:\/\/www.akram.pt\/web\/wp-json\/wp\/v2\/categories?post=1101"},{"taxonomy":"post_tag","embeddable":true,"href":"https:\/\/www.akram.pt\/web\/wp-json\/wp\/v2\/tags?post=1101"}],"curies":[{"name":"wp","href":"https:\/\/api.w.org\/{rel}","templated":true}]}}