{"id":1129,"date":"2018-10-18T19:03:21","date_gmt":"2018-10-18T19:03:21","guid":{"rendered":"http:\/\/www.akram.pt\/web\/?p=1129"},"modified":"2018-10-18T19:03:21","modified_gmt":"2018-10-18T19:03:21","slug":"1a-jornada-do-open-madeira-2018-19-juv-cad-jun-sen-e-sen35","status":"publish","type":"post","link":"https:\/\/www.akram.pt\/web\/2018\/10\/1a-jornada-do-open-madeira-2018-19-juv-cad-jun-sen-e-sen35\/","title":{"rendered":"1\u00aa Jornada do Open Madeira 2018\/19 &#8211; Juv, Cad, Jun, Sen e Sen+35"},"content":{"rendered":"<p>Realiza-se no pr\u00f3ximo dia 20 de outubro a1\u00aa Jornada do Open Madeira 2018\/19 para os escal\u00f5es de Juvenis a Seniores. Esta prova ir\u00e1 decorrer no Pavilh\u00e3o do Cani\u00e7o. Consulte abaixo o cartaz e hor\u00e1rio da prova.<a href=\"https:\/\/i0.wp.com\/www.akram.pt\/web\/wp-content\/uploads\/2018\/10\/CartazTM_OpensMadeira_20out18.jpg\" rel=\"lightbox[1129]\"><img data-recalc-dims=\"1\" loading=\"lazy\" decoding=\"async\" data-attachment-id=\"1131\" data-permalink=\"https:\/\/www.akram.pt\/web\/2018\/10\/1a-jornada-do-open-madeira-2018-19-juv-cad-jun-sen-e-sen35\/cartaztm_opensmadeira_20out18\/#main\" data-orig-file=\"https:\/\/i0.wp.com\/www.akram.pt\/web\/wp-content\/uploads\/2018\/10\/CartazTM_OpensMadeira_20out18.jpg?fit=3508%2C4961&amp;ssl=1\" data-orig-size=\"3508,4961\" data-comments-opened=\"0\" data-image-meta=\"{&quot;aperture&quot;:&quot;0&quot;,&quot;credit&quot;:&quot;&quot;,&quot;camera&quot;:&quot;&quot;,&quot;caption&quot;:&quot;&quot;,&quot;created_timestamp&quot;:&quot;0&quot;,&quot;copyright&quot;:&quot;&quot;,&quot;focal_length&quot;:&quot;0&quot;,&quot;iso&quot;:&quot;0&quot;,&quot;shutter_speed&quot;:&quot;0&quot;,&quot;title&quot;:&quot;&quot;,&quot;orientation&quot;:&quot;0&quot;}\" data-image-title=\"CartazTM_OpensMadeira_20out18\" data-image-description=\"\" data-image-caption=\"\" data-large-file=\"https:\/\/i0.wp.com\/www.akram.pt\/web\/wp-content\/uploads\/2018\/10\/CartazTM_OpensMadeira_20out18.jpg?fit=724%2C1024&amp;ssl=1\" class=\"aligncenter size-medium wp-image-1131\" src=\"https:\/\/i0.wp.com\/www.akram.pt\/web\/wp-content\/uploads\/2018\/10\/CartazTM_OpensMadeira_20out18-212x300.jpg?resize=212%2C300\" alt=\"\" width=\"212\" height=\"300\" srcset=\"https:\/\/i0.wp.com\/www.akram.pt\/web\/wp-content\/uploads\/2018\/10\/CartazTM_OpensMadeira_20out18.jpg?resize=212%2C300&amp;ssl=1 212w, https:\/\/i0.wp.com\/www.akram.pt\/web\/wp-content\/uploads\/2018\/10\/CartazTM_OpensMadeira_20out18.jpg?resize=768%2C1086&amp;ssl=1 768w, https:\/\/i0.wp.com\/www.akram.pt\/web\/wp-content\/uploads\/2018\/10\/CartazTM_OpensMadeira_20out18.jpg?resize=724%2C1024&amp;ssl=1 724w, https:\/\/i0.wp.com\/www.akram.pt\/web\/wp-content\/uploads\/2018\/10\/CartazTM_OpensMadeira_20out18.jpg?w=2340&amp;ssl=1 2340w\" sizes=\"auto, (max-width: 212px) 100vw, 212px\" \/><\/a><\/p>\n<p><a href=\"http:\/\/www.akram.pt\/web\/wp-content\/uploads\/2018\/10\/HP_1_OpenMadeira_20out18.pdf\">Hor\u00e1rios da Prova<\/a><\/p>\n","protected":false},"excerpt":{"rendered":"<p>Realiza-se no pr\u00f3ximo dia 20 de outubro a1\u00aa Jornada do Open Madeira 2018\/19 para os escal\u00f5es de Juvenis a Seniores. <\/p>\n","protected":false},"author":2,"featured_media":1131,"comment_status":"closed","ping_status":"open","sticky":false,"template":"","format":"standard","meta":{"_crdt_document":"","_jetpack_memberships_contains_paid_content":false,"footnotes":""},"categories":[7,4,9],"tags":[],"class_list":["post-1129","post","type-post","status-publish","format-standard","has-post-thumbnail","hentry","category-actividades","category-noticias","category-provas"],"jetpack_featured_media_url":"https:\/\/i0.wp.com\/www.akram.pt\/web\/wp-content\/uploads\/2018\/10\/CartazTM_OpensMadeira_20out18.jpg?fit=3508%2C4961&ssl=1","jetpack_sharing_enabled":true,"_links":{"self":[{"href":"https:\/\/www.akram.pt\/web\/wp-json\/wp\/v2\/posts\/1129","targetHints":{"allow":["GET"]}}],"collection":[{"href":"https:\/\/www.akram.pt\/web\/wp-json\/wp\/v2\/posts"}],"about":[{"href":"https:\/\/www.akram.pt\/web\/wp-json\/wp\/v2\/types\/post"}],"author":[{"embeddable":true,"href":"https:\/\/www.akram.pt\/web\/wp-json\/wp\/v2\/users\/2"}],"replies":[{"embeddable":true,"href":"https:\/\/www.akram.pt\/web\/wp-json\/wp\/v2\/comments?post=1129"}],"version-history":[{"count":0,"href":"https:\/\/www.akram.pt\/web\/wp-json\/wp\/v2\/posts\/1129\/revisions"}],"wp:featuredmedia":[{"embeddable":true,"href":"https:\/\/www.akram.pt\/web\/wp-json\/wp\/v2\/media\/1131"}],"wp:attachment":[{"href":"https:\/\/www.akram.pt\/web\/wp-json\/wp\/v2\/media?parent=1129"}],"wp:term":[{"taxonomy":"category","embeddable":true,"href":"https:\/\/www.akram.pt\/web\/wp-json\/wp\/v2\/categories?post=1129"},{"taxonomy":"post_tag","embeddable":true,"href":"https:\/\/www.akram.pt\/web\/wp-json\/wp\/v2\/tags?post=1129"}],"curies":[{"name":"wp","href":"https:\/\/api.w.org\/{rel}","templated":true}]}}