{"id":1133,"date":"2018-10-18T19:28:33","date_gmt":"2018-10-18T19:28:33","guid":{"rendered":"http:\/\/www.akram.pt\/web\/?p=1133"},"modified":"2018-10-18T19:28:33","modified_gmt":"2018-10-18T19:28:33","slug":"2a-jornada-da-liga-olimpica-de-karate-2018-19","status":"publish","type":"post","link":"https:\/\/www.akram.pt\/web\/2018\/10\/2a-jornada-da-liga-olimpica-de-karate-2018-19\/","title":{"rendered":"2\u00aa Jornada da Liga Ol\u00edmpica de Karate &#8211; 2018\/19"},"content":{"rendered":"<p>Realiza-se no pr\u00f3ximo dia 20 de outubro, em Pombal, a 2\u00aa Jornada da Liga Ol\u00edmpica de Karate, prova organizada pela FNK-P.<\/p>\n<p><a href=\"https:\/\/i0.wp.com\/www.akram.pt\/web\/wp-content\/uploads\/2018\/10\/FNK-P-LIGA-OLI%CC%81MPICA-JORNADA-2-2018-a-19a.jpg\" rel=\"lightbox[1133]\"><img data-recalc-dims=\"1\" loading=\"lazy\" decoding=\"async\" data-attachment-id=\"1134\" data-permalink=\"https:\/\/www.akram.pt\/web\/2018\/10\/2a-jornada-da-liga-olimpica-de-karate-2018-19\/fnk-p-liga-olimpica-jornada-2-2018-a-19a\/#main\" data-orig-file=\"https:\/\/i0.wp.com\/www.akram.pt\/web\/wp-content\/uploads\/2018\/10\/FNK-P-LIGA-OLI%CC%81MPICA-JORNADA-2-2018-a-19a.jpg?fit=2473%2C3506&amp;ssl=1\" data-orig-size=\"2473,3506\" data-comments-opened=\"0\" data-image-meta=\"{&quot;aperture&quot;:&quot;0&quot;,&quot;credit&quot;:&quot;Don Freixinho&quot;,&quot;camera&quot;:&quot;&quot;,&quot;caption&quot;:&quot;&quot;,&quot;created_timestamp&quot;:&quot;1537789509&quot;,&quot;copyright&quot;:&quot;&quot;,&quot;focal_length&quot;:&quot;0&quot;,&quot;iso&quot;:&quot;0&quot;,&quot;shutter_speed&quot;:&quot;0&quot;,&quot;title&quot;:&quot;&quot;,&quot;orientation&quot;:&quot;1&quot;}\" data-image-title=\"FNK-P-LIGA-OLI\u0301MPICA-JORNADA-2-2018-a-19a\" data-image-description=\"\" data-image-caption=\"\" data-large-file=\"https:\/\/i0.wp.com\/www.akram.pt\/web\/wp-content\/uploads\/2018\/10\/FNK-P-LIGA-OLI%CC%81MPICA-JORNADA-2-2018-a-19a.jpg?fit=722%2C1024&amp;ssl=1\" class=\"aligncenter size-medium wp-image-1134\" src=\"https:\/\/i0.wp.com\/www.akram.pt\/web\/wp-content\/uploads\/2018\/10\/FNK-P-LIGA-OLI%CC%81MPICA-JORNADA-2-2018-a-19a-212x300.jpg?resize=212%2C300\" alt=\"\" width=\"212\" height=\"300\" srcset=\"https:\/\/i0.wp.com\/www.akram.pt\/web\/wp-content\/uploads\/2018\/10\/FNK-P-LIGA-OLI%CC%81MPICA-JORNADA-2-2018-a-19a.jpg?resize=212%2C300&amp;ssl=1 212w, https:\/\/i0.wp.com\/www.akram.pt\/web\/wp-content\/uploads\/2018\/10\/FNK-P-LIGA-OLI%CC%81MPICA-JORNADA-2-2018-a-19a.jpg?resize=768%2C1089&amp;ssl=1 768w, https:\/\/i0.wp.com\/www.akram.pt\/web\/wp-content\/uploads\/2018\/10\/FNK-P-LIGA-OLI%CC%81MPICA-JORNADA-2-2018-a-19a.jpg?resize=722%2C1024&amp;ssl=1 722w, https:\/\/i0.wp.com\/www.akram.pt\/web\/wp-content\/uploads\/2018\/10\/FNK-P-LIGA-OLI%CC%81MPICA-JORNADA-2-2018-a-19a.jpg?w=2340&amp;ssl=1 2340w\" sizes=\"auto, (max-width: 212px) 100vw, 212px\" \/><\/a><\/p>\n<p>Para esta prova, ir\u00e3o se deslocar uma comitiva de 14 pessoas. Os clubes participantes nesta prova s\u00e3o o CKC que ir\u00e1 levar 1 treinador e 8 atletas, e a ASKKSA que ir\u00e1 deslocar para esta prova 1 treinador e 4 atletas.<\/p>\n<p>A AKRAM deseja boa sorte a todos os atletas que v\u00e3o participar nesta prova e que dignifiquem, como t\u00eam-no feito, o karate madeirense! OSS!<\/p>\n","protected":false},"excerpt":{"rendered":"<p>Realiza-se no pr\u00f3ximo dia 20 de outubro, em Pombal, a 2\u00aa Jornada da Liga Ol\u00edmpica de Karate, prova organizada pela FNK-P. Para esta prova, ir\u00e3o se deslocar uma comitiva de 14 pessoas. Os clubes participantes nesta prova s\u00e3o o CKC que ir\u00e1 levar 1 treinador e 8 atletas, e a ASKKSA que ir\u00e1 deslocar para<\/p>\n<p class=\"more-link\"><a href=\"https:\/\/www.akram.pt\/web\/2018\/10\/2a-jornada-da-liga-olimpica-de-karate-2018-19\/\" class=\"themebutton\">Read More<\/a><\/p>\n","protected":false},"author":2,"featured_media":1134,"comment_status":"closed","ping_status":"open","sticky":false,"template":"","format":"standard","meta":{"_crdt_document":"","_jetpack_memberships_contains_paid_content":false,"footnotes":""},"categories":[4,9],"tags":[],"class_list":["post-1133","post","type-post","status-publish","format-standard","has-post-thumbnail","hentry","category-noticias","category-provas"],"jetpack_featured_media_url":"https:\/\/i0.wp.com\/www.akram.pt\/web\/wp-content\/uploads\/2018\/10\/FNK-P-LIGA-OLI%CC%81MPICA-JORNADA-2-2018-a-19a.jpg?fit=2473%2C3506&ssl=1","jetpack_sharing_enabled":true,"_links":{"self":[{"href":"https:\/\/www.akram.pt\/web\/wp-json\/wp\/v2\/posts\/1133","targetHints":{"allow":["GET"]}}],"collection":[{"href":"https:\/\/www.akram.pt\/web\/wp-json\/wp\/v2\/posts"}],"about":[{"href":"https:\/\/www.akram.pt\/web\/wp-json\/wp\/v2\/types\/post"}],"author":[{"embeddable":true,"href":"https:\/\/www.akram.pt\/web\/wp-json\/wp\/v2\/users\/2"}],"replies":[{"embeddable":true,"href":"https:\/\/www.akram.pt\/web\/wp-json\/wp\/v2\/comments?post=1133"}],"version-history":[{"count":0,"href":"https:\/\/www.akram.pt\/web\/wp-json\/wp\/v2\/posts\/1133\/revisions"}],"wp:featuredmedia":[{"embeddable":true,"href":"https:\/\/www.akram.pt\/web\/wp-json\/wp\/v2\/media\/1134"}],"wp:attachment":[{"href":"https:\/\/www.akram.pt\/web\/wp-json\/wp\/v2\/media?parent=1133"}],"wp:term":[{"taxonomy":"category","embeddable":true,"href":"https:\/\/www.akram.pt\/web\/wp-json\/wp\/v2\/categories?post=1133"},{"taxonomy":"post_tag","embeddable":true,"href":"https:\/\/www.akram.pt\/web\/wp-json\/wp\/v2\/tags?post=1133"}],"curies":[{"name":"wp","href":"https:\/\/api.w.org\/{rel}","templated":true}]}}