{"id":1136,"date":"2018-10-18T20:25:40","date_gmt":"2018-10-18T20:25:40","guid":{"rendered":"http:\/\/www.akram.pt\/web\/?p=1136"},"modified":"2018-10-18T20:25:40","modified_gmt":"2018-10-18T20:25:40","slug":"atletas-da-askksa-medalhados-no-open-da-povoa-do-varzim-2018","status":"publish","type":"post","link":"https:\/\/www.akram.pt\/web\/2018\/10\/atletas-da-askksa-medalhados-no-open-da-povoa-do-varzim-2018\/","title":{"rendered":"Atletas da ASKKSA medalhados no Open da P\u00f3voa do Varzim 2018"},"content":{"rendered":"<p>O karate regional esteve em particular destaque no passado fim de semana, em mais uma prova internacional realiada em Portugal, desta feita no Open Internacional da P\u00f3voa do Varzim.<\/p>\n<p>Neste evento, que contou com destaque de mais de 800 atletas de cerca de 100 clubes oriundos de 7 pa\u00edses diferentes, a Madeira iria presente com um cerca de trinta atletas. No entanto, devido ao cancelamento das viagens a\u00e9reas, alguns dos atletas n\u00e3o puderam rumar ao norte do pa\u00eds para participar nesta prova.<\/p>\n<p>Assim sendo, a comitiva insular contou com cinto atletas da ASKKSA que conquistou tr\u00eas medalhas de bronze.<\/p>\n<p>Na prova de femininos, a Nadja Pilco em Kata Juvenil e Clara Vasconcelos em Kata Cadete conseguiram subir ao 3\u00ba lugar do p\u00f3dio.\u00a0<\/p>\n<p>Na prova de kata masculino, o atleta Francisco Ornelas conseguiu tamb\u00e9m arrecadar o 3\u00ba lugar em Kata Juvenil.<\/p>\n<p><a href=\"https:\/\/i0.wp.com\/www.akram.pt\/web\/wp-content\/uploads\/2018\/10\/open_povoa_varzim_medalhados.jpg\" rel=\"lightbox[1136]\"><img data-recalc-dims=\"1\" loading=\"lazy\" decoding=\"async\" data-attachment-id=\"1137\" data-permalink=\"https:\/\/www.akram.pt\/web\/2018\/10\/atletas-da-askksa-medalhados-no-open-da-povoa-do-varzim-2018\/open_povoa_varzim_medalhados\/#main\" data-orig-file=\"https:\/\/i0.wp.com\/www.akram.pt\/web\/wp-content\/uploads\/2018\/10\/open_povoa_varzim_medalhados.jpg?fit=1536%2C2048&amp;ssl=1\" data-orig-size=\"1536,2048\" data-comments-opened=\"0\" data-image-meta=\"{&quot;aperture&quot;:&quot;0&quot;,&quot;credit&quot;:&quot;&quot;,&quot;camera&quot;:&quot;&quot;,&quot;caption&quot;:&quot;&quot;,&quot;created_timestamp&quot;:&quot;0&quot;,&quot;copyright&quot;:&quot;&quot;,&quot;focal_length&quot;:&quot;0&quot;,&quot;iso&quot;:&quot;0&quot;,&quot;shutter_speed&quot;:&quot;0&quot;,&quot;title&quot;:&quot;&quot;,&quot;orientation&quot;:&quot;0&quot;}\" data-image-title=\"open_povoa_varzim_medalhados\" data-image-description=\"\" data-image-caption=\"\" data-large-file=\"https:\/\/i0.wp.com\/www.akram.pt\/web\/wp-content\/uploads\/2018\/10\/open_povoa_varzim_medalhados.jpg?fit=768%2C1024&amp;ssl=1\" class=\"aligncenter size-medium wp-image-1137\" src=\"https:\/\/i0.wp.com\/www.akram.pt\/web\/wp-content\/uploads\/2018\/10\/open_povoa_varzim_medalhados-225x300.jpg?resize=225%2C300\" alt=\"\" width=\"225\" height=\"300\" srcset=\"https:\/\/i0.wp.com\/www.akram.pt\/web\/wp-content\/uploads\/2018\/10\/open_povoa_varzim_medalhados.jpg?resize=225%2C300&amp;ssl=1 225w, https:\/\/i0.wp.com\/www.akram.pt\/web\/wp-content\/uploads\/2018\/10\/open_povoa_varzim_medalhados.jpg?resize=768%2C1024&amp;ssl=1 768w, https:\/\/i0.wp.com\/www.akram.pt\/web\/wp-content\/uploads\/2018\/10\/open_povoa_varzim_medalhados.jpg?w=1536&amp;ssl=1 1536w\" sizes=\"auto, (max-width: 225px) 100vw, 225px\" \/><\/a>A acompanhar os atletas, esteve o treinador Rafael Jardim.<\/p>\n<p>A AKRAM d\u00e1 os parab\u00e9ns ao treinador e atletas pelos resultados obtidos.<\/p>\n","protected":false},"excerpt":{"rendered":"<p>O karate regional esteve em particular destaque no passado fim de semana, em mais uma prova internacional realiada em Portugal, desta feita no Open Internacional da P\u00f3voa do Varzim. Neste evento, que contou com destaque de mais de 800 atletas de cerca de 100 clubes oriundos de 7 pa\u00edses diferentes, a Madeira iria presente com<\/p>\n<p class=\"more-link\"><a href=\"https:\/\/www.akram.pt\/web\/2018\/10\/atletas-da-askksa-medalhados-no-open-da-povoa-do-varzim-2018\/\" class=\"themebutton\">Read More<\/a><\/p>\n","protected":false},"author":2,"featured_media":1138,"comment_status":"closed","ping_status":"open","sticky":false,"template":"","format":"standard","meta":{"_crdt_document":"","_jetpack_memberships_contains_paid_content":false,"footnotes":""},"categories":[4,5],"tags":[],"class_list":["post-1136","post","type-post","status-publish","format-standard","has-post-thumbnail","hentry","category-noticias","category-resultados"],"jetpack_featured_media_url":"https:\/\/i0.wp.com\/www.akram.pt\/web\/wp-content\/uploads\/2018\/10\/open_povoa_varzim_comitiva.jpg?fit=1024%2C768&ssl=1","jetpack_sharing_enabled":true,"_links":{"self":[{"href":"https:\/\/www.akram.pt\/web\/wp-json\/wp\/v2\/posts\/1136","targetHints":{"allow":["GET"]}}],"collection":[{"href":"https:\/\/www.akram.pt\/web\/wp-json\/wp\/v2\/posts"}],"about":[{"href":"https:\/\/www.akram.pt\/web\/wp-json\/wp\/v2\/types\/post"}],"author":[{"embeddable":true,"href":"https:\/\/www.akram.pt\/web\/wp-json\/wp\/v2\/users\/2"}],"replies":[{"embeddable":true,"href":"https:\/\/www.akram.pt\/web\/wp-json\/wp\/v2\/comments?post=1136"}],"version-history":[{"count":0,"href":"https:\/\/www.akram.pt\/web\/wp-json\/wp\/v2\/posts\/1136\/revisions"}],"wp:featuredmedia":[{"embeddable":true,"href":"https:\/\/www.akram.pt\/web\/wp-json\/wp\/v2\/media\/1138"}],"wp:attachment":[{"href":"https:\/\/www.akram.pt\/web\/wp-json\/wp\/v2\/media?parent=1136"}],"wp:term":[{"taxonomy":"category","embeddable":true,"href":"https:\/\/www.akram.pt\/web\/wp-json\/wp\/v2\/categories?post=1136"},{"taxonomy":"post_tag","embeddable":true,"href":"https:\/\/www.akram.pt\/web\/wp-json\/wp\/v2\/tags?post=1136"}],"curies":[{"name":"wp","href":"https:\/\/api.w.org\/{rel}","templated":true}]}}