{"id":1142,"date":"2018-10-22T21:26:35","date_gmt":"2018-10-22T21:26:35","guid":{"rendered":"http:\/\/www.akram.pt\/web\/2018\/10\/2a-jornada-do-open-madeira-2018-19\/"},"modified":"2018-10-22T21:34:17","modified_gmt":"2018-10-22T21:34:17","slug":"2a-jornada-do-open-madeira-2018-19","status":"publish","type":"post","link":"https:\/\/www.akram.pt\/web\/2018\/10\/2a-jornada-do-open-madeira-2018-19\/","title":{"rendered":"2\u00aa Jornada do Open Madeira 2018\/19 &#8211; Cad, Jun, Sen e Sen+35"},"content":{"rendered":"<p>Realiza-se no pr\u00f3ximo dia 27 de outubro a 2\u00aa Jornada do Open Madeira 2018\/19 para os escal\u00f5es de Cadetes a Seniores. Esta prova ir\u00e1 decorrer no Pavilh\u00e3o do Cani\u00e7o. Consulte abaixo o cartaz e hor\u00e1rio da prova.<\/p>\n<p><img data-recalc-dims=\"1\" loading=\"lazy\" decoding=\"async\" data-attachment-id=\"1140\" data-permalink=\"https:\/\/www.akram.pt\/web\/2018\/10\/2a-jornada-do-open-madeira-2018-19\/img_3030\/#main\" data-orig-file=\"https:\/\/i0.wp.com\/www.akram.pt\/web\/wp-content\/uploads\/2018\/10\/img_3030.jpg?fit=1448%2C2048&amp;ssl=1\" data-orig-size=\"1448,2048\" data-comments-opened=\"0\" data-image-meta=\"{&quot;aperture&quot;:&quot;0&quot;,&quot;credit&quot;:&quot;&quot;,&quot;camera&quot;:&quot;&quot;,&quot;caption&quot;:&quot;&quot;,&quot;created_timestamp&quot;:&quot;0&quot;,&quot;copyright&quot;:&quot;&quot;,&quot;focal_length&quot;:&quot;0&quot;,&quot;iso&quot;:&quot;0&quot;,&quot;shutter_speed&quot;:&quot;0&quot;,&quot;title&quot;:&quot;&quot;,&quot;orientation&quot;:&quot;1&quot;}\" data-image-title=\"img_3030\" data-image-description=\"\" data-image-caption=\"\" data-large-file=\"https:\/\/i0.wp.com\/www.akram.pt\/web\/wp-content\/uploads\/2018\/10\/img_3030.jpg?fit=724%2C1024&amp;ssl=1\" src=\"https:\/\/i0.wp.com\/www.akram.pt\/web\/wp-content\/uploads\/2018\/10\/img_3030.jpg?resize=1170%2C1655\" class=\"size-medium wp-image-1140 aligncenter\" width=\"1170\" height=\"1655\" srcset=\"https:\/\/i0.wp.com\/www.akram.pt\/web\/wp-content\/uploads\/2018\/10\/img_3030.jpg?w=1448&amp;ssl=1 1448w, https:\/\/i0.wp.com\/www.akram.pt\/web\/wp-content\/uploads\/2018\/10\/img_3030.jpg?resize=212%2C300&amp;ssl=1 212w, https:\/\/i0.wp.com\/www.akram.pt\/web\/wp-content\/uploads\/2018\/10\/img_3030.jpg?resize=768%2C1086&amp;ssl=1 768w, https:\/\/i0.wp.com\/www.akram.pt\/web\/wp-content\/uploads\/2018\/10\/img_3030.jpg?resize=724%2C1024&amp;ssl=1 724w\" sizes=\"auto, (max-width: 1170px) 100vw, 1170px\" \/><\/p>\n<p><a href=\"http:\/\/www.akram.pt\/web\/wp-content\/uploads\/2018\/10\/hp_2openmadeira_27out18.pdf\" target=\"_blank\" rel=\"noopener\">Hor\u00e1rio da Prova<\/a><\/p>\n","protected":false},"excerpt":{"rendered":"<p>Realiza-se no pr\u00f3ximo dia 27 de outubro a 2\u00aa Jornada do Open Madeira 2018\/19 para os escal\u00f5es de Cadetes a Seniores. Esta prova ir\u00e1 decorrer no Pavilh\u00e3o do Cani\u00e7o. Consulte abaixo o cartaz e hor\u00e1rio da prova. Hor\u00e1rio da Prova<\/p>\n","protected":false},"author":2,"featured_media":1140,"comment_status":"closed","ping_status":"open","sticky":false,"template":"","format":"standard","meta":{"_crdt_document":"","_jetpack_memberships_contains_paid_content":false,"footnotes":""},"categories":[7,4,9],"tags":[],"class_list":["post-1142","post","type-post","status-publish","format-standard","has-post-thumbnail","hentry","category-actividades","category-noticias","category-provas"],"jetpack_featured_media_url":"https:\/\/i0.wp.com\/www.akram.pt\/web\/wp-content\/uploads\/2018\/10\/img_3030.jpg?fit=1448%2C2048&ssl=1","jetpack_sharing_enabled":true,"_links":{"self":[{"href":"https:\/\/www.akram.pt\/web\/wp-json\/wp\/v2\/posts\/1142","targetHints":{"allow":["GET"]}}],"collection":[{"href":"https:\/\/www.akram.pt\/web\/wp-json\/wp\/v2\/posts"}],"about":[{"href":"https:\/\/www.akram.pt\/web\/wp-json\/wp\/v2\/types\/post"}],"author":[{"embeddable":true,"href":"https:\/\/www.akram.pt\/web\/wp-json\/wp\/v2\/users\/2"}],"replies":[{"embeddable":true,"href":"https:\/\/www.akram.pt\/web\/wp-json\/wp\/v2\/comments?post=1142"}],"version-history":[{"count":0,"href":"https:\/\/www.akram.pt\/web\/wp-json\/wp\/v2\/posts\/1142\/revisions"}],"wp:featuredmedia":[{"embeddable":true,"href":"https:\/\/www.akram.pt\/web\/wp-json\/wp\/v2\/media\/1140"}],"wp:attachment":[{"href":"https:\/\/www.akram.pt\/web\/wp-json\/wp\/v2\/media?parent=1142"}],"wp:term":[{"taxonomy":"category","embeddable":true,"href":"https:\/\/www.akram.pt\/web\/wp-json\/wp\/v2\/categories?post=1142"},{"taxonomy":"post_tag","embeddable":true,"href":"https:\/\/www.akram.pt\/web\/wp-json\/wp\/v2\/tags?post=1142"}],"curies":[{"name":"wp","href":"https:\/\/api.w.org\/{rel}","templated":true}]}}