{"id":1158,"date":"2018-10-31T10:50:12","date_gmt":"2018-10-31T10:50:12","guid":{"rendered":"http:\/\/www.akram.pt\/web\/2018\/10\/open-day-em-santa-cruz\/"},"modified":"2018-10-31T10:50:12","modified_gmt":"2018-10-31T10:50:12","slug":"open-day-em-santa-cruz","status":"publish","type":"post","link":"https:\/\/www.akram.pt\/web\/2018\/10\/open-day-em-santa-cruz\/","title":{"rendered":"Open Day em Santa Cruz"},"content":{"rendered":"<p>O Clube Desportivo Escola B\u00e1sica e Secund\u00e1ria de Santa Cruz organiza no pr\u00f3ximo dia 1 de novembro um Open Day de v\u00e1rias modalidades, e ter elas, a modalidade de karate!<\/p>\n<p><img data-recalc-dims=\"1\" loading=\"lazy\" decoding=\"async\" data-attachment-id=\"1157\" data-permalink=\"https:\/\/www.akram.pt\/web\/2018\/10\/open-day-em-santa-cruz\/img_3033\/#main\" data-orig-file=\"https:\/\/i0.wp.com\/www.akram.pt\/web\/wp-content\/uploads\/2018\/11\/img_3033.jpg?fit=1461%2C2048&amp;ssl=1\" data-orig-size=\"1461,2048\" data-comments-opened=\"0\" data-image-meta=\"{&quot;aperture&quot;:&quot;0&quot;,&quot;credit&quot;:&quot;&quot;,&quot;camera&quot;:&quot;&quot;,&quot;caption&quot;:&quot;&quot;,&quot;created_timestamp&quot;:&quot;0&quot;,&quot;copyright&quot;:&quot;&quot;,&quot;focal_length&quot;:&quot;0&quot;,&quot;iso&quot;:&quot;0&quot;,&quot;shutter_speed&quot;:&quot;0&quot;,&quot;title&quot;:&quot;&quot;,&quot;orientation&quot;:&quot;1&quot;}\" data-image-title=\"img_3033\" data-image-description=\"\" data-image-caption=\"\" data-large-file=\"https:\/\/i0.wp.com\/www.akram.pt\/web\/wp-content\/uploads\/2018\/11\/img_3033.jpg?fit=731%2C1024&amp;ssl=1\" src=\"https:\/\/i0.wp.com\/www.akram.pt\/web\/wp-content\/uploads\/2018\/11\/img_3033.jpg?resize=1170%2C1640\" class=\"aligncenter size-thumbnail wp-image-1157\" width=\"1170\" height=\"1640\" srcset=\"https:\/\/i0.wp.com\/www.akram.pt\/web\/wp-content\/uploads\/2018\/11\/img_3033.jpg?w=1461&amp;ssl=1 1461w, https:\/\/i0.wp.com\/www.akram.pt\/web\/wp-content\/uploads\/2018\/11\/img_3033.jpg?resize=214%2C300&amp;ssl=1 214w, https:\/\/i0.wp.com\/www.akram.pt\/web\/wp-content\/uploads\/2018\/11\/img_3033.jpg?resize=768%2C1077&amp;ssl=1 768w, https:\/\/i0.wp.com\/www.akram.pt\/web\/wp-content\/uploads\/2018\/11\/img_3033.jpg?resize=731%2C1024&amp;ssl=1 731w\" sizes=\"auto, (max-width: 1170px) 100vw, 1170px\" \/><\/p>\n<p>Participe e venha experimentar Karat\u00e9!<\/p>\n","protected":false},"excerpt":{"rendered":"<p>O Clube Desportivo Escola B\u00e1sica e Secund\u00e1ria de Santa Cruz organiza no pr\u00f3ximo dia 1 de novembro um Open Day de v\u00e1rias modalidades, e ter elas, a modalidade de karate! Participe e venha experimentar Karat\u00e9!<\/p>\n","protected":false},"author":2,"featured_media":1157,"comment_status":"closed","ping_status":"open","sticky":false,"template":"","format":"standard","meta":{"_crdt_document":"","_jetpack_memberships_contains_paid_content":false,"footnotes":""},"categories":[4],"tags":[],"class_list":["post-1158","post","type-post","status-publish","format-standard","has-post-thumbnail","hentry","category-noticias"],"jetpack_featured_media_url":"https:\/\/i0.wp.com\/www.akram.pt\/web\/wp-content\/uploads\/2018\/11\/img_3033.jpg?fit=1461%2C2048&ssl=1","jetpack_sharing_enabled":true,"_links":{"self":[{"href":"https:\/\/www.akram.pt\/web\/wp-json\/wp\/v2\/posts\/1158","targetHints":{"allow":["GET"]}}],"collection":[{"href":"https:\/\/www.akram.pt\/web\/wp-json\/wp\/v2\/posts"}],"about":[{"href":"https:\/\/www.akram.pt\/web\/wp-json\/wp\/v2\/types\/post"}],"author":[{"embeddable":true,"href":"https:\/\/www.akram.pt\/web\/wp-json\/wp\/v2\/users\/2"}],"replies":[{"embeddable":true,"href":"https:\/\/www.akram.pt\/web\/wp-json\/wp\/v2\/comments?post=1158"}],"version-history":[{"count":0,"href":"https:\/\/www.akram.pt\/web\/wp-json\/wp\/v2\/posts\/1158\/revisions"}],"wp:featuredmedia":[{"embeddable":true,"href":"https:\/\/www.akram.pt\/web\/wp-json\/wp\/v2\/media\/1157"}],"wp:attachment":[{"href":"https:\/\/www.akram.pt\/web\/wp-json\/wp\/v2\/media?parent=1158"}],"wp:term":[{"taxonomy":"category","embeddable":true,"href":"https:\/\/www.akram.pt\/web\/wp-json\/wp\/v2\/categories?post=1158"},{"taxonomy":"post_tag","embeddable":true,"href":"https:\/\/www.akram.pt\/web\/wp-json\/wp\/v2\/tags?post=1158"}],"curies":[{"name":"wp","href":"https:\/\/api.w.org\/{rel}","templated":true}]}}