{"id":1161,"date":"2018-11-07T22:29:12","date_gmt":"2018-11-07T22:29:12","guid":{"rendered":"http:\/\/www.akram.pt\/web\/2018\/11\/3o-open-madeira-nivel-a-cadjunsen-e-sen35-equipas-kata-kumite-e-sanbom-kumite-2018-19\/"},"modified":"2018-11-07T22:29:12","modified_gmt":"2018-11-07T22:29:12","slug":"3o-open-madeira-nivel-a-cadjunsen-e-sen35-equipas-kata-kumite-e-sanbom-kumite-2018-19","status":"publish","type":"post","link":"https:\/\/www.akram.pt\/web\/2018\/11\/3o-open-madeira-nivel-a-cadjunsen-e-sen35-equipas-kata-kumite-e-sanbom-kumite-2018-19\/","title":{"rendered":"3\u00ba Open Madeira N\u00edvel A &#8211; Cad,Jun,Sen e Sen+35 | Equipas Kata\/Kumite e Sanbom Kumite &#8211; 2018\/19"},"content":{"rendered":"<p>No pr\u00f3ximo dia 10 de Novembro realizam-se as seguintes provas do calend\u00e1rio desportivo da AKRAM:<\/p>\n<ul>\n<li>3\u00baOpen Madeira N\u00edvel A_Cad.Jun.Sen.Sen.+35<\/li>\n<li>3\u00baOpen Madeira Equipas Kata\/Kumit\u00e9 &#8211; Sanbom Kumit\u00e9_Cad.Jun.Sen.Sen.+35<\/li>\n<\/ul>\n<p><img data-recalc-dims=\"1\" loading=\"lazy\" decoding=\"async\" data-attachment-id=\"1160\" data-permalink=\"https:\/\/www.akram.pt\/web\/2018\/11\/3o-open-madeira-nivel-a-cadjunsen-e-sen35-equipas-kata-kumite-e-sanbom-kumite-2018-19\/img_3040\/#main\" data-orig-file=\"https:\/\/i0.wp.com\/www.akram.pt\/web\/wp-content\/uploads\/2018\/11\/img_3040.jpg?fit=2480%2C3508&amp;ssl=1\" data-orig-size=\"2480,3508\" data-comments-opened=\"0\" data-image-meta=\"{&quot;aperture&quot;:&quot;0&quot;,&quot;credit&quot;:&quot;&quot;,&quot;camera&quot;:&quot;&quot;,&quot;caption&quot;:&quot;&quot;,&quot;created_timestamp&quot;:&quot;0&quot;,&quot;copyright&quot;:&quot;&quot;,&quot;focal_length&quot;:&quot;0&quot;,&quot;iso&quot;:&quot;0&quot;,&quot;shutter_speed&quot;:&quot;0&quot;,&quot;title&quot;:&quot;&quot;,&quot;orientation&quot;:&quot;1&quot;}\" data-image-title=\"img_3040\" data-image-description=\"\" data-image-caption=\"\" data-large-file=\"https:\/\/i0.wp.com\/www.akram.pt\/web\/wp-content\/uploads\/2018\/11\/img_3040.jpg?fit=724%2C1024&amp;ssl=1\" src=\"https:\/\/i0.wp.com\/www.akram.pt\/web\/wp-content\/uploads\/2018\/11\/img_3040.jpg?resize=1170%2C1655\" class=\"size-thumbnail wp-image-1160 aligncenter\" width=\"1170\" height=\"1655\" srcset=\"https:\/\/i0.wp.com\/www.akram.pt\/web\/wp-content\/uploads\/2018\/11\/img_3040.jpg?w=2480&amp;ssl=1 2480w, https:\/\/i0.wp.com\/www.akram.pt\/web\/wp-content\/uploads\/2018\/11\/img_3040.jpg?resize=212%2C300&amp;ssl=1 212w, https:\/\/i0.wp.com\/www.akram.pt\/web\/wp-content\/uploads\/2018\/11\/img_3040.jpg?resize=768%2C1086&amp;ssl=1 768w, https:\/\/i0.wp.com\/www.akram.pt\/web\/wp-content\/uploads\/2018\/11\/img_3040.jpg?resize=724%2C1024&amp;ssl=1 724w, https:\/\/i0.wp.com\/www.akram.pt\/web\/wp-content\/uploads\/2018\/11\/img_3040.jpg?w=2340&amp;ssl=1 2340w\" sizes=\"auto, (max-width: 1170px) 100vw, 1170px\" \/><\/p>\n<p>Esta prova realiza-se no Pavilh\u00e3o do Cani\u00e7o, com in\u00edcio previsto para as 14h.<\/p>\n<p>Consulte abaixo hor\u00e1rio da prova.<\/p>\n<p><img data-recalc-dims=\"1\" loading=\"lazy\" decoding=\"async\" data-attachment-id=\"1159\" data-permalink=\"https:\/\/www.akram.pt\/web\/2018\/11\/3o-open-madeira-nivel-a-cadjunsen-e-sen35-equipas-kata-kumite-e-sanbom-kumite-2018-19\/img_3039\/#main\" data-orig-file=\"https:\/\/i0.wp.com\/www.akram.pt\/web\/wp-content\/uploads\/2018\/11\/img_3039.jpg?fit=1080%2C1588&amp;ssl=1\" data-orig-size=\"1080,1588\" data-comments-opened=\"0\" data-image-meta=\"{&quot;aperture&quot;:&quot;0&quot;,&quot;credit&quot;:&quot;&quot;,&quot;camera&quot;:&quot;&quot;,&quot;caption&quot;:&quot;&quot;,&quot;created_timestamp&quot;:&quot;0&quot;,&quot;copyright&quot;:&quot;&quot;,&quot;focal_length&quot;:&quot;0&quot;,&quot;iso&quot;:&quot;0&quot;,&quot;shutter_speed&quot;:&quot;0&quot;,&quot;title&quot;:&quot;&quot;,&quot;orientation&quot;:&quot;1&quot;}\" data-image-title=\"img_3039\" data-image-description=\"\" data-image-caption=\"\" data-large-file=\"https:\/\/i0.wp.com\/www.akram.pt\/web\/wp-content\/uploads\/2018\/11\/img_3039.jpg?fit=696%2C1024&amp;ssl=1\" src=\"https:\/\/i0.wp.com\/www.akram.pt\/web\/wp-content\/uploads\/2018\/11\/img_3039.jpg?resize=1080%2C1588\" class=\"size-thumbnail wp-image-1159 aligncenter\" width=\"1080\" height=\"1588\" srcset=\"https:\/\/i0.wp.com\/www.akram.pt\/web\/wp-content\/uploads\/2018\/11\/img_3039.jpg?w=1080&amp;ssl=1 1080w, https:\/\/i0.wp.com\/www.akram.pt\/web\/wp-content\/uploads\/2018\/11\/img_3039.jpg?resize=204%2C300&amp;ssl=1 204w, https:\/\/i0.wp.com\/www.akram.pt\/web\/wp-content\/uploads\/2018\/11\/img_3039.jpg?resize=768%2C1129&amp;ssl=1 768w, https:\/\/i0.wp.com\/www.akram.pt\/web\/wp-content\/uploads\/2018\/11\/img_3039.jpg?resize=696%2C1024&amp;ssl=1 696w\" sizes=\"auto, (max-width: 1080px) 100vw, 1080px\" \/><\/p>\n","protected":false},"excerpt":{"rendered":"<p>No pr\u00f3ximo dia 10 de Novembro realizam-se as seguintes provas do calend\u00e1rio desportivo da AKRAM: 3\u00baOpen Madeira N\u00edvel A_Cad.Jun.Sen.Sen.+35 3\u00baOpen Madeira Equipas Kata\/Kumit\u00e9 &#8211; Sanbom Kumit\u00e9_Cad.Jun.Sen.Sen.+35 Esta prova realiza-se no Pavilh\u00e3o do Cani\u00e7o, com in\u00edcio previsto para as 14h. Consulte abaixo hor\u00e1rio da prova.<\/p>\n","protected":false},"author":2,"featured_media":1160,"comment_status":"closed","ping_status":"open","sticky":false,"template":"","format":"standard","meta":{"_crdt_document":"","_jetpack_memberships_contains_paid_content":false,"footnotes":""},"categories":[7,4,9],"tags":[],"class_list":["post-1161","post","type-post","status-publish","format-standard","has-post-thumbnail","hentry","category-actividades","category-noticias","category-provas"],"jetpack_featured_media_url":"https:\/\/i0.wp.com\/www.akram.pt\/web\/wp-content\/uploads\/2018\/11\/img_3040.jpg?fit=2480%2C3508&ssl=1","jetpack_sharing_enabled":true,"_links":{"self":[{"href":"https:\/\/www.akram.pt\/web\/wp-json\/wp\/v2\/posts\/1161","targetHints":{"allow":["GET"]}}],"collection":[{"href":"https:\/\/www.akram.pt\/web\/wp-json\/wp\/v2\/posts"}],"about":[{"href":"https:\/\/www.akram.pt\/web\/wp-json\/wp\/v2\/types\/post"}],"author":[{"embeddable":true,"href":"https:\/\/www.akram.pt\/web\/wp-json\/wp\/v2\/users\/2"}],"replies":[{"embeddable":true,"href":"https:\/\/www.akram.pt\/web\/wp-json\/wp\/v2\/comments?post=1161"}],"version-history":[{"count":0,"href":"https:\/\/www.akram.pt\/web\/wp-json\/wp\/v2\/posts\/1161\/revisions"}],"wp:featuredmedia":[{"embeddable":true,"href":"https:\/\/www.akram.pt\/web\/wp-json\/wp\/v2\/media\/1160"}],"wp:attachment":[{"href":"https:\/\/www.akram.pt\/web\/wp-json\/wp\/v2\/media?parent=1161"}],"wp:term":[{"taxonomy":"category","embeddable":true,"href":"https:\/\/www.akram.pt\/web\/wp-json\/wp\/v2\/categories?post=1161"},{"taxonomy":"post_tag","embeddable":true,"href":"https:\/\/www.akram.pt\/web\/wp-json\/wp\/v2\/tags?post=1161"}],"curies":[{"name":"wp","href":"https:\/\/api.w.org\/{rel}","templated":true}]}}