{"id":1168,"date":"2018-11-14T23:37:50","date_gmt":"2018-11-14T23:37:50","guid":{"rendered":"http:\/\/www.akram.pt\/web\/2018\/11\/2o-open-madeira-juvenis-1o-open-madeira-iniciados-1o-open-madeira-equipas-infantis-iniciados-juvenis-prova-regular-1o-open-madeira-infantis-2018-19\/"},"modified":"2019-01-03T21:12:01","modified_gmt":"2019-01-03T21:12:01","slug":"2o-open-madeira-juvenis-1o-open-madeira-iniciados-1o-open-madeira-equipas-infantis-iniciados-juvenis-prova-regular-1o-open-madeira-infantis-2018-19","status":"publish","type":"post","link":"https:\/\/www.akram.pt\/web\/2018\/11\/2o-open-madeira-juvenis-1o-open-madeira-iniciados-1o-open-madeira-equipas-infantis-iniciados-juvenis-prova-regular-1o-open-madeira-infantis-2018-19\/","title":{"rendered":"2\u00ba Open Madeira Juvenis | 1\u00ba Open Madeira Iniciados | 1\u00ba Open Madeira Equipas \u2013 Infantis\/Iniciados\/Juvenis &#8211; Prova Regular | 1\u00ba Open Madeira Infantis &#8211; 2018\/19"},"content":{"rendered":"<p>Realiza-se no pr\u00f3ximo dia 17 de novembro, no Pavilh\u00e3o do Cani\u00e7o, as seguintes provas do calend\u00e1rio desportivo da AKRAM:<\/p>\n<ul>\n<li>2\u00ba Open Madeira Juvenis<\/li>\n<li>1\u00ba Open Madeira Iniciados<\/li>\n<li>1\u00ba Open Madeira Equipas \u2013 Infantis\/Iniciados\/Juvenis &#8211; Prova Regular<\/li>\n<li>1\u00ba Open Madeira Infantis &#8211; Pav. Cani\u00e7o<\/li>\n<\/ul>\n<p><img data-recalc-dims=\"1\" loading=\"lazy\" decoding=\"async\" data-attachment-id=\"1167\" data-permalink=\"https:\/\/www.akram.pt\/web\/2018\/11\/2o-open-madeira-juvenis-1o-open-madeira-iniciados-1o-open-madeira-equipas-infantis-iniciados-juvenis-prova-regular-1o-open-madeira-infantis-2018-19\/img_3041-1\/#main\" data-orig-file=\"https:\/\/i0.wp.com\/www.akram.pt\/web\/wp-content\/uploads\/2018\/11\/img_3041-1.jpg?fit=1448%2C2048&amp;ssl=1\" data-orig-size=\"1448,2048\" data-comments-opened=\"0\" data-image-meta=\"{&quot;aperture&quot;:&quot;0&quot;,&quot;credit&quot;:&quot;&quot;,&quot;camera&quot;:&quot;&quot;,&quot;caption&quot;:&quot;&quot;,&quot;created_timestamp&quot;:&quot;0&quot;,&quot;copyright&quot;:&quot;&quot;,&quot;focal_length&quot;:&quot;0&quot;,&quot;iso&quot;:&quot;0&quot;,&quot;shutter_speed&quot;:&quot;0&quot;,&quot;title&quot;:&quot;&quot;,&quot;orientation&quot;:&quot;1&quot;}\" data-image-title=\"img_3041-1\" data-image-description=\"\" data-image-caption=\"\" data-large-file=\"https:\/\/i0.wp.com\/www.akram.pt\/web\/wp-content\/uploads\/2018\/11\/img_3041-1.jpg?fit=724%2C1024&amp;ssl=1\" src=\"https:\/\/i0.wp.com\/www.akram.pt\/web\/wp-content\/uploads\/2018\/11\/img_3041-1.jpg?resize=1170%2C1655\" class=\"wp-image-1167 aligncenter size-medium\" width=\"1170\" height=\"1655\" srcset=\"https:\/\/i0.wp.com\/www.akram.pt\/web\/wp-content\/uploads\/2018\/11\/img_3041-1.jpg?w=1448&amp;ssl=1 1448w, https:\/\/i0.wp.com\/www.akram.pt\/web\/wp-content\/uploads\/2018\/11\/img_3041-1.jpg?resize=212%2C300&amp;ssl=1 212w, https:\/\/i0.wp.com\/www.akram.pt\/web\/wp-content\/uploads\/2018\/11\/img_3041-1.jpg?resize=768%2C1086&amp;ssl=1 768w, https:\/\/i0.wp.com\/www.akram.pt\/web\/wp-content\/uploads\/2018\/11\/img_3041-1.jpg?resize=724%2C1024&amp;ssl=1 724w\" sizes=\"auto, (max-width: 1170px) 100vw, 1170px\" \/><\/p>\n<p>Consulte abaixo o hor\u00e1rio da prova.<\/p>\n<p><img data-recalc-dims=\"1\" loading=\"lazy\" decoding=\"async\" data-attachment-id=\"1165\" data-permalink=\"https:\/\/www.akram.pt\/web\/2018\/11\/2o-open-madeira-juvenis-1o-open-madeira-iniciados-1o-open-madeira-equipas-infantis-iniciados-juvenis-prova-regular-1o-open-madeira-infantis-2018-19\/img_3042\/#main\" data-orig-file=\"https:\/\/i0.wp.com\/www.akram.pt\/web\/wp-content\/uploads\/2018\/11\/img_3042.jpg?fit=684%2C960&amp;ssl=1\" data-orig-size=\"684,960\" data-comments-opened=\"0\" data-image-meta=\"{&quot;aperture&quot;:&quot;0&quot;,&quot;credit&quot;:&quot;&quot;,&quot;camera&quot;:&quot;&quot;,&quot;caption&quot;:&quot;&quot;,&quot;created_timestamp&quot;:&quot;0&quot;,&quot;copyright&quot;:&quot;&quot;,&quot;focal_length&quot;:&quot;0&quot;,&quot;iso&quot;:&quot;0&quot;,&quot;shutter_speed&quot;:&quot;0&quot;,&quot;title&quot;:&quot;&quot;,&quot;orientation&quot;:&quot;1&quot;}\" data-image-title=\"img_3042\" data-image-description=\"\" data-image-caption=\"\" data-large-file=\"https:\/\/i0.wp.com\/www.akram.pt\/web\/wp-content\/uploads\/2018\/11\/img_3042.jpg?fit=684%2C960&amp;ssl=1\" src=\"https:\/\/i0.wp.com\/www.akram.pt\/web\/wp-content\/uploads\/2018\/11\/img_3042.jpg?resize=684%2C960\" class=\"size-thumbnail wp-image-1165 aligncenter\" width=\"684\" height=\"960\" srcset=\"https:\/\/i0.wp.com\/www.akram.pt\/web\/wp-content\/uploads\/2018\/11\/img_3042.jpg?w=684&amp;ssl=1 684w, https:\/\/i0.wp.com\/www.akram.pt\/web\/wp-content\/uploads\/2018\/11\/img_3042.jpg?resize=214%2C300&amp;ssl=1 214w\" sizes=\"auto, (max-width: 684px) 100vw, 684px\" \/><\/p>\n","protected":false},"excerpt":{"rendered":"<p>Realiza-se no pr\u00f3ximo dia 17 de novembro, no Pavilh\u00e3o do Cani\u00e7o, as seguintes provas do calend\u00e1rio desportivo da AKRAM: 2\u00ba Open Madeira Juvenis 1\u00ba Open Madeira Iniciados 1\u00ba Open Madeira Equipas \u2013 Infantis\/Iniciados\/Juvenis &#8211; Prova Regular 1\u00ba Open Madeira Infantis &#8211; Pav. Cani\u00e7o Consulte abaixo o hor\u00e1rio da prova.<\/p>\n","protected":false},"author":2,"featured_media":1166,"comment_status":"closed","ping_status":"open","sticky":false,"template":"","format":"standard","meta":{"_crdt_document":"","_jetpack_memberships_contains_paid_content":false,"footnotes":""},"categories":[7,4,9],"tags":[],"class_list":["post-1168","post","type-post","status-publish","format-standard","has-post-thumbnail","hentry","category-actividades","category-noticias","category-provas"],"jetpack_featured_media_url":"https:\/\/i0.wp.com\/www.akram.pt\/web\/wp-content\/uploads\/2018\/11\/img_3041.jpg?fit=1448%2C2048&ssl=1","jetpack_sharing_enabled":true,"_links":{"self":[{"href":"https:\/\/www.akram.pt\/web\/wp-json\/wp\/v2\/posts\/1168","targetHints":{"allow":["GET"]}}],"collection":[{"href":"https:\/\/www.akram.pt\/web\/wp-json\/wp\/v2\/posts"}],"about":[{"href":"https:\/\/www.akram.pt\/web\/wp-json\/wp\/v2\/types\/post"}],"author":[{"embeddable":true,"href":"https:\/\/www.akram.pt\/web\/wp-json\/wp\/v2\/users\/2"}],"replies":[{"embeddable":true,"href":"https:\/\/www.akram.pt\/web\/wp-json\/wp\/v2\/comments?post=1168"}],"version-history":[{"count":0,"href":"https:\/\/www.akram.pt\/web\/wp-json\/wp\/v2\/posts\/1168\/revisions"}],"wp:featuredmedia":[{"embeddable":true,"href":"https:\/\/www.akram.pt\/web\/wp-json\/wp\/v2\/media\/1166"}],"wp:attachment":[{"href":"https:\/\/www.akram.pt\/web\/wp-json\/wp\/v2\/media?parent=1168"}],"wp:term":[{"taxonomy":"category","embeddable":true,"href":"https:\/\/www.akram.pt\/web\/wp-json\/wp\/v2\/categories?post=1168"},{"taxonomy":"post_tag","embeddable":true,"href":"https:\/\/www.akram.pt\/web\/wp-json\/wp\/v2\/tags?post=1168"}],"curies":[{"name":"wp","href":"https:\/\/api.w.org\/{rel}","templated":true}]}}