{"id":1177,"date":"2019-01-03T21:24:43","date_gmt":"2019-01-03T21:24:43","guid":{"rendered":"http:\/\/www.akram.pt\/web\/?p=1177"},"modified":"2019-01-03T21:25:19","modified_gmt":"2019-01-03T21:25:19","slug":"acao-de-formacao-em-primeiros-socorros-e-suporte-basico-de-vida","status":"publish","type":"post","link":"https:\/\/www.akram.pt\/web\/2019\/01\/acao-de-formacao-em-primeiros-socorros-e-suporte-basico-de-vida\/","title":{"rendered":"A\u00e7\u00e3o de Forma\u00e7\u00e3o em Primeiros Socorros e Suporte B\u00e1sico de Vida"},"content":{"rendered":"\n<p class=\"wp-block-paragraph\">Realiza-se no pr\u00f3ximo dia 5 de janeiro, no Pavilh\u00e3o do Cani\u00e7o, a A\u00e7\u00e3o de Forma\u00e7\u00e3o em Primeiros Socorros e Suporte B\u00e1sico de Vida, relativamente ao m\u00f3dulo &#8220;M\u00fasculo Esquel\u00e9tico e Les\u00f5es da Cabe\u00e7a, Pesco\u00e7o e Costas&#8221;.<\/p>\n\n\n\n<p class=\"wp-block-paragraph\">Esta forma\u00e7\u00e3o \u00e9 dirigida a todos os agentes desportivos: treinadores, t\u00e9cnicos de arbitragem, atletas e encarregados de educa\u00e7\u00e3o.<\/p>\n\n\n\n<div class=\"wp-block-image\"><figure class=\"aligncenter\"><img data-recalc-dims=\"1\" loading=\"lazy\" decoding=\"async\" width=\"212\" height=\"300\" data-attachment-id=\"1178\" data-permalink=\"https:\/\/www.akram.pt\/web\/2019\/01\/acao-de-formacao-em-primeiros-socorros-e-suporte-basico-de-vida\/cartazaf_primeirossocorros_m_5jan_2018_19\/#main\" data-orig-file=\"https:\/\/i0.wp.com\/www.akram.pt\/web\/wp-content\/uploads\/2019\/01\/CartazAF_PrimeirosSocorros_M_5Jan_2018_19.jpg?fit=3508%2C4961&amp;ssl=1\" data-orig-size=\"3508,4961\" data-comments-opened=\"0\" data-image-meta=\"{&quot;aperture&quot;:&quot;0&quot;,&quot;credit&quot;:&quot;&quot;,&quot;camera&quot;:&quot;&quot;,&quot;caption&quot;:&quot;&quot;,&quot;created_timestamp&quot;:&quot;0&quot;,&quot;copyright&quot;:&quot;&quot;,&quot;focal_length&quot;:&quot;0&quot;,&quot;iso&quot;:&quot;0&quot;,&quot;shutter_speed&quot;:&quot;0&quot;,&quot;title&quot;:&quot;&quot;,&quot;orientation&quot;:&quot;1&quot;}\" data-image-title=\"CartazAF_PrimeirosSocorros_M_5Jan_2018_19\" data-image-description=\"\" data-image-caption=\"\" data-large-file=\"https:\/\/i0.wp.com\/www.akram.pt\/web\/wp-content\/uploads\/2019\/01\/CartazAF_PrimeirosSocorros_M_5Jan_2018_19.jpg?fit=724%2C1024&amp;ssl=1\" src=\"https:\/\/i0.wp.com\/www.akram.pt\/web\/wp-content\/uploads\/2019\/01\/CartazAF_PrimeirosSocorros_M_5Jan_2018_19-212x300.jpg?resize=212%2C300\" alt=\"\" class=\"wp-image-1178\" srcset=\"https:\/\/i0.wp.com\/www.akram.pt\/web\/wp-content\/uploads\/2019\/01\/CartazAF_PrimeirosSocorros_M_5Jan_2018_19.jpg?resize=212%2C300&amp;ssl=1 212w, https:\/\/i0.wp.com\/www.akram.pt\/web\/wp-content\/uploads\/2019\/01\/CartazAF_PrimeirosSocorros_M_5Jan_2018_19.jpg?resize=768%2C1086&amp;ssl=1 768w, https:\/\/i0.wp.com\/www.akram.pt\/web\/wp-content\/uploads\/2019\/01\/CartazAF_PrimeirosSocorros_M_5Jan_2018_19.jpg?resize=724%2C1024&amp;ssl=1 724w, https:\/\/i0.wp.com\/www.akram.pt\/web\/wp-content\/uploads\/2019\/01\/CartazAF_PrimeirosSocorros_M_5Jan_2018_19.jpg?w=2340&amp;ssl=1 2340w\" sizes=\"auto, (max-width: 212px) 100vw, 212px\" \/><\/figure><\/div>\n","protected":false},"excerpt":{"rendered":"<p>Realiza-se no pr\u00f3ximo dia 5 de janeiro, no Pavilh\u00e3o do Cani\u00e7o, a A\u00e7\u00e3o de Forma\u00e7\u00e3o em Primeiros Socorros e Suporte B\u00e1sico de Vida, relativamente ao m\u00f3dulo &#8220;M\u00fasculo Esquel\u00e9tico e Les\u00f5es da Cabe\u00e7a, Pesco\u00e7o e Costas&#8221;. Esta forma\u00e7\u00e3o \u00e9 dirigida a todos os agentes desportivos: treinadores, t\u00e9cnicos de arbitragem, atletas e encarregados de educa\u00e7\u00e3o.<\/p>\n","protected":false},"author":2,"featured_media":1178,"comment_status":"closed","ping_status":"open","sticky":false,"template":"","format":"standard","meta":{"_crdt_document":"","_jetpack_memberships_contains_paid_content":false,"footnotes":""},"categories":[7,4],"tags":[],"class_list":["post-1177","post","type-post","status-publish","format-standard","has-post-thumbnail","hentry","category-actividades","category-noticias"],"jetpack_featured_media_url":"https:\/\/i0.wp.com\/www.akram.pt\/web\/wp-content\/uploads\/2019\/01\/CartazAF_PrimeirosSocorros_M_5Jan_2018_19.jpg?fit=3508%2C4961&ssl=1","jetpack_sharing_enabled":true,"_links":{"self":[{"href":"https:\/\/www.akram.pt\/web\/wp-json\/wp\/v2\/posts\/1177","targetHints":{"allow":["GET"]}}],"collection":[{"href":"https:\/\/www.akram.pt\/web\/wp-json\/wp\/v2\/posts"}],"about":[{"href":"https:\/\/www.akram.pt\/web\/wp-json\/wp\/v2\/types\/post"}],"author":[{"embeddable":true,"href":"https:\/\/www.akram.pt\/web\/wp-json\/wp\/v2\/users\/2"}],"replies":[{"embeddable":true,"href":"https:\/\/www.akram.pt\/web\/wp-json\/wp\/v2\/comments?post=1177"}],"version-history":[{"count":0,"href":"https:\/\/www.akram.pt\/web\/wp-json\/wp\/v2\/posts\/1177\/revisions"}],"wp:featuredmedia":[{"embeddable":true,"href":"https:\/\/www.akram.pt\/web\/wp-json\/wp\/v2\/media\/1178"}],"wp:attachment":[{"href":"https:\/\/www.akram.pt\/web\/wp-json\/wp\/v2\/media?parent=1177"}],"wp:term":[{"taxonomy":"category","embeddable":true,"href":"https:\/\/www.akram.pt\/web\/wp-json\/wp\/v2\/categories?post=1177"},{"taxonomy":"post_tag","embeddable":true,"href":"https:\/\/www.akram.pt\/web\/wp-json\/wp\/v2\/tags?post=1177"}],"curies":[{"name":"wp","href":"https:\/\/api.w.org\/{rel}","templated":true}]}}