{"id":1181,"date":"2019-01-11T23:02:33","date_gmt":"2019-01-11T23:02:33","guid":{"rendered":"http:\/\/www.akram.pt\/web\/?p=1181"},"modified":"2019-01-11T23:02:46","modified_gmt":"2019-01-11T23:02:46","slug":"3o-open-madeira-juvenis-2o-open-madeira-iniciados-2o-open-madeira-equipas-infantis-iniciados-juvenis-prova-regular-2o-open-madeira-infantis-2018-19","status":"publish","type":"post","link":"https:\/\/www.akram.pt\/web\/2019\/01\/3o-open-madeira-juvenis-2o-open-madeira-iniciados-2o-open-madeira-equipas-infantis-iniciados-juvenis-prova-regular-2o-open-madeira-infantis-2018-19\/","title":{"rendered":"3\u00ba Open Madeira Juvenis | 2\u00ba Open Madeira Iniciados | 2\u00ba Open Madeira Equipas \u2013 Infantis\/Iniciados\/Juvenis \u2013 Prova Regular | 2\u00ba Open Madeira Infantis \u2013 2018\/19"},"content":{"rendered":"\n<p class=\"wp-block-paragraph\">Realiza-se no pr\u00f3ximo dia 12 de janeiro, no Pavilh\u00e3o do Cani\u00e7o, as seguintes provas do calend\u00e1rio desportivo da AKRAM:<\/p>\n\n\n\n<ul class=\"wp-block-list\"><li>3\u00ba Open Madeira Juvenis<\/li><li>2\u00ba Open Madeira Iniciados<\/li><li>2\u00ba Open Madeira Equipas \u2013 Infantis\/Iniciados\/Juvenis \u2013 Prova Regular<\/li><li>2\u00ba Open Madeira Infantis<\/li><\/ul>\n\n\n\n<div class=\"wp-block-image\"><figure class=\"aligncenter\"><a href=\"https:\/\/i0.wp.com\/www.akram.pt\/web\/wp-content\/uploads\/2019\/01\/CartazTM_OpensMadeira_12jan19.jpg\" rel=\"lightbox[1181]\"><img data-recalc-dims=\"1\" loading=\"lazy\" decoding=\"async\" width=\"212\" height=\"300\" data-attachment-id=\"1183\" data-permalink=\"https:\/\/www.akram.pt\/web\/2019\/01\/3o-open-madeira-juvenis-2o-open-madeira-iniciados-2o-open-madeira-equipas-infantis-iniciados-juvenis-prova-regular-2o-open-madeira-infantis-2018-19\/cartaztm_opensmadeira_12jan19\/#main\" data-orig-file=\"https:\/\/i0.wp.com\/www.akram.pt\/web\/wp-content\/uploads\/2019\/01\/CartazTM_OpensMadeira_12jan19.jpg?fit=2480%2C3508&amp;ssl=1\" data-orig-size=\"2480,3508\" data-comments-opened=\"0\" data-image-meta=\"{&quot;aperture&quot;:&quot;0&quot;,&quot;credit&quot;:&quot;&quot;,&quot;camera&quot;:&quot;&quot;,&quot;caption&quot;:&quot;&quot;,&quot;created_timestamp&quot;:&quot;0&quot;,&quot;copyright&quot;:&quot;&quot;,&quot;focal_length&quot;:&quot;0&quot;,&quot;iso&quot;:&quot;0&quot;,&quot;shutter_speed&quot;:&quot;0&quot;,&quot;title&quot;:&quot;&quot;,&quot;orientation&quot;:&quot;0&quot;}\" data-image-title=\"CartazTM_OpensMadeira_12jan19\" data-image-description=\"\" data-image-caption=\"\" data-large-file=\"https:\/\/i0.wp.com\/www.akram.pt\/web\/wp-content\/uploads\/2019\/01\/CartazTM_OpensMadeira_12jan19.jpg?fit=724%2C1024&amp;ssl=1\" src=\"https:\/\/i0.wp.com\/www.akram.pt\/web\/wp-content\/uploads\/2019\/01\/CartazTM_OpensMadeira_12jan19-212x300.jpg?resize=212%2C300\" alt=\"\" class=\"wp-image-1183\" srcset=\"https:\/\/i0.wp.com\/www.akram.pt\/web\/wp-content\/uploads\/2019\/01\/CartazTM_OpensMadeira_12jan19.jpg?resize=212%2C300&amp;ssl=1 212w, https:\/\/i0.wp.com\/www.akram.pt\/web\/wp-content\/uploads\/2019\/01\/CartazTM_OpensMadeira_12jan19.jpg?resize=768%2C1086&amp;ssl=1 768w, https:\/\/i0.wp.com\/www.akram.pt\/web\/wp-content\/uploads\/2019\/01\/CartazTM_OpensMadeira_12jan19.jpg?resize=724%2C1024&amp;ssl=1 724w, https:\/\/i0.wp.com\/www.akram.pt\/web\/wp-content\/uploads\/2019\/01\/CartazTM_OpensMadeira_12jan19.jpg?w=2340&amp;ssl=1 2340w\" sizes=\"auto, (max-width: 212px) 100vw, 212px\" \/><\/a><figcaption>Cartaz do Evento<\/figcaption><\/figure><\/div>\n\n\n\n<div class=\"wp-block-file\"><a href=\"http:\/\/www.akram.pt\/web\/wp-content\/uploads\/2019\/01\/HP_OpenMadeira_12Jan19.pdf\">Consulte os hor\u00e1rios do evento<\/a><a href=\"http:\/\/www.akram.pt\/web\/wp-content\/uploads\/2019\/01\/HP_OpenMadeira_12Jan19.pdf\" class=\"wp-block-file__button\" download>Download<\/a><\/div>\n","protected":false},"excerpt":{"rendered":"<p>Realiza-se no pr\u00f3ximo dia 12 de janeiro, no Pavilh\u00e3o do Cani\u00e7o, as seguintes provas do calend\u00e1rio desportivo da AKRAM: 3\u00ba Open Madeira Juvenis 2\u00ba Open Madeira Iniciados 2\u00ba Open Madeira Equipas \u2013 Infantis\/Iniciados\/Juvenis \u2013 Prova Regular 2\u00ba Open Madeira Infantis<\/p>\n","protected":false},"author":2,"featured_media":1183,"comment_status":"closed","ping_status":"open","sticky":false,"template":"","format":"standard","meta":{"_crdt_document":"","_jetpack_memberships_contains_paid_content":false,"footnotes":""},"categories":[7,4,9],"tags":[],"class_list":["post-1181","post","type-post","status-publish","format-standard","has-post-thumbnail","hentry","category-actividades","category-noticias","category-provas"],"jetpack_featured_media_url":"https:\/\/i0.wp.com\/www.akram.pt\/web\/wp-content\/uploads\/2019\/01\/CartazTM_OpensMadeira_12jan19.jpg?fit=2480%2C3508&ssl=1","jetpack_sharing_enabled":true,"_links":{"self":[{"href":"https:\/\/www.akram.pt\/web\/wp-json\/wp\/v2\/posts\/1181","targetHints":{"allow":["GET"]}}],"collection":[{"href":"https:\/\/www.akram.pt\/web\/wp-json\/wp\/v2\/posts"}],"about":[{"href":"https:\/\/www.akram.pt\/web\/wp-json\/wp\/v2\/types\/post"}],"author":[{"embeddable":true,"href":"https:\/\/www.akram.pt\/web\/wp-json\/wp\/v2\/users\/2"}],"replies":[{"embeddable":true,"href":"https:\/\/www.akram.pt\/web\/wp-json\/wp\/v2\/comments?post=1181"}],"version-history":[{"count":0,"href":"https:\/\/www.akram.pt\/web\/wp-json\/wp\/v2\/posts\/1181\/revisions"}],"wp:featuredmedia":[{"embeddable":true,"href":"https:\/\/www.akram.pt\/web\/wp-json\/wp\/v2\/media\/1183"}],"wp:attachment":[{"href":"https:\/\/www.akram.pt\/web\/wp-json\/wp\/v2\/media?parent=1181"}],"wp:term":[{"taxonomy":"category","embeddable":true,"href":"https:\/\/www.akram.pt\/web\/wp-json\/wp\/v2\/categories?post=1181"},{"taxonomy":"post_tag","embeddable":true,"href":"https:\/\/www.akram.pt\/web\/wp-json\/wp\/v2\/tags?post=1181"}],"curies":[{"name":"wp","href":"https:\/\/api.w.org\/{rel}","templated":true}]}}