{"id":1201,"date":"2019-01-30T23:59:05","date_gmt":"2019-01-30T23:59:05","guid":{"rendered":"http:\/\/www.akram.pt\/web\/2019\/01\/3-o-open-madeira-infantis-e-iniciados-entrega-medalhas-ranking\/"},"modified":"2019-01-31T00:08:59","modified_gmt":"2019-01-31T00:08:59","slug":"3-o-open-madeira-infantis-e-iniciados-entrega-medalhas-ranking","status":"publish","type":"post","link":"https:\/\/www.akram.pt\/web\/2019\/01\/3-o-open-madeira-infantis-e-iniciados-entrega-medalhas-ranking\/","title":{"rendered":"3.\u00ba Open Madeira Infantis e Iniciados &#8211; Entrega Medalhas Ranking"},"content":{"rendered":"<p>No pr\u00f3ximo dia 2 de fevereiro ir\u00e3o decorrer as seguintes provas do calend\u00e1rio desportivo da AKRAM:<\/p>\n<p>&#8211; 3.\u00ba Open Madeira Infantis<\/p>\n<p>&#8211; 3.\u00ba Open Madeira Iniciados<\/p>\n<p><a href=\"https:\/\/i0.wp.com\/www.akram.pt\/web\/wp-content\/uploads\/2019\/01\/img_3120.jpg\" rel=\"lightbox[1201]\"><img data-recalc-dims=\"1\" loading=\"lazy\" decoding=\"async\" class=\"aligncenter\" src=\"https:\/\/i0.wp.com\/www.akram.pt\/web\/wp-content\/uploads\/2019\/01\/img_3120.jpg?resize=270%2C381\" alt=\"\" width=\"270\" height=\"381\" \/><\/a><\/p>\n<p>A prova ir\u00e1 decorrer no Pavilh\u00e3o do Cani\u00e7o. Pelas 12h ir\u00e1 decorrer a entrega de medalhas relativas ao Ranking da \u00c9poca Competitiva de 2017\/18.<\/p>\n<p>Todos os atletas e treinadores que sobem ao p\u00f3dio devem vestir o facto de treino do clube representado.<\/p>\n\n\n<div class=\"wp-block-file\"><a href=\"http:\/\/www.akram.pt\/web\/wp-content\/uploads\/2019\/01\/HP_OpenMadeiraEntregaMedalhas-02Fev19.pdf\">Hor\u00e1rio:<\/a><a href=\"http:\/\/www.akram.pt\/web\/wp-content\/uploads\/2019\/01\/HP_OpenMadeiraEntregaMedalhas-02Fev19.pdf\" class=\"wp-block-file__button\" download>Descarregar<\/a><\/div>\n","protected":false},"excerpt":{"rendered":"<p>No pr\u00f3ximo dia 2 de fevereiro ir\u00e3o decorrer as seguintes provas do calend\u00e1rio desportivo da AKRAM: &#8211; 3.\u00ba Open Madeira Infantis &#8211; 3.\u00ba Open Madeira Iniciados A prova ir\u00e1 decorrer no Pavilh\u00e3o do Cani\u00e7o. Pelas 12h ir\u00e1 decorrer a entrega de medalhas relativas ao Ranking da \u00c9poca Competitiva de 2017\/18. Todos os atletas e treinadores<\/p>\n<p class=\"more-link\"><a href=\"https:\/\/www.akram.pt\/web\/2019\/01\/3-o-open-madeira-infantis-e-iniciados-entrega-medalhas-ranking\/\" class=\"themebutton\">Read More<\/a><\/p>\n","protected":false},"author":2,"featured_media":1199,"comment_status":"closed","ping_status":"open","sticky":false,"template":"","format":"standard","meta":{"_crdt_document":"","_jetpack_memberships_contains_paid_content":false,"footnotes":""},"categories":[7,4,9],"tags":[],"class_list":["post-1201","post","type-post","status-publish","format-standard","has-post-thumbnail","hentry","category-actividades","category-noticias","category-provas"],"jetpack_featured_media_url":"https:\/\/i0.wp.com\/www.akram.pt\/web\/wp-content\/uploads\/2019\/01\/img_3120.jpg?fit=2480%2C3508&ssl=1","jetpack_sharing_enabled":true,"_links":{"self":[{"href":"https:\/\/www.akram.pt\/web\/wp-json\/wp\/v2\/posts\/1201","targetHints":{"allow":["GET"]}}],"collection":[{"href":"https:\/\/www.akram.pt\/web\/wp-json\/wp\/v2\/posts"}],"about":[{"href":"https:\/\/www.akram.pt\/web\/wp-json\/wp\/v2\/types\/post"}],"author":[{"embeddable":true,"href":"https:\/\/www.akram.pt\/web\/wp-json\/wp\/v2\/users\/2"}],"replies":[{"embeddable":true,"href":"https:\/\/www.akram.pt\/web\/wp-json\/wp\/v2\/comments?post=1201"}],"version-history":[{"count":0,"href":"https:\/\/www.akram.pt\/web\/wp-json\/wp\/v2\/posts\/1201\/revisions"}],"wp:featuredmedia":[{"embeddable":true,"href":"https:\/\/www.akram.pt\/web\/wp-json\/wp\/v2\/media\/1199"}],"wp:attachment":[{"href":"https:\/\/www.akram.pt\/web\/wp-json\/wp\/v2\/media?parent=1201"}],"wp:term":[{"taxonomy":"category","embeddable":true,"href":"https:\/\/www.akram.pt\/web\/wp-json\/wp\/v2\/categories?post=1201"},{"taxonomy":"post_tag","embeddable":true,"href":"https:\/\/www.akram.pt\/web\/wp-json\/wp\/v2\/tags?post=1201"}],"curies":[{"name":"wp","href":"https:\/\/api.w.org\/{rel}","templated":true}]}}