{"id":1209,"date":"2019-02-14T21:17:29","date_gmt":"2019-02-14T21:17:29","guid":{"rendered":"http:\/\/www.akram.pt\/web\/?p=1209"},"modified":"2019-02-14T21:17:36","modified_gmt":"2019-02-14T21:17:36","slug":"2a-jornada-do-torneio-madeira-circuitos-2018-19-zona-5-p-cruz-e-zona-3-calheta","status":"publish","type":"post","link":"https:\/\/www.akram.pt\/web\/2019\/02\/2a-jornada-do-torneio-madeira-circuitos-2018-19-zona-5-p-cruz-e-zona-3-calheta\/","title":{"rendered":"2\u00aa Jornada do Torneio Madeira (Circuitos) \u2013 2018-19 | Zona 5 \u2013 P.Cruz e Zona 3 \u2013 Calheta"},"content":{"rendered":"\n<p class=\"wp-block-paragraph\">No pr\u00f3ximo dia 16 de fevereiro, realiza-se a 2\u00aa Jornada do Torneio Madeira nas zonas 5 e 3. As provas realiza-se na parte da manh\u00e3 no Pavilh\u00e3o do Porto da Cruz, e \u00e0 tarde, no Pavilh\u00e3o da Calheta.<\/p>\n\n\n\n<p class=\"wp-block-paragraph\">Consulte abaixo o hor\u00e1rio da prova.<\/p>\n\n\n\n<div class=\"wp-block-image\"><figure class=\"aligncenter\"><a href=\"https:\/\/i0.wp.com\/www.akram.pt\/web\/wp-content\/uploads\/2019\/02\/CartazTM_2TMCircuitos_Zona_5e3_2018-19_16fev19.jpg\" rel=\"lightbox[1209]\"><img data-recalc-dims=\"1\" loading=\"lazy\" decoding=\"async\" width=\"212\" height=\"300\" data-attachment-id=\"1210\" data-permalink=\"https:\/\/www.akram.pt\/web\/2019\/02\/2a-jornada-do-torneio-madeira-circuitos-2018-19-zona-5-p-cruz-e-zona-3-calheta\/cartaztm_2tmcircuitos_zona_5e3_2018-19_16fev19\/#main\" data-orig-file=\"https:\/\/i0.wp.com\/www.akram.pt\/web\/wp-content\/uploads\/2019\/02\/CartazTM_2TMCircuitos_Zona_5e3_2018-19_16fev19.jpg?fit=2263%2C3200&amp;ssl=1\" data-orig-size=\"2263,3200\" data-comments-opened=\"0\" data-image-meta=\"{&quot;aperture&quot;:&quot;0&quot;,&quot;credit&quot;:&quot;&quot;,&quot;camera&quot;:&quot;&quot;,&quot;caption&quot;:&quot;&quot;,&quot;created_timestamp&quot;:&quot;1449658405&quot;,&quot;copyright&quot;:&quot;&quot;,&quot;focal_length&quot;:&quot;0&quot;,&quot;iso&quot;:&quot;0&quot;,&quot;shutter_speed&quot;:&quot;0&quot;,&quot;title&quot;:&quot;&quot;,&quot;orientation&quot;:&quot;1&quot;}\" data-image-title=\"CartazTM_2TMCircuitos_Zona_5e3_2018-19_16fev19\" data-image-description=\"\" data-image-caption=\"\" data-large-file=\"https:\/\/i0.wp.com\/www.akram.pt\/web\/wp-content\/uploads\/2019\/02\/CartazTM_2TMCircuitos_Zona_5e3_2018-19_16fev19.jpg?fit=724%2C1024&amp;ssl=1\" src=\"https:\/\/i0.wp.com\/www.akram.pt\/web\/wp-content\/uploads\/2019\/02\/CartazTM_2TMCircuitos_Zona_5e3_2018-19_16fev19-212x300.jpg?resize=212%2C300\" alt=\"\" class=\"wp-image-1210\" srcset=\"https:\/\/i0.wp.com\/www.akram.pt\/web\/wp-content\/uploads\/2019\/02\/CartazTM_2TMCircuitos_Zona_5e3_2018-19_16fev19.jpg?resize=212%2C300&amp;ssl=1 212w, https:\/\/i0.wp.com\/www.akram.pt\/web\/wp-content\/uploads\/2019\/02\/CartazTM_2TMCircuitos_Zona_5e3_2018-19_16fev19.jpg?resize=768%2C1086&amp;ssl=1 768w, https:\/\/i0.wp.com\/www.akram.pt\/web\/wp-content\/uploads\/2019\/02\/CartazTM_2TMCircuitos_Zona_5e3_2018-19_16fev19.jpg?resize=724%2C1024&amp;ssl=1 724w\" sizes=\"auto, (max-width: 212px) 100vw, 212px\" \/><\/a><\/figure><\/div>\n\n\n\n<p class=\"wp-block-paragraph\">Hor\u00e1rios das provas:<\/p>\n\n\n\n<p class=\"wp-block-paragraph\"><strong>PAVILH\u00c3O DO\u00a0PORTO DA CRUZ:<\/strong><\/p>\n\n\n\n<ul class=\"wp-block-list\"><li>09h30\u00a0&#8211; Montagem\/Prepara\u00e7\u00e3o da Prova\u00a0<\/li><li>10h00 &#8211;\u00a0 Provas (todos os escal\u00f5es)<\/li><li>11h30 &#8211; Desmontagem Prevista da Prova<\/li><\/ul>\n\n\n\n<p class=\"wp-block-paragraph\"><strong>PAVILH\u00c3O DA\u00a0CALHETA:<\/strong><\/p>\n\n\n\n<ul class=\"wp-block-list\"><li>14h00\u00a0&#8211; Montagem\/Prepara\u00e7\u00e3o da Prova<\/li><li>14h30 &#8211; Provas (todos os escal\u00f5es)<\/li><li>16h30 &#8211; Desmontagem Prevista da Prova<\/li><\/ul>\n\n\n\n<p class=\"wp-block-paragraph\"><br><\/p>\n","protected":false},"excerpt":{"rendered":"<p>No pr\u00f3ximo dia 16 de fevereiro, realiza-se a 2\u00aa Jornada do Torneio Madeira nas zonas 5 e 3. As provas realiza-se na parte da manh\u00e3 no Pavilh\u00e3o do Porto da Cruz, e \u00e0 tarde, no Pavilh\u00e3o da Calheta. Consulte abaixo o hor\u00e1rio da prova. Hor\u00e1rios das provas: PAVILH\u00c3O DO\u00a0PORTO DA CRUZ: 09h30\u00a0&#8211; Montagem\/Prepara\u00e7\u00e3o da Prova\u00a0<\/p>\n<p class=\"more-link\"><a href=\"https:\/\/www.akram.pt\/web\/2019\/02\/2a-jornada-do-torneio-madeira-circuitos-2018-19-zona-5-p-cruz-e-zona-3-calheta\/\" class=\"themebutton\">Read More<\/a><\/p>\n","protected":false},"author":2,"featured_media":1210,"comment_status":"closed","ping_status":"open","sticky":false,"template":"","format":"standard","meta":{"_crdt_document":"","_jetpack_memberships_contains_paid_content":false,"footnotes":""},"categories":[7,4,9],"tags":[],"class_list":["post-1209","post","type-post","status-publish","format-standard","has-post-thumbnail","hentry","category-actividades","category-noticias","category-provas"],"jetpack_featured_media_url":"https:\/\/i0.wp.com\/www.akram.pt\/web\/wp-content\/uploads\/2019\/02\/CartazTM_2TMCircuitos_Zona_5e3_2018-19_16fev19.jpg?fit=2263%2C3200&ssl=1","jetpack_sharing_enabled":true,"_links":{"self":[{"href":"https:\/\/www.akram.pt\/web\/wp-json\/wp\/v2\/posts\/1209","targetHints":{"allow":["GET"]}}],"collection":[{"href":"https:\/\/www.akram.pt\/web\/wp-json\/wp\/v2\/posts"}],"about":[{"href":"https:\/\/www.akram.pt\/web\/wp-json\/wp\/v2\/types\/post"}],"author":[{"embeddable":true,"href":"https:\/\/www.akram.pt\/web\/wp-json\/wp\/v2\/users\/2"}],"replies":[{"embeddable":true,"href":"https:\/\/www.akram.pt\/web\/wp-json\/wp\/v2\/comments?post=1209"}],"version-history":[{"count":0,"href":"https:\/\/www.akram.pt\/web\/wp-json\/wp\/v2\/posts\/1209\/revisions"}],"wp:featuredmedia":[{"embeddable":true,"href":"https:\/\/www.akram.pt\/web\/wp-json\/wp\/v2\/media\/1210"}],"wp:attachment":[{"href":"https:\/\/www.akram.pt\/web\/wp-json\/wp\/v2\/media?parent=1209"}],"wp:term":[{"taxonomy":"category","embeddable":true,"href":"https:\/\/www.akram.pt\/web\/wp-json\/wp\/v2\/categories?post=1209"},{"taxonomy":"post_tag","embeddable":true,"href":"https:\/\/www.akram.pt\/web\/wp-json\/wp\/v2\/tags?post=1209"}],"curies":[{"name":"wp","href":"https:\/\/api.w.org\/{rel}","templated":true}]}}