{"id":1217,"date":"2019-02-17T18:04:05","date_gmt":"2019-02-17T18:04:05","guid":{"rendered":"http:\/\/www.akram.pt\/web\/?p=1217"},"modified":"2019-07-15T17:55:06","modified_gmt":"2019-07-15T17:55:06","slug":"dojo-de-camara-de-lobos","status":"publish","type":"post","link":"https:\/\/www.akram.pt\/web\/2019\/02\/dojo-de-camara-de-lobos\/","title":{"rendered":"Dojo de C\u00e2mara de Lobos"},"content":{"rendered":"\n<div class=\"wp-block-image\"><figure class=\"aligncenter\"><img data-recalc-dims=\"1\" loading=\"lazy\" decoding=\"async\" width=\"231\" height=\"150\" data-attachment-id=\"236\" data-permalink=\"https:\/\/www.akram.pt\/web\/2016\/07\/clube-karate-canico\/ckc-logo\/#main\" data-orig-file=\"https:\/\/i0.wp.com\/www.akram.pt\/web\/wp-content\/uploads\/2016\/07\/ckc-logo.jpg?fit=231%2C150&amp;ssl=1\" data-orig-size=\"231,150\" data-comments-opened=\"0\" data-image-meta=\"{&quot;aperture&quot;:&quot;0&quot;,&quot;credit&quot;:&quot;&quot;,&quot;camera&quot;:&quot;&quot;,&quot;caption&quot;:&quot;&quot;,&quot;created_timestamp&quot;:&quot;0&quot;,&quot;copyright&quot;:&quot;&quot;,&quot;focal_length&quot;:&quot;0&quot;,&quot;iso&quot;:&quot;0&quot;,&quot;shutter_speed&quot;:&quot;0&quot;,&quot;title&quot;:&quot;&quot;,&quot;orientation&quot;:&quot;0&quot;}\" data-image-title=\"ckc-logo\" data-image-description=\"\" data-image-caption=\"\" data-large-file=\"https:\/\/i0.wp.com\/www.akram.pt\/web\/wp-content\/uploads\/2016\/07\/ckc-logo.jpg?fit=231%2C150&amp;ssl=1\" src=\"https:\/\/i0.wp.com\/www.akram.pt\/web\/wp-content\/uploads\/2016\/07\/ckc-logo.jpg?resize=231%2C150\" alt=\"\" class=\"wp-image-236\"\/><\/figure><\/div>\n\n\n\n<p class=\"wp-block-paragraph\"><strong>Local: <\/strong>Sal\u00e3o Paroquial da Igreja do Carmo &#8211; C\u00e2mara de Lobos<br><strong>Estilo Karat\u00e9: <\/strong>Shotokan<br><strong>Hor\u00e1rios:<\/strong> 3\u00aa e 5\u00aa das 19h30 \u00e0s 20h30<br><strong>Filiado no Clube:<\/strong> Clube Karat\u00e9 Cani\u00e7o <a rel=\"noreferrer noopener\" href=\"http:\/\/www.akram.pt\/web\/2016\/07\/clube-karate-canico\/\" target=\"_blank\">Ver Clube<\/a><br><strong>Respons\u00e1vel pelos Treinos: <\/strong>Samuel Ch\u00edcharo<br><strong>Email:<\/strong> <a href=\"mailto:dojo.calheta@ckc.pt\">dojo.<\/a><a href=\"mailto:dojo.clobos@ckc.pt\">clobos<\/a><a href=\"mailto:dojo.calheta@ckc.pt\">@ckc.pt<\/a> <br><strong>Telem\u00f3vel: <\/strong>96 35 81 409<\/p>\n","protected":false},"excerpt":{"rendered":"<p><b>Local:<\/b> Sal\u00e3o Paroquial da Igreja do Carmo &#8211; C\u00e2mara de Lobos<br \/>\n<b>Estilo Karat\u00e9:<\/b> Shotokan<br \/>\n<b>Hor\u00e1rios:<\/b> 3\u00aa e 5\u00aa feira das 19h \u00e0s 21h30<br \/>\n<b>Filiado no Clube:<\/b> Clube Karat\u00e9 Cani\u00e7o<br \/>\n<b>Respons\u00e1vel pelo Treinos:<\/b> Samuel Ch\u00edcharo<br \/>\n<b>Email:<\/b> dojo.clobos@ckc.pt<br \/>\n<b>Contacto Telef\u00f3nico:<\/b> 96 35 81 409<\/p>\n","protected":false},"author":2,"featured_media":236,"comment_status":"closed","ping_status":"open","sticky":false,"template":"","format":"standard","meta":{"_crdt_document":"","_jetpack_memberships_contains_paid_content":false,"footnotes":""},"categories":[8],"tags":[],"class_list":["post-1217","post","type-post","status-publish","format-standard","has-post-thumbnail","hentry","category-dojos"],"jetpack_featured_media_url":"https:\/\/i0.wp.com\/www.akram.pt\/web\/wp-content\/uploads\/2016\/07\/ckc-logo.jpg?fit=231%2C150&ssl=1","jetpack_sharing_enabled":true,"_links":{"self":[{"href":"https:\/\/www.akram.pt\/web\/wp-json\/wp\/v2\/posts\/1217","targetHints":{"allow":["GET"]}}],"collection":[{"href":"https:\/\/www.akram.pt\/web\/wp-json\/wp\/v2\/posts"}],"about":[{"href":"https:\/\/www.akram.pt\/web\/wp-json\/wp\/v2\/types\/post"}],"author":[{"embeddable":true,"href":"https:\/\/www.akram.pt\/web\/wp-json\/wp\/v2\/users\/2"}],"replies":[{"embeddable":true,"href":"https:\/\/www.akram.pt\/web\/wp-json\/wp\/v2\/comments?post=1217"}],"version-history":[{"count":0,"href":"https:\/\/www.akram.pt\/web\/wp-json\/wp\/v2\/posts\/1217\/revisions"}],"wp:featuredmedia":[{"embeddable":true,"href":"https:\/\/www.akram.pt\/web\/wp-json\/wp\/v2\/media\/236"}],"wp:attachment":[{"href":"https:\/\/www.akram.pt\/web\/wp-json\/wp\/v2\/media?parent=1217"}],"wp:term":[{"taxonomy":"category","embeddable":true,"href":"https:\/\/www.akram.pt\/web\/wp-json\/wp\/v2\/categories?post=1217"},{"taxonomy":"post_tag","embeddable":true,"href":"https:\/\/www.akram.pt\/web\/wp-json\/wp\/v2\/tags?post=1217"}],"curies":[{"name":"wp","href":"https:\/\/api.w.org\/{rel}","templated":true}]}}