{"id":1233,"date":"2019-02-24T22:50:56","date_gmt":"2019-02-24T22:50:56","guid":{"rendered":"http:\/\/www.akram.pt\/web\/?p=1233"},"modified":"2019-02-24T22:51:03","modified_gmt":"2019-02-24T22:51:03","slug":"tomada-de-posse-dos-orgaos-sociais-da-akram-para-o-quadrienio-2019-2023","status":"publish","type":"post","link":"https:\/\/www.akram.pt\/web\/2019\/02\/tomada-de-posse-dos-orgaos-sociais-da-akram-para-o-quadrienio-2019-2023\/","title":{"rendered":"Tomada de Posse dos Org\u00e3os Sociais da AKRAM para o Quadri\u00e9nio 2019-2023"},"content":{"rendered":"\n<p class=\"wp-block-paragraph\">No passado dia 09 de Fevereiro realizou-se a Tomada de Posse dos \u00d3rg\u00e3os Sociais da AKRAM para o Quadri\u00e9nio 2019-2023.<\/p>\n\n\n\n<p class=\"wp-block-paragraph\">A cerim\u00f3nia realizou-se na Cidade do Funchal e contou com a presen\u00e7a dos \u00f3rg\u00e3os Sociais eleitos e algumas entidades, nomeadamente Ex.mo Sr. Representante do Governo Regional da Madeira, Sr. Secret\u00e1rio Regional dos Equipamentos e Infraestruturas, Eng\u00ba Amilcar Gon\u00e7alves, o Ex.mo Sr. Diretor da Dire\u00e7\u00e3o Regional de Juventude e Desporto: Dr. David Gomes e o Ex.mo Sr. Representante da C\u00e2mara Municipal do Funchal, Vereador com o Pelouro da Juventude e Desporto: Dr. Jo\u00e3o Pedro Vieira.<\/p>\n\n\n\n<p class=\"wp-block-paragraph\">Marcaram presen\u00e7a tamb\u00e9m os clubes associados, treinadores, familiares e amigos.<\/p>\n\n\n\n<p class=\"wp-block-paragraph\">A cerim\u00f3nia contou com a cobertura da RTP Madeira, onde podemos assistir a reportagem na seguinte liga\u00e7\u00e3o:<\/p>\n\n\n\n<p class=\"wp-block-paragraph\"><a href=\"https:\/\/www.rtp.pt\/madeira\/desporto\/direcao-da-associacao-da-madeira-de-karate-quer-chegar-aos-dois-mil-atletas-_26112\">https:\/\/www.rtp.pt\/madeira\/desporto\/direcao-da-associacao-da-madeira-de-karate-quer-chegar-aos-dois-mil-atletas-_26112<\/a><\/p>\n\n\n\n<p class=\"wp-block-paragraph\">PROGRAMA DE A\u00c7\u00c3O EM TRA\u00c7OS GERAIS PARA O QUADRI\u00c9NIO 2019\/2023<\/p>\n\n\n\n<p class=\"wp-block-paragraph\">1 \u2013 Cria\u00e7\u00e3o de um Centro de Alto Rendimento para a nossa modalidade;<\/p>\n\n\n\n<p class=\"wp-block-paragraph\">2 \u2013 Atingir os 2000 praticantes na modalidade;<br>3 \u2013 Organizar um Campeonato Nacional na Regi\u00e3o Aut\u00f3noma da Madeira, em parceria com a Federa\u00e7\u00e3o Nacional de Karate;<\/p>\n\n\n\n<p class=\"wp-block-paragraph\">4 \u2013 Promover a cria\u00e7\u00e3o de novos clubes de modalidade \u00fanica, apoiando administrativamente a sua cria\u00e7\u00e3o e posteriormente com espa\u00e7os e material de treino;<\/p>\n\n\n\n<p class=\"wp-block-paragraph\">5 \u2013 Continuar a apoiar o desenvolvimento do karate nas escolas, por forma a atingir as 10 escolas a apoiar o projeto de karate escolar da AKRAM;<\/p>\n\n\n\n<p class=\"wp-block-paragraph\">6 \u2013 Convidar a Federa\u00e7\u00e3o Nacional de Karate a apresentar o projeto \u201cSports and school\u201d na Regi\u00e3o Aut\u00f3noma da Madeira a todas a comunidade escolar e entidades oficiais ligadas ao desporto e educa\u00e7\u00e3o, por forma a divulgar e fortalecer as din\u00e2micas que o karate possui no desenvolvimento das crian\u00e7as;<\/p>\n\n\n\n<p class=\"wp-block-paragraph\">7 \u2013 Aumentar a profissionaliza\u00e7\u00e3o da estrutura administrativa e t\u00e9cnica da associa\u00e7\u00e3o;<\/p>\n\n\n\n<p class=\"wp-block-paragraph\">8 \u2013 Maior envolvimento na pol\u00edtica desportiva nacional de forma a defender e salvaguardar os interesses dos atletas madeirenses;<\/p>\n\n\n\n<p class=\"wp-block-paragraph\">9 \u2013 Agir e apoiar de forma proativa junto de todos os centros de pr\u00e1tica da modalidade de forma a que todos estejam a exercer a sua atividade legalmente;<\/p>\n\n\n\n<p class=\"wp-block-paragraph\">10 \u2013 Denunciar \u00e0s autoridades os centros de pr\u00e1tica da modalidade de karate que n\u00e3o possuem treinador credenciado.<\/p>\n\n\n\n<p class=\"wp-block-paragraph\">LISTA PARA OS \u00d3RG\u00c3O SOCIAIS DA AKRAM<br>QUADRI\u00c9NIO 2019 \u2013 2023<\/p>\n\n\n\n<p class=\"wp-block-paragraph\">MESA DA ASSEMBLEIA GERAL:<br>Presidente \u2013 Joaquim Manuel Apar\u00edcio da Silva&nbsp;<br>Vice-presidente \u2013 S\u00edlvia Raquel Da Silva Freitas<br>Secret\u00e1rio \u2013 George Alberto Sousa Gon\u00e7alves Moreira de Lima<br>Secret\u00e1rio \u2013 Susana F\u00e1tima da silva de Freitas Sousa<br>Suplente \u2013 Santiago Ign\u00e1cio Quinones Perdomo<\/p>\n\n\n\n<p class=\"wp-block-paragraph\">DIRE\u00c7\u00c3O:<br>Presidente \u2013 Samuel N\u00f3brega Ch\u00edcharo&nbsp;<br>Vice-presidente \u2013 Eduardo Lu\u00eds Henriques Martins&nbsp;<br>Tesoureiro \u2013 Jo\u00e3o Ab\u00edlio Peres Noronha Sobrinho&nbsp;<br>Vogal \u2013 Ant\u00f3nio Freitas Viveiros<br>Vogal \u2013 Ricardo Jorge Figueira Quintal&nbsp;<br>Suplente \u2013 Marco T\u00falio Rojas Carpio<\/p>\n\n\n\n<p class=\"wp-block-paragraph\">CONSELHO FISCAL:<br>Presidente \u2013 Sandra Raquel Gomes Pontes Ch\u00edcharo<br>Secret\u00e1rio \u2013 Ana Paula Vieira Pereira Cardoso&nbsp;<br>Secret\u00e1rio \u2013 No\u00e9lia Miguela N\u00f3brega Santos Ferreira<br>Suplente \u2013 Albino Edgar Freitas Serr\u00e3o<\/p>\n\n\n\n<p class=\"wp-block-paragraph\">CONSELHO JURISDICIONAL:<br>Presidente \u2013 Maria Cec\u00edlia Pereira da Silva de Agrela Gon\u00e7alves de Pontes Le\u00e7a<br>Vogal \u2013 \u00c9lio Alcino de Freitas<br>Vogal \u2013 V\u00edtor Miguel Andrade Pinto<br>Suplente \u2013 Emerson Le\u00e7a Caldeira<\/p>\n","protected":false},"excerpt":{"rendered":"<p>No passado dia 09 de Fevereiro realizou-se a Tomada de Posse dos \u00d3rg\u00e3os Sociais da AKRAM para o Quadri\u00e9nio 2019-2023. A cerim\u00f3nia realizou-se na Cidade do Funchal e contou com a presen\u00e7a dos \u00f3rg\u00e3os Sociais eleitos e algumas entidades, nomeadamente Ex.mo Sr. Representante do Governo Regional da Madeira, Sr. Secret\u00e1rio Regional dos Equipamentos e Infraestruturas,<\/p>\n<p class=\"more-link\"><a href=\"https:\/\/www.akram.pt\/web\/2019\/02\/tomada-de-posse-dos-orgaos-sociais-da-akram-para-o-quadrienio-2019-2023\/\" class=\"themebutton\">Read More<\/a><\/p>\n","protected":false},"author":2,"featured_media":0,"comment_status":"closed","ping_status":"open","sticky":false,"template":"","format":"standard","meta":{"_crdt_document":"","_jetpack_memberships_contains_paid_content":false,"footnotes":""},"categories":[4],"tags":[],"class_list":["post-1233","post","type-post","status-publish","format-standard","hentry","category-noticias"],"jetpack_featured_media_url":"","jetpack_sharing_enabled":true,"_links":{"self":[{"href":"https:\/\/www.akram.pt\/web\/wp-json\/wp\/v2\/posts\/1233","targetHints":{"allow":["GET"]}}],"collection":[{"href":"https:\/\/www.akram.pt\/web\/wp-json\/wp\/v2\/posts"}],"about":[{"href":"https:\/\/www.akram.pt\/web\/wp-json\/wp\/v2\/types\/post"}],"author":[{"embeddable":true,"href":"https:\/\/www.akram.pt\/web\/wp-json\/wp\/v2\/users\/2"}],"replies":[{"embeddable":true,"href":"https:\/\/www.akram.pt\/web\/wp-json\/wp\/v2\/comments?post=1233"}],"version-history":[{"count":0,"href":"https:\/\/www.akram.pt\/web\/wp-json\/wp\/v2\/posts\/1233\/revisions"}],"wp:attachment":[{"href":"https:\/\/www.akram.pt\/web\/wp-json\/wp\/v2\/media?parent=1233"}],"wp:term":[{"taxonomy":"category","embeddable":true,"href":"https:\/\/www.akram.pt\/web\/wp-json\/wp\/v2\/categories?post=1233"},{"taxonomy":"post_tag","embeddable":true,"href":"https:\/\/www.akram.pt\/web\/wp-json\/wp\/v2\/tags?post=1233"}],"curies":[{"name":"wp","href":"https:\/\/api.w.org\/{rel}","templated":true}]}}