{"id":1235,"date":"2019-02-28T21:15:35","date_gmt":"2019-02-28T21:15:35","guid":{"rendered":"http:\/\/www.akram.pt\/web\/?p=1235"},"modified":"2019-02-28T21:16:33","modified_gmt":"2019-02-28T21:16:33","slug":"resultados-da-iii-liga-olimpica-de-karate-2018-19","status":"publish","type":"post","link":"https:\/\/www.akram.pt\/web\/2019\/02\/resultados-da-iii-liga-olimpica-de-karate-2018-19\/","title":{"rendered":"Resultados da III Liga Ol\u00edmpica de Karat\u00e9 &#8211; 2018\/19"},"content":{"rendered":"\n<p class=\"wp-block-paragraph\">No passado dia 23 de fevereiro realizou-se no pavilh\u00e3o Municipal de S\u00e3o Domingos de Rana, a III Liga Ol\u00edmpica de Karate, prova a contar para o ranking nacional de karate.<\/p>\n\n\n\n<p class=\"wp-block-paragraph\">Esta prova teve cerca de 253 atletas inscritos, repartidos por 66 Clubes pertencentes a 35 Associa\u00e7\u00f5es.<br>O AKRAM esteve representada com 7 atletas e 2 treinadores, do Clube Karate Cani\u00e7o e Associa\u00e7\u00e3o de Karate de Santa Ant\u00f3nio.<\/p>\n\n\n\n<div class=\"wp-block-image\"><figure class=\"aligncenter is-resized\"><a href=\"blob:http:\/\/www.akram.pt\/2576f4c2-9538-4371-9f3c-10015407811b\"><img data-recalc-dims=\"1\" loading=\"lazy\" decoding=\"async\" data-attachment-id=\"1236\" data-permalink=\"https:\/\/www.akram.pt\/web\/2019\/02\/resultados-da-iii-liga-olimpica-de-karate-2018-19\/iii_lok_mateus\/#main\" data-orig-file=\"https:\/\/i0.wp.com\/www.akram.pt\/web\/wp-content\/uploads\/2019\/02\/III_LOK_Mateus.jpg?fit=1512%2C2016&amp;ssl=1\" data-orig-size=\"1512,2016\" data-comments-opened=\"0\" data-image-meta=\"{&quot;aperture&quot;:&quot;0&quot;,&quot;credit&quot;:&quot;&quot;,&quot;camera&quot;:&quot;&quot;,&quot;caption&quot;:&quot;&quot;,&quot;created_timestamp&quot;:&quot;0&quot;,&quot;copyright&quot;:&quot;&quot;,&quot;focal_length&quot;:&quot;0&quot;,&quot;iso&quot;:&quot;0&quot;,&quot;shutter_speed&quot;:&quot;0&quot;,&quot;title&quot;:&quot;&quot;,&quot;orientation&quot;:&quot;0&quot;}\" data-image-title=\"III_LOK_Mateus\" data-image-description=\"\" data-image-caption=\"\" data-large-file=\"https:\/\/i0.wp.com\/www.akram.pt\/web\/wp-content\/uploads\/2019\/02\/III_LOK_Mateus.jpg?fit=768%2C1024&amp;ssl=1\" src=\"https:\/\/i0.wp.com\/www.akram.pt\/web\/wp-content\/uploads\/2019\/02\/III_LOK_Mateus-225x300.jpg?resize=277%2C369\" alt=\"\" class=\"wp-image-1236\" width=\"277\" height=\"369\" srcset=\"https:\/\/i0.wp.com\/www.akram.pt\/web\/wp-content\/uploads\/2019\/02\/III_LOK_Mateus.jpg?resize=225%2C300&amp;ssl=1 225w, https:\/\/i0.wp.com\/www.akram.pt\/web\/wp-content\/uploads\/2019\/02\/III_LOK_Mateus.jpg?resize=768%2C1024&amp;ssl=1 768w, https:\/\/i0.wp.com\/www.akram.pt\/web\/wp-content\/uploads\/2019\/02\/III_LOK_Mateus.jpg?w=1512&amp;ssl=1 1512w\" sizes=\"auto, (max-width: 277px) 100vw, 277px\" \/><\/a><figcaption>Mateus Abreu com o Selecionador Nacional &#8211; Sensei Joaquim Gon\u00e7alves<\/figcaption><\/figure><\/div>\n\n\n\n<p class=\"wp-block-paragraph\">O atleta que mais de destacou foi o Mateus Abreu do Clube Karate Cani\u00e7o, tendo atingido o 2\u00ba Lugar na vertente de Kumite. Este atleta destacou-se pelo seu elevado desempenho tendo marcado 12 pontos, sem sofrer qualquer ponto. No encontro da final da prova, terminou com um empate a zeros, onde na decis\u00e3o arbitral viria a perder por uma duvidosa margem m\u00ednima de 3-2, apesar de ser o atleta que mais quis ganhar o combate evidenciando superioridade ao seu advers\u00e1rio.<\/p>\n\n\n\n<p class=\"wp-block-paragraph\">O atleta Henrique Ferreira do Clube Karate Cani\u00e7o, competiu na vertente de kata no escal\u00e3o de seniores, apesar de ser o escal\u00e3o mais competitivo, esteve em bom n\u00edvel t\u00e9cnico e f\u00edsico, chegando \u00e0 disputa da medalha de 3\u00ba lugar, tendo perdido pela margem m\u00ednima de 3-2.<\/p>\n\n\n\n<p class=\"wp-block-paragraph\">Nos juniores na vertente de kumite, o atleta David Moreira tamb\u00e9m do Clube Karate Cani\u00e7o, atingiu os quartos de final da competi\u00e7\u00e3o tendo perdido o encontro nos instantes finais do jogo, ap\u00f3s ter estado a vencer.<\/p>\n\n\n\n<p class=\"wp-block-paragraph\">Do clube Associa\u00e7\u00e3o de Karate de Santa Ant\u00f3nio, n\u00e3o alcan\u00e7aram lugares de p\u00f3dio, tendo obtido os seguintes resultados nos jogos:<\/p>\n\n\n\n<p class=\"wp-block-paragraph\">Clara Vasconcelos<br>1.\u00ba ganhou 3-2<br>2.\u00ba perdeu 2-3<br>3.\u00ba perdeu 0-5<br>4.\u00ba ganhou 4-1<\/p>\n\n\n\n<p class=\"wp-block-paragraph\">Nuno Fernandes<br>1\u00b0 ganhou 4-1&nbsp;<br>2\u00b0 perdeu 0-5&nbsp;<br>3\u00b0 perdeu 2-3<br>4\u00b0 perdeu 0-5<\/p>\n\n\n\n<p class=\"wp-block-paragraph\">Bernardo Lopes<br>1- ganhou 3-2&nbsp;<br>2- perdeu 5-0&nbsp;<br>3- perdeu 4-1&nbsp;<br>4- perdeu 4-1<\/p>\n\n\n\n<p class=\"wp-block-paragraph\">Gon\u00e7alo Pilco<br>1- perdeu 3-2<br>2-perdeu 4-1<br>3-ganhou 3-2<br>4-ganhou 4-1<\/p>\n\n\n\n<p class=\"wp-block-paragraph\">A acompanhar os atletas estiveram os treinadores Rafael Jardim e Samuel Ch\u00edcharo.<\/p>\n\n\n\n<p class=\"wp-block-paragraph\">Resta esperar pela classifica\u00e7\u00e3o acumulada das tr\u00eas jornadas da Liga Ol\u00edmpica de Karate, que ser\u00e1 divulgada em breve pela Federa\u00e7\u00e3o Nacional de Karate.<\/p>\n\n\n\n<p class=\"wp-block-paragraph\">A AKRAM agradece o empenho e dedica\u00e7\u00e3o de todos os atletas e treinadores, que desde o in\u00edcio da \u00e9poca t\u00eam se mantido na disputa dos p\u00f3dios nesta competi\u00e7\u00e3o.<\/p>\n","protected":false},"excerpt":{"rendered":"<p>No passado dia 23 de fevereiro realizou-se no pavilh\u00e3o Municipal de S\u00e3o Domingos de Rana, a III Liga Ol\u00edmpica de Karate, prova a contar para o ranking nacional de karate. Esta prova teve cerca de 253 atletas inscritos, repartidos por 66 Clubes pertencentes a 35 Associa\u00e7\u00f5es.O AKRAM esteve representada com 7 atletas e 2 treinadores,<\/p>\n<p class=\"more-link\"><a href=\"https:\/\/www.akram.pt\/web\/2019\/02\/resultados-da-iii-liga-olimpica-de-karate-2018-19\/\" class=\"themebutton\">Read More<\/a><\/p>\n","protected":false},"author":2,"featured_media":1238,"comment_status":"closed","ping_status":"open","sticky":false,"template":"","format":"standard","meta":{"_crdt_document":"","_jetpack_memberships_contains_paid_content":false,"footnotes":""},"categories":[4,5],"tags":[],"class_list":["post-1235","post","type-post","status-publish","format-standard","has-post-thumbnail","hentry","category-noticias","category-resultados"],"jetpack_featured_media_url":"https:\/\/i0.wp.com\/www.akram.pt\/web\/wp-content\/uploads\/2019\/02\/III_LOK_2018-19.jpg?fit=2016%2C1512&ssl=1","jetpack_sharing_enabled":true,"_links":{"self":[{"href":"https:\/\/www.akram.pt\/web\/wp-json\/wp\/v2\/posts\/1235","targetHints":{"allow":["GET"]}}],"collection":[{"href":"https:\/\/www.akram.pt\/web\/wp-json\/wp\/v2\/posts"}],"about":[{"href":"https:\/\/www.akram.pt\/web\/wp-json\/wp\/v2\/types\/post"}],"author":[{"embeddable":true,"href":"https:\/\/www.akram.pt\/web\/wp-json\/wp\/v2\/users\/2"}],"replies":[{"embeddable":true,"href":"https:\/\/www.akram.pt\/web\/wp-json\/wp\/v2\/comments?post=1235"}],"version-history":[{"count":0,"href":"https:\/\/www.akram.pt\/web\/wp-json\/wp\/v2\/posts\/1235\/revisions"}],"wp:featuredmedia":[{"embeddable":true,"href":"https:\/\/www.akram.pt\/web\/wp-json\/wp\/v2\/media\/1238"}],"wp:attachment":[{"href":"https:\/\/www.akram.pt\/web\/wp-json\/wp\/v2\/media?parent=1235"}],"wp:term":[{"taxonomy":"category","embeddable":true,"href":"https:\/\/www.akram.pt\/web\/wp-json\/wp\/v2\/categories?post=1235"},{"taxonomy":"post_tag","embeddable":true,"href":"https:\/\/www.akram.pt\/web\/wp-json\/wp\/v2\/tags?post=1235"}],"curies":[{"name":"wp","href":"https:\/\/api.w.org\/{rel}","templated":true}]}}