{"id":1239,"date":"2019-02-28T21:27:34","date_gmt":"2019-02-28T21:27:34","guid":{"rendered":"http:\/\/www.akram.pt\/web\/?p=1239"},"modified":"2019-02-28T21:27:41","modified_gmt":"2019-02-28T21:27:41","slug":"4o-open-de-juvenis-iniciados-e-infantis-2018-19","status":"publish","type":"post","link":"https:\/\/www.akram.pt\/web\/2019\/02\/4o-open-de-juvenis-iniciados-e-infantis-2018-19\/","title":{"rendered":"4\u00ba Open de Juvenis, Iniciados e Infantis &#8211; 2018\/19"},"content":{"rendered":"\n<p class=\"wp-block-paragraph\">No pr\u00f3ximo dia 2 de mar\u00e7o, decorre no Pavilh\u00e3o do Cani\u00e7o a 4\u00aa jornada do Open Madeira para os escal\u00f5es de juvenis, iniciados e infantis.<\/p>\n\n\n\n<p class=\"wp-block-paragraph\">Esta ser\u00e1 uma prova de prepara\u00e7\u00e3o para o Campeonato Nacional dos mesmos escal\u00f5es, que se realizar\u00e1 no fim de semana seguinte.<\/p>\n\n\n\n<p class=\"wp-block-paragraph\">A prova ter\u00e1 in\u00edcio pelas 9h. Consulte abaixo o cartaz e hor\u00e1rio da prova.<\/p>\n\n\n\n<div class=\"wp-block-image\"><figure class=\"aligncenter\"><img data-recalc-dims=\"1\" loading=\"lazy\" decoding=\"async\" width=\"212\" height=\"300\" data-attachment-id=\"1240\" data-permalink=\"https:\/\/www.akram.pt\/web\/2019\/02\/4o-open-de-juvenis-iniciados-e-infantis-2018-19\/cartaz_openmadeira_02mar19\/#main\" data-orig-file=\"https:\/\/i0.wp.com\/www.akram.pt\/web\/wp-content\/uploads\/2019\/02\/Cartaz_OpenMadeira_02mar19.jpg?fit=2480%2C3508&amp;ssl=1\" data-orig-size=\"2480,3508\" data-comments-opened=\"0\" data-image-meta=\"{&quot;aperture&quot;:&quot;0&quot;,&quot;credit&quot;:&quot;&quot;,&quot;camera&quot;:&quot;&quot;,&quot;caption&quot;:&quot;&quot;,&quot;created_timestamp&quot;:&quot;1540212666&quot;,&quot;copyright&quot;:&quot;&quot;,&quot;focal_length&quot;:&quot;0&quot;,&quot;iso&quot;:&quot;0&quot;,&quot;shutter_speed&quot;:&quot;0&quot;,&quot;title&quot;:&quot;&quot;,&quot;orientation&quot;:&quot;1&quot;}\" data-image-title=\"Cartaz_OpenMadeira_02mar19\" data-image-description=\"\" data-image-caption=\"\" data-large-file=\"https:\/\/i0.wp.com\/www.akram.pt\/web\/wp-content\/uploads\/2019\/02\/Cartaz_OpenMadeira_02mar19.jpg?fit=724%2C1024&amp;ssl=1\" src=\"https:\/\/i0.wp.com\/www.akram.pt\/web\/wp-content\/uploads\/2019\/02\/Cartaz_OpenMadeira_02mar19-212x300.jpg?resize=212%2C300\" alt=\"\" class=\"wp-image-1240\" srcset=\"https:\/\/i0.wp.com\/www.akram.pt\/web\/wp-content\/uploads\/2019\/02\/Cartaz_OpenMadeira_02mar19.jpg?resize=212%2C300&amp;ssl=1 212w, https:\/\/i0.wp.com\/www.akram.pt\/web\/wp-content\/uploads\/2019\/02\/Cartaz_OpenMadeira_02mar19.jpg?resize=768%2C1086&amp;ssl=1 768w, https:\/\/i0.wp.com\/www.akram.pt\/web\/wp-content\/uploads\/2019\/02\/Cartaz_OpenMadeira_02mar19.jpg?resize=724%2C1024&amp;ssl=1 724w, https:\/\/i0.wp.com\/www.akram.pt\/web\/wp-content\/uploads\/2019\/02\/Cartaz_OpenMadeira_02mar19.jpg?w=2340&amp;ssl=1 2340w\" sizes=\"auto, (max-width: 212px) 100vw, 212px\" \/><figcaption>Cartaz<\/figcaption><\/figure><\/div>\n\n\n\n<div class=\"wp-block-file\"><a href=\"http:\/\/www.akram.pt\/web\/wp-content\/uploads\/2019\/02\/HP_OpenMadeira_02mar19.jpg\" rel=\"lightbox[1239]\">Hor\u00e1rios da Prova:<\/a><a href=\"http:\/\/www.akram.pt\/web\/wp-content\/uploads\/2019\/02\/HP_OpenMadeira_02mar19.jpg\" class=\"wp-block-file__button\" download rel=\"lightbox[1239]\">Descarregar<\/a><\/div>\n","protected":false},"excerpt":{"rendered":"<p>No pr\u00f3ximo dia 2 de mar\u00e7o, decorre no Pavilh\u00e3o do Cani\u00e7o a 4\u00aa jornada do Open Madeira para os escal\u00f5es de juvenis, iniciados e infantis. Esta ser\u00e1 uma prova de prepara\u00e7\u00e3o para o Campeonato Nacional dos mesmos escal\u00f5es, que se realizar\u00e1 no fim de semana seguinte. A prova ter\u00e1 in\u00edcio pelas 9h. Consulte abaixo o<\/p>\n<p class=\"more-link\"><a href=\"https:\/\/www.akram.pt\/web\/2019\/02\/4o-open-de-juvenis-iniciados-e-infantis-2018-19\/\" class=\"themebutton\">Read More<\/a><\/p>\n","protected":false},"author":2,"featured_media":1240,"comment_status":"closed","ping_status":"open","sticky":false,"template":"","format":"standard","meta":{"_crdt_document":"","_jetpack_memberships_contains_paid_content":false,"footnotes":""},"categories":[4,9],"tags":[],"class_list":["post-1239","post","type-post","status-publish","format-standard","has-post-thumbnail","hentry","category-noticias","category-provas"],"jetpack_featured_media_url":"https:\/\/i0.wp.com\/www.akram.pt\/web\/wp-content\/uploads\/2019\/02\/Cartaz_OpenMadeira_02mar19.jpg?fit=2480%2C3508&ssl=1","jetpack_sharing_enabled":true,"_links":{"self":[{"href":"https:\/\/www.akram.pt\/web\/wp-json\/wp\/v2\/posts\/1239","targetHints":{"allow":["GET"]}}],"collection":[{"href":"https:\/\/www.akram.pt\/web\/wp-json\/wp\/v2\/posts"}],"about":[{"href":"https:\/\/www.akram.pt\/web\/wp-json\/wp\/v2\/types\/post"}],"author":[{"embeddable":true,"href":"https:\/\/www.akram.pt\/web\/wp-json\/wp\/v2\/users\/2"}],"replies":[{"embeddable":true,"href":"https:\/\/www.akram.pt\/web\/wp-json\/wp\/v2\/comments?post=1239"}],"version-history":[{"count":0,"href":"https:\/\/www.akram.pt\/web\/wp-json\/wp\/v2\/posts\/1239\/revisions"}],"wp:featuredmedia":[{"embeddable":true,"href":"https:\/\/www.akram.pt\/web\/wp-json\/wp\/v2\/media\/1240"}],"wp:attachment":[{"href":"https:\/\/www.akram.pt\/web\/wp-json\/wp\/v2\/media?parent=1239"}],"wp:term":[{"taxonomy":"category","embeddable":true,"href":"https:\/\/www.akram.pt\/web\/wp-json\/wp\/v2\/categories?post=1239"},{"taxonomy":"post_tag","embeddable":true,"href":"https:\/\/www.akram.pt\/web\/wp-json\/wp\/v2\/tags?post=1239"}],"curies":[{"name":"wp","href":"https:\/\/api.w.org\/{rel}","templated":true}]}}