{"id":1252,"date":"2019-03-18T22:45:58","date_gmt":"2019-03-18T22:45:58","guid":{"rendered":"http:\/\/www.akram.pt\/web\/?p=1252"},"modified":"2019-03-18T22:46:06","modified_gmt":"2019-03-18T22:46:06","slug":"acao-de-formacao-teorico-pratica-ii-sensei-jose-ramos-2","status":"publish","type":"post","link":"https:\/\/www.akram.pt\/web\/2019\/03\/acao-de-formacao-teorico-pratica-ii-sensei-jose-ramos-2\/","title":{"rendered":"A\u00e7\u00e3o de Forma\u00e7\u00e3o Te\u00f3rico-Pr\u00e1tica II &#8211; Sensei Jos\u00e9 Ramos"},"content":{"rendered":"\n<p class=\"wp-block-paragraph\">Nos dias 22 e 23 de mar\u00e7o, ir\u00e1 decorrer a A\u00e7\u00e3o de Forma\u00e7\u00e3o Te\u00f3rico-Pr\u00e1tica II com o Sensei Jos\u00e9 Ramos. Consulte o hor\u00e1rio e o cartaz do evento.<\/p>\n\n\n\n<div class=\"wp-block-image\"><figure class=\"aligncenter\"><a href=\"https:\/\/i0.wp.com\/www.akram.pt\/web\/wp-content\/uploads\/2019\/03\/Acao_de_Formacao_Teorico_Pratica_II_Sensei_Ramos_22_23_24mar19.jpg\" rel=\"lightbox[1252]\"><img data-recalc-dims=\"1\" loading=\"lazy\" decoding=\"async\" width=\"212\" height=\"300\" data-attachment-id=\"1253\" data-permalink=\"https:\/\/www.akram.pt\/web\/2019\/03\/acao-de-formacao-teorico-pratica-ii-sensei-jose-ramos-2\/acao_de_formacao_teorico_pratica_ii_sensei_ramos_22_23_24mar19\/#main\" data-orig-file=\"https:\/\/i0.wp.com\/www.akram.pt\/web\/wp-content\/uploads\/2019\/03\/Acao_de_Formacao_Teorico_Pratica_II_Sensei_Ramos_22_23_24mar19.jpg?fit=2970%2C4200&amp;ssl=1\" data-orig-size=\"2970,4200\" data-comments-opened=\"0\" data-image-meta=\"{&quot;aperture&quot;:&quot;0&quot;,&quot;credit&quot;:&quot;&quot;,&quot;camera&quot;:&quot;&quot;,&quot;caption&quot;:&quot;&quot;,&quot;created_timestamp&quot;:&quot;1521300892&quot;,&quot;copyright&quot;:&quot;&quot;,&quot;focal_length&quot;:&quot;0&quot;,&quot;iso&quot;:&quot;0&quot;,&quot;shutter_speed&quot;:&quot;0&quot;,&quot;title&quot;:&quot;&quot;,&quot;orientation&quot;:&quot;1&quot;}\" data-image-title=\"Acao_de_Formacao_Teorico_Pratica_II_Sensei_Ramos_22_23_24mar19\" data-image-description=\"\" data-image-caption=\"\" data-large-file=\"https:\/\/i0.wp.com\/www.akram.pt\/web\/wp-content\/uploads\/2019\/03\/Acao_de_Formacao_Teorico_Pratica_II_Sensei_Ramos_22_23_24mar19.jpg?fit=724%2C1024&amp;ssl=1\" src=\"https:\/\/i0.wp.com\/www.akram.pt\/web\/wp-content\/uploads\/2019\/03\/Acao_de_Formacao_Teorico_Pratica_II_Sensei_Ramos_22_23_24mar19-212x300.jpg?resize=212%2C300\" alt=\"\" class=\"wp-image-1253\" srcset=\"https:\/\/i0.wp.com\/www.akram.pt\/web\/wp-content\/uploads\/2019\/03\/Acao_de_Formacao_Teorico_Pratica_II_Sensei_Ramos_22_23_24mar19.jpg?resize=212%2C300&amp;ssl=1 212w, https:\/\/i0.wp.com\/www.akram.pt\/web\/wp-content\/uploads\/2019\/03\/Acao_de_Formacao_Teorico_Pratica_II_Sensei_Ramos_22_23_24mar19.jpg?resize=768%2C1086&amp;ssl=1 768w, https:\/\/i0.wp.com\/www.akram.pt\/web\/wp-content\/uploads\/2019\/03\/Acao_de_Formacao_Teorico_Pratica_II_Sensei_Ramos_22_23_24mar19.jpg?resize=724%2C1024&amp;ssl=1 724w, https:\/\/i0.wp.com\/www.akram.pt\/web\/wp-content\/uploads\/2019\/03\/Acao_de_Formacao_Teorico_Pratica_II_Sensei_Ramos_22_23_24mar19.jpg?w=2340&amp;ssl=1 2340w\" sizes=\"auto, (max-width: 212px) 100vw, 212px\" \/><\/a><\/figure><\/div>\n\n\n\n<div class=\"wp-block-file\"><a href=\"http:\/\/www.akram.pt\/web\/wp-content\/uploads\/2019\/03\/Horarios_Estagio_Sensei_Ramos_22_23_MAR19.pdf\">Hor\u00e1rio do Evento<\/a><a href=\"http:\/\/www.akram.pt\/web\/wp-content\/uploads\/2019\/03\/Horarios_Estagio_Sensei_Ramos_22_23_MAR19.pdf\" class=\"wp-block-file__button\" download>Descarregar<\/a><\/div>\n\n\n\n<p class=\"wp-block-paragraph\"><\/p>\n","protected":false},"excerpt":{"rendered":"<p>Nos dias 22 e 23 de mar\u00e7o, ir\u00e1 decorrer a A\u00e7\u00e3o de Forma\u00e7\u00e3o Te\u00f3rico-Pr\u00e1tica II com o Sensei Jos\u00e9 Ramos. Consulte o hor\u00e1rio e o cartaz do evento.<\/p>\n","protected":false},"author":2,"featured_media":1253,"comment_status":"closed","ping_status":"open","sticky":false,"template":"","format":"standard","meta":{"_crdt_document":"","_jetpack_memberships_contains_paid_content":false,"footnotes":""},"categories":[7,4],"tags":[],"class_list":["post-1252","post","type-post","status-publish","format-standard","has-post-thumbnail","hentry","category-actividades","category-noticias"],"jetpack_featured_media_url":"https:\/\/i0.wp.com\/www.akram.pt\/web\/wp-content\/uploads\/2019\/03\/Acao_de_Formacao_Teorico_Pratica_II_Sensei_Ramos_22_23_24mar19.jpg?fit=2970%2C4200&ssl=1","jetpack_sharing_enabled":true,"_links":{"self":[{"href":"https:\/\/www.akram.pt\/web\/wp-json\/wp\/v2\/posts\/1252","targetHints":{"allow":["GET"]}}],"collection":[{"href":"https:\/\/www.akram.pt\/web\/wp-json\/wp\/v2\/posts"}],"about":[{"href":"https:\/\/www.akram.pt\/web\/wp-json\/wp\/v2\/types\/post"}],"author":[{"embeddable":true,"href":"https:\/\/www.akram.pt\/web\/wp-json\/wp\/v2\/users\/2"}],"replies":[{"embeddable":true,"href":"https:\/\/www.akram.pt\/web\/wp-json\/wp\/v2\/comments?post=1252"}],"version-history":[{"count":0,"href":"https:\/\/www.akram.pt\/web\/wp-json\/wp\/v2\/posts\/1252\/revisions"}],"wp:featuredmedia":[{"embeddable":true,"href":"https:\/\/www.akram.pt\/web\/wp-json\/wp\/v2\/media\/1253"}],"wp:attachment":[{"href":"https:\/\/www.akram.pt\/web\/wp-json\/wp\/v2\/media?parent=1252"}],"wp:term":[{"taxonomy":"category","embeddable":true,"href":"https:\/\/www.akram.pt\/web\/wp-json\/wp\/v2\/categories?post=1252"},{"taxonomy":"post_tag","embeddable":true,"href":"https:\/\/www.akram.pt\/web\/wp-json\/wp\/v2\/tags?post=1252"}],"curies":[{"name":"wp","href":"https:\/\/api.w.org\/{rel}","templated":true}]}}