{"id":1257,"date":"2019-04-02T19:25:48","date_gmt":"2019-04-02T19:25:48","guid":{"rendered":"http:\/\/www.akram.pt\/web\/?p=1257"},"modified":"2019-04-04T22:57:03","modified_gmt":"2019-04-04T22:57:03","slug":"5o-e-6o-open-madeira-juvenis-iniciados-5o-open-madeira-infantis-3o-e-4o-open-madeira-equipas-infantis-iniciados-juvenis-prova-regular-2018-19","status":"publish","type":"post","link":"https:\/\/www.akram.pt\/web\/2019\/04\/5o-e-6o-open-madeira-juvenis-iniciados-5o-open-madeira-infantis-3o-e-4o-open-madeira-equipas-infantis-iniciados-juvenis-prova-regular-2018-19\/","title":{"rendered":"5\u00ba e 6\u00ba Open Madeira Juvenis\/Iniciados | 5\u00ba Open Madeira Infantis | 3\u00ba e 4\u00ba Open Madeira Equipas &#8211; Infantis\/Iniciados\/Juvenis Prova Regular &#8211; 2018\/19"},"content":{"rendered":"\n<p class=\"wp-block-paragraph\">A AKRAM vem por este meio divulgar os hor\u00e1rios e cartaz para as provas do pr\u00f3ximo s\u00e1bado, dia 6 de abril, que se realizar\u00e1 no Pavilh\u00e3o do Cani\u00e7o.<\/p>\n\n\n\n<p class=\"wp-block-paragraph\">Informamos que nesta prova, nos escal\u00f5es de Iniciados e Juvenis haver\u00e1 duas jornadas, assim como na prova de equipas (provas adiadas do dia 16 de mar\u00e7o 2019).<\/p>\n\n\n\n<div class=\"wp-block-image\"><figure class=\"aligncenter\"><a href=\"https:\/\/i0.wp.com\/www.akram.pt\/web\/wp-content\/uploads\/2019\/04\/CartazTM_OpensMadeira_06abr19.jpg\" rel=\"lightbox[1257]\"><img data-recalc-dims=\"1\" loading=\"lazy\" decoding=\"async\" width=\"212\" height=\"300\" data-attachment-id=\"1258\" data-permalink=\"https:\/\/www.akram.pt\/web\/2019\/04\/5o-e-6o-open-madeira-juvenis-iniciados-5o-open-madeira-infantis-3o-e-4o-open-madeira-equipas-infantis-iniciados-juvenis-prova-regular-2018-19\/cartaztm_opensmadeira_06abr19\/#main\" data-orig-file=\"https:\/\/i0.wp.com\/www.akram.pt\/web\/wp-content\/uploads\/2019\/04\/CartazTM_OpensMadeira_06abr19.jpg?fit=2480%2C3508&amp;ssl=1\" data-orig-size=\"2480,3508\" data-comments-opened=\"0\" data-image-meta=\"{&quot;aperture&quot;:&quot;0&quot;,&quot;credit&quot;:&quot;&quot;,&quot;camera&quot;:&quot;&quot;,&quot;caption&quot;:&quot;&quot;,&quot;created_timestamp&quot;:&quot;1540212666&quot;,&quot;copyright&quot;:&quot;&quot;,&quot;focal_length&quot;:&quot;0&quot;,&quot;iso&quot;:&quot;0&quot;,&quot;shutter_speed&quot;:&quot;0&quot;,&quot;title&quot;:&quot;&quot;,&quot;orientation&quot;:&quot;1&quot;}\" data-image-title=\"CartazTM_OpensMadeira_06abr19\" data-image-description=\"\" data-image-caption=\"\" data-large-file=\"https:\/\/i0.wp.com\/www.akram.pt\/web\/wp-content\/uploads\/2019\/04\/CartazTM_OpensMadeira_06abr19.jpg?fit=724%2C1024&amp;ssl=1\" src=\"https:\/\/i0.wp.com\/www.akram.pt\/web\/wp-content\/uploads\/2019\/04\/CartazTM_OpensMadeira_06abr19-212x300.jpg?resize=212%2C300\" alt=\"\" class=\"wp-image-1258\" srcset=\"https:\/\/i0.wp.com\/www.akram.pt\/web\/wp-content\/uploads\/2019\/04\/CartazTM_OpensMadeira_06abr19.jpg?resize=212%2C300&amp;ssl=1 212w, https:\/\/i0.wp.com\/www.akram.pt\/web\/wp-content\/uploads\/2019\/04\/CartazTM_OpensMadeira_06abr19.jpg?resize=768%2C1086&amp;ssl=1 768w, https:\/\/i0.wp.com\/www.akram.pt\/web\/wp-content\/uploads\/2019\/04\/CartazTM_OpensMadeira_06abr19.jpg?resize=724%2C1024&amp;ssl=1 724w, https:\/\/i0.wp.com\/www.akram.pt\/web\/wp-content\/uploads\/2019\/04\/CartazTM_OpensMadeira_06abr19.jpg?w=2340&amp;ssl=1 2340w\" sizes=\"auto, (max-width: 212px) 100vw, 212px\" \/><\/a><\/figure><\/div>\n\n\n\n<div class=\"wp-block-file\"><a href=\"http:\/\/www.akram.pt\/web\/wp-content\/uploads\/2019\/04\/HP_OpenMadeira_06abr19.pdf\">Hor\u00e1rio da prova:<\/a><a href=\"http:\/\/www.akram.pt\/web\/wp-content\/uploads\/2019\/04\/HP_OpenMadeira_06abr19.pdf\" class=\"wp-block-file__button\" download=\"\">Descarregar<\/a><\/div>\n\n\n\n<p class=\"wp-block-paragraph\">O Departamento de Competi\u00e7\u00e3o deseja a todos uma boa prova.<\/p>\n\n\n\n<p class=\"wp-block-paragraph\"><br>NOTA: esta prova foi adiada devido a uma avaria no fornecimento de \u00e1gua do Pavilh\u00e3o que ainda n\u00e3o foi poss\u00edvel concertar. Iremos divulgar nova data da prova em breve.<\/p>\n","protected":false},"excerpt":{"rendered":"<p>A AKRAM vem por este meio divulgar os hor\u00e1rios e cartaz para as provas do pr\u00f3ximo s\u00e1bado, dia 6 de abril, que se realizar\u00e1 no Pavilh\u00e3o do Cani\u00e7o. Informamos que nesta prova, nos escal\u00f5es de Iniciados e Juvenis haver\u00e1 duas jornadas, assim como na prova de equipas (provas adiadas do dia 16 de mar\u00e7o 2019).<\/p>\n<p class=\"more-link\"><a href=\"https:\/\/www.akram.pt\/web\/2019\/04\/5o-e-6o-open-madeira-juvenis-iniciados-5o-open-madeira-infantis-3o-e-4o-open-madeira-equipas-infantis-iniciados-juvenis-prova-regular-2018-19\/\" class=\"themebutton\">Read More<\/a><\/p>\n","protected":false},"author":2,"featured_media":1258,"comment_status":"closed","ping_status":"open","sticky":false,"template":"","format":"standard","meta":{"_crdt_document":"","_jetpack_memberships_contains_paid_content":false,"footnotes":""},"categories":[7,4,9],"tags":[],"class_list":["post-1257","post","type-post","status-publish","format-standard","has-post-thumbnail","hentry","category-actividades","category-noticias","category-provas"],"jetpack_featured_media_url":"https:\/\/i0.wp.com\/www.akram.pt\/web\/wp-content\/uploads\/2019\/04\/CartazTM_OpensMadeira_06abr19.jpg?fit=2480%2C3508&ssl=1","jetpack_sharing_enabled":true,"_links":{"self":[{"href":"https:\/\/www.akram.pt\/web\/wp-json\/wp\/v2\/posts\/1257","targetHints":{"allow":["GET"]}}],"collection":[{"href":"https:\/\/www.akram.pt\/web\/wp-json\/wp\/v2\/posts"}],"about":[{"href":"https:\/\/www.akram.pt\/web\/wp-json\/wp\/v2\/types\/post"}],"author":[{"embeddable":true,"href":"https:\/\/www.akram.pt\/web\/wp-json\/wp\/v2\/users\/2"}],"replies":[{"embeddable":true,"href":"https:\/\/www.akram.pt\/web\/wp-json\/wp\/v2\/comments?post=1257"}],"version-history":[{"count":0,"href":"https:\/\/www.akram.pt\/web\/wp-json\/wp\/v2\/posts\/1257\/revisions"}],"wp:featuredmedia":[{"embeddable":true,"href":"https:\/\/www.akram.pt\/web\/wp-json\/wp\/v2\/media\/1258"}],"wp:attachment":[{"href":"https:\/\/www.akram.pt\/web\/wp-json\/wp\/v2\/media?parent=1257"}],"wp:term":[{"taxonomy":"category","embeddable":true,"href":"https:\/\/www.akram.pt\/web\/wp-json\/wp\/v2\/categories?post=1257"},{"taxonomy":"post_tag","embeddable":true,"href":"https:\/\/www.akram.pt\/web\/wp-json\/wp\/v2\/tags?post=1257"}],"curies":[{"name":"wp","href":"https:\/\/api.w.org\/{rel}","templated":true}]}}