{"id":1270,"date":"2019-05-09T23:44:54","date_gmt":"2019-05-09T23:44:54","guid":{"rendered":"http:\/\/www.akram.pt\/web\/2019\/05\/3a-jornada-do-torneio-madeira-circuitos-2018-19-zona-1\/"},"modified":"2019-05-11T09:17:33","modified_gmt":"2019-05-11T09:17:33","slug":"3a-jornada-do-torneio-madeira-circuitos-2018-19-zona-1","status":"publish","type":"post","link":"https:\/\/www.akram.pt\/web\/2019\/05\/3a-jornada-do-torneio-madeira-circuitos-2018-19-zona-1\/","title":{"rendered":"3\u00aa Jornada do Torneio Madeira &#8211; Circuitos &#8211; 2018\/19 &#8211; Zona 1"},"content":{"rendered":"<p>A AKRAM vem por este meio divulgar os hor\u00e1rios\/cartaz para as provas do pr\u00f3ximo s\u00e1bado, Zona 1 &#8211; Funchal.<br \/>\nAten\u00e7\u00e3o aos hor\u00e1rios espec\u00edficos por escal\u00e3o para que n\u00e3o hajam constrangimentos nem atrasos nas provas, salvo as normais exce\u00e7\u00f5es os hor\u00e1rios s\u00e3o para ser cumpridos.<\/p>\n<p><a href=\"https:\/\/i0.wp.com\/www.akram.pt\/web\/wp-content\/uploads\/2019\/05\/img_3172.png\" rel=\"lightbox[1270]\"><img data-recalc-dims=\"1\" loading=\"lazy\" decoding=\"async\" data-attachment-id=\"1271\" data-permalink=\"https:\/\/www.akram.pt\/web\/2019\/05\/3a-jornada-do-torneio-madeira-circuitos-2018-19-zona-1\/img_3172\/#main\" data-orig-file=\"https:\/\/i0.wp.com\/www.akram.pt\/web\/wp-content\/uploads\/2019\/05\/img_3172.png?fit=1536%2C2048&amp;ssl=1\" data-orig-size=\"1536,2048\" data-comments-opened=\"0\" data-image-meta=\"{&quot;aperture&quot;:&quot;0&quot;,&quot;credit&quot;:&quot;&quot;,&quot;camera&quot;:&quot;&quot;,&quot;caption&quot;:&quot;&quot;,&quot;created_timestamp&quot;:&quot;0&quot;,&quot;copyright&quot;:&quot;&quot;,&quot;focal_length&quot;:&quot;0&quot;,&quot;iso&quot;:&quot;0&quot;,&quot;shutter_speed&quot;:&quot;0&quot;,&quot;title&quot;:&quot;&quot;,&quot;orientation&quot;:&quot;0&quot;}\" data-image-title=\"img_3172\" data-image-description=\"\" data-image-caption=\"\" data-large-file=\"https:\/\/i0.wp.com\/www.akram.pt\/web\/wp-content\/uploads\/2019\/05\/img_3172.png?fit=768%2C1024&amp;ssl=1\" class=\"aligncenter wp-image-1271 size-medium\" src=\"https:\/\/i0.wp.com\/www.akram.pt\/web\/wp-content\/uploads\/2019\/05\/img_3172-225x300.png?resize=225%2C300\" alt=\"\" width=\"225\" height=\"300\" srcset=\"https:\/\/i0.wp.com\/www.akram.pt\/web\/wp-content\/uploads\/2019\/05\/img_3172.png?resize=225%2C300&amp;ssl=1 225w, https:\/\/i0.wp.com\/www.akram.pt\/web\/wp-content\/uploads\/2019\/05\/img_3172.png?resize=768%2C1024&amp;ssl=1 768w, https:\/\/i0.wp.com\/www.akram.pt\/web\/wp-content\/uploads\/2019\/05\/img_3172.png?w=1536&amp;ssl=1 1536w\" sizes=\"auto, (max-width: 225px) 100vw, 225px\" \/><\/a><\/p>\n<p>Relembro as exce\u00e7\u00f5es:<br \/>\n&#8211; Atletas irm\u00e3os em escal\u00f5es diferentes (podem fazer ao mesmo tempo numa das horas dispon\u00edveis dos seus escal\u00f5es)<br \/>\n&#8211; Atletas Encarregados de Educa\u00e7\u00e3o com Educandos atletas (podem fazer ao mesmo tempo numa das horas dispon\u00edveis dos seus escal\u00f5es)<br \/>\n&#8211; Atletas com justifica\u00e7\u00e3o (ex. M\u00e9dico, Academia, etc.)<br \/>\nAs exce\u00e7\u00f5es n\u00e3o s\u00e3o para ser tomadas em regra, devem utilizar as exce\u00e7\u00f5es apenas em caso de necessidade.<\/p>\n<p>Informo ainda que os clubes com avaliadores AKRAM com acredita\u00e7\u00e3o para a \u00e9poca em vigor devem informar os mesmos para participarem como avaliadores na sua zona.<br \/>\nHor\u00e1rios: <a href=\"http:\/\/www.akram.pt\/web\/wp-content\/uploads\/2019\/05\/hp_3tm_circuitos_zona1-funchal_2018-19_11mai19.pdf\">Descarregue aqui<\/a><\/p>\n<p>O Departamento de Competi\u00e7\u00e3o deseja a todos uma boa prova. Oss!!<\/p>\n","protected":false},"excerpt":{"rendered":"<p>A AKRAM vem por este meio divulgar os hor\u00e1rios\/cartaz para as provas do pr\u00f3ximo s\u00e1bado, Zona 1 &#8211; Funchal. Aten\u00e7\u00e3o aos hor\u00e1rios espec\u00edficos por escal\u00e3o para que n\u00e3o hajam constrangimentos nem atrasos nas provas, salvo as normais exce\u00e7\u00f5es os hor\u00e1rios s\u00e3o para ser cumpridos. Relembro as exce\u00e7\u00f5es: &#8211; Atletas irm\u00e3os em escal\u00f5es diferentes (podem fazer<\/p>\n<p class=\"more-link\"><a href=\"https:\/\/www.akram.pt\/web\/2019\/05\/3a-jornada-do-torneio-madeira-circuitos-2018-19-zona-1\/\" class=\"themebutton\">Read More<\/a><\/p>\n","protected":false},"author":2,"featured_media":1271,"comment_status":"closed","ping_status":"open","sticky":false,"template":"","format":"standard","meta":{"_crdt_document":"","_jetpack_memberships_contains_paid_content":false,"footnotes":""},"categories":[7,4,9],"tags":[],"class_list":["post-1270","post","type-post","status-publish","format-standard","has-post-thumbnail","hentry","category-actividades","category-noticias","category-provas"],"jetpack_featured_media_url":"https:\/\/i0.wp.com\/www.akram.pt\/web\/wp-content\/uploads\/2019\/05\/img_3172.png?fit=1536%2C2048&ssl=1","jetpack_sharing_enabled":true,"_links":{"self":[{"href":"https:\/\/www.akram.pt\/web\/wp-json\/wp\/v2\/posts\/1270","targetHints":{"allow":["GET"]}}],"collection":[{"href":"https:\/\/www.akram.pt\/web\/wp-json\/wp\/v2\/posts"}],"about":[{"href":"https:\/\/www.akram.pt\/web\/wp-json\/wp\/v2\/types\/post"}],"author":[{"embeddable":true,"href":"https:\/\/www.akram.pt\/web\/wp-json\/wp\/v2\/users\/2"}],"replies":[{"embeddable":true,"href":"https:\/\/www.akram.pt\/web\/wp-json\/wp\/v2\/comments?post=1270"}],"version-history":[{"count":0,"href":"https:\/\/www.akram.pt\/web\/wp-json\/wp\/v2\/posts\/1270\/revisions"}],"wp:featuredmedia":[{"embeddable":true,"href":"https:\/\/www.akram.pt\/web\/wp-json\/wp\/v2\/media\/1271"}],"wp:attachment":[{"href":"https:\/\/www.akram.pt\/web\/wp-json\/wp\/v2\/media?parent=1270"}],"wp:term":[{"taxonomy":"category","embeddable":true,"href":"https:\/\/www.akram.pt\/web\/wp-json\/wp\/v2\/categories?post=1270"},{"taxonomy":"post_tag","embeddable":true,"href":"https:\/\/www.akram.pt\/web\/wp-json\/wp\/v2\/tags?post=1270"}],"curies":[{"name":"wp","href":"https:\/\/api.w.org\/{rel}","templated":true}]}}