{"id":1276,"date":"2019-05-13T22:09:33","date_gmt":"2019-05-13T22:09:33","guid":{"rendered":"http:\/\/www.akram.pt\/web\/?p=1276"},"modified":"2019-05-16T19:43:46","modified_gmt":"2019-05-16T19:43:46","slug":"5o-e-6o-open-madeira-juvenis-5o-e-6o-open-madeira-iniciados-5o-e-6o-open-madeira-infantis-3o-4o-5o-e-6o-open-madeira-equipas-infantis-iniciados-juvenis-prova-regular-2018-19","status":"publish","type":"post","link":"https:\/\/www.akram.pt\/web\/2019\/05\/5o-e-6o-open-madeira-juvenis-5o-e-6o-open-madeira-iniciados-5o-e-6o-open-madeira-infantis-3o-4o-5o-e-6o-open-madeira-equipas-infantis-iniciados-juvenis-prova-regular-2018-19\/","title":{"rendered":"5\u00ba e 6\u00ba Open Madeira Juvenis | 5\u00ba e 6\u00ba Open Madeira Iniciados | 5\u00ba e 6\u00ba Open Madeira Infantis | 3\u00ba, 4\u00ba, 5\u00ba e 6\u00ba Open Madeira Equipas &#8211; Infantis\/Iniciados\/Juvenis Prova Regular &#8211; 2018\/19"},"content":{"rendered":"\n<p class=\"wp-block-paragraph\">A AKRAM vem por este meio divulgar os hor\u00e1rios\/cartaz para as ultimas provas Open Madeira desta \u00e9poca desportiva 2018-19 que se realizaram no pr\u00f3ximo s\u00e1bado e domingo, 18 e 19 maio respetivamente.<\/p>\n\n\n\n<ul class=\"wp-block-gallery columns-2 is-cropped wp-block-gallery-1 is-layout-flex wp-block-gallery-is-layout-flex\"><li class=\"blocks-gallery-item\"><figure><a href=\"https:\/\/i0.wp.com\/www.akram.pt\/web\/wp-content\/uploads\/2019\/05\/CartazTM_OpensMadeira_18mai19-1-724x1024.jpg\" rel=\"lightbox[1276]\"><img data-recalc-dims=\"1\" loading=\"lazy\" decoding=\"async\" width=\"724\" height=\"1024\" data-attachment-id=\"1287\" data-permalink=\"https:\/\/www.akram.pt\/web\/2019\/05\/5o-e-6o-open-madeira-juvenis-5o-e-6o-open-madeira-iniciados-5o-e-6o-open-madeira-infantis-3o-4o-5o-e-6o-open-madeira-equipas-infantis-iniciados-juvenis-prova-regular-2018-19\/cartaztm_opensmadeira_18mai19-1\/#main\" data-orig-file=\"https:\/\/i0.wp.com\/www.akram.pt\/web\/wp-content\/uploads\/2019\/05\/CartazTM_OpensMadeira_18mai19-1.jpg?fit=2480%2C3508&amp;ssl=1\" data-orig-size=\"2480,3508\" data-comments-opened=\"0\" data-image-meta=\"{&quot;aperture&quot;:&quot;0&quot;,&quot;credit&quot;:&quot;&quot;,&quot;camera&quot;:&quot;&quot;,&quot;caption&quot;:&quot;&quot;,&quot;created_timestamp&quot;:&quot;1540212666&quot;,&quot;copyright&quot;:&quot;&quot;,&quot;focal_length&quot;:&quot;0&quot;,&quot;iso&quot;:&quot;0&quot;,&quot;shutter_speed&quot;:&quot;0&quot;,&quot;title&quot;:&quot;&quot;,&quot;orientation&quot;:&quot;1&quot;}\" data-image-title=\"CartazTM_OpensMadeira_18mai19-1\" data-image-description=\"\" data-image-caption=\"\" data-large-file=\"https:\/\/i0.wp.com\/www.akram.pt\/web\/wp-content\/uploads\/2019\/05\/CartazTM_OpensMadeira_18mai19-1.jpg?fit=724%2C1024&amp;ssl=1\" src=\"https:\/\/i0.wp.com\/www.akram.pt\/web\/wp-content\/uploads\/2019\/05\/CartazTM_OpensMadeira_18mai19-1-724x1024.jpg?resize=724%2C1024\" alt=\"\" data-id=\"1287\" data-link=\"http:\/\/www.akram.pt\/web\/2019\/05\/5o-e-6o-open-madeira-juvenis-5o-e-6o-open-madeira-iniciados-5o-e-6o-open-madeira-infantis-3o-4o-5o-e-6o-open-madeira-equipas-infantis-iniciados-juvenis-prova-regular-2018-19\/cartaztm_opensmadeira_18mai19-1\/#main\" class=\"wp-image-1287\" srcset=\"https:\/\/i0.wp.com\/www.akram.pt\/web\/wp-content\/uploads\/2019\/05\/CartazTM_OpensMadeira_18mai19-1.jpg?resize=724%2C1024&amp;ssl=1 724w, https:\/\/i0.wp.com\/www.akram.pt\/web\/wp-content\/uploads\/2019\/05\/CartazTM_OpensMadeira_18mai19-1.jpg?resize=212%2C300&amp;ssl=1 212w, https:\/\/i0.wp.com\/www.akram.pt\/web\/wp-content\/uploads\/2019\/05\/CartazTM_OpensMadeira_18mai19-1.jpg?resize=768%2C1086&amp;ssl=1 768w, https:\/\/i0.wp.com\/www.akram.pt\/web\/wp-content\/uploads\/2019\/05\/CartazTM_OpensMadeira_18mai19-1.jpg?w=2340&amp;ssl=1 2340w\" sizes=\"auto, (max-width: 724px) 100vw, 724px\" \/><\/a><figcaption>18 de maio<\/figcaption><\/figure><\/li><li class=\"blocks-gallery-item\"><figure><a href=\"https:\/\/i0.wp.com\/www.akram.pt\/web\/wp-content\/uploads\/2019\/05\/CartazTM_OpensMadeira_19mai19-724x1024.jpg\" rel=\"lightbox[1276]\"><img data-recalc-dims=\"1\" loading=\"lazy\" decoding=\"async\" width=\"724\" height=\"1024\" data-attachment-id=\"1278\" data-permalink=\"https:\/\/www.akram.pt\/web\/2019\/05\/5o-e-6o-open-madeira-juvenis-5o-e-6o-open-madeira-iniciados-5o-e-6o-open-madeira-infantis-3o-4o-5o-e-6o-open-madeira-equipas-infantis-iniciados-juvenis-prova-regular-2018-19\/cartaztm_opensmadeira_19mai19\/#main\" data-orig-file=\"https:\/\/i0.wp.com\/www.akram.pt\/web\/wp-content\/uploads\/2019\/05\/CartazTM_OpensMadeira_19mai19.jpg?fit=2480%2C3508&amp;ssl=1\" data-orig-size=\"2480,3508\" data-comments-opened=\"0\" data-image-meta=\"{&quot;aperture&quot;:&quot;0&quot;,&quot;credit&quot;:&quot;&quot;,&quot;camera&quot;:&quot;&quot;,&quot;caption&quot;:&quot;&quot;,&quot;created_timestamp&quot;:&quot;1540212666&quot;,&quot;copyright&quot;:&quot;&quot;,&quot;focal_length&quot;:&quot;0&quot;,&quot;iso&quot;:&quot;0&quot;,&quot;shutter_speed&quot;:&quot;0&quot;,&quot;title&quot;:&quot;&quot;,&quot;orientation&quot;:&quot;1&quot;}\" data-image-title=\"Cartaz 19 de maio\" data-image-description=\"\" data-image-caption=\"&lt;p&gt;19 de maio&lt;\/p&gt;\n\" data-large-file=\"https:\/\/i0.wp.com\/www.akram.pt\/web\/wp-content\/uploads\/2019\/05\/CartazTM_OpensMadeira_19mai19.jpg?fit=724%2C1024&amp;ssl=1\" src=\"https:\/\/i0.wp.com\/www.akram.pt\/web\/wp-content\/uploads\/2019\/05\/CartazTM_OpensMadeira_19mai19-724x1024.jpg?resize=724%2C1024\" alt=\"\" data-id=\"1278\" data-link=\"http:\/\/www.akram.pt\/web\/2019\/05\/5o-e-6o-open-madeira-juvenis-5o-e-6o-open-madeira-iniciados-5o-e-6o-open-madeira-infantis-3o-4o-5o-e-6o-open-madeira-equipas-infantis-iniciados-juvenis-prova-regular-2018-19\/cartaztm_opensmadeira_19mai19\/#main\" class=\"wp-image-1278\" srcset=\"https:\/\/i0.wp.com\/www.akram.pt\/web\/wp-content\/uploads\/2019\/05\/CartazTM_OpensMadeira_19mai19.jpg?resize=724%2C1024&amp;ssl=1 724w, https:\/\/i0.wp.com\/www.akram.pt\/web\/wp-content\/uploads\/2019\/05\/CartazTM_OpensMadeira_19mai19.jpg?resize=212%2C300&amp;ssl=1 212w, https:\/\/i0.wp.com\/www.akram.pt\/web\/wp-content\/uploads\/2019\/05\/CartazTM_OpensMadeira_19mai19.jpg?resize=768%2C1086&amp;ssl=1 768w, https:\/\/i0.wp.com\/www.akram.pt\/web\/wp-content\/uploads\/2019\/05\/CartazTM_OpensMadeira_19mai19.jpg?w=2340&amp;ssl=1 2340w\" sizes=\"auto, (max-width: 724px) 100vw, 724px\" \/><\/a><figcaption>19 de maio<\/figcaption><\/figure><\/li><\/ul>\n\n\n\n<p class=\"wp-block-paragraph\">Local:&nbsp;<strong>Pavilh\u00e3o Gimnodesportivo do Curral das Freiras<\/strong>&nbsp;&#8211;&nbsp;<br><strong>(Polidesportivo da EB1.\u00baC com PE do Curral das Freiras&nbsp;<\/strong>&#8211; Estr. da Bica, Curral das Freiras)<\/p>\n\n\n\n<p class=\"wp-block-paragraph\"><strong>18 maio &#8211; Manh\u00e3<br><\/strong>5\u00ba&nbsp;Open Madeira&nbsp;Juvenis<br>6\u00ba&nbsp;Open Madeira&nbsp;Juvenis<br>5\u00ba&nbsp;Open Madeira&nbsp;Iniciados<br>6\u00ba&nbsp;Open Madeira&nbsp;Iniciados<strong><br><\/strong><\/p>\n\n\n\n<p class=\"wp-block-paragraph\"><strong>18 maio &#8211; Tarde<br><\/strong>5\u00ba&nbsp;Open Madeira&nbsp;Infantis<br>3\u00ba&nbsp;Open Madeira Equipas \u2013 Infantis\/Iniciados\/Juvenis &#8211; Prova Regular<br>4\u00ba&nbsp;Open Madeira Equipas \u2013 Infantis\/Iniciados\/Juvenis &#8211; Prova Regular<\/p>\n\n\n\n<p class=\"wp-block-paragraph\"><strong>19 maio &#8211; Manh\u00e3<br><\/strong>6\u00ba&nbsp;Open Madeira&nbsp;Infantis<br>5\u00ba&nbsp;Open Madeira Equipas \u2013 Infantis\/Iniciados\/Juvenis &#8211; Prova Regular<br>6\u00ba&nbsp;Open Madeira Equipas \u2013 Infantis\/Iniciados\/Juvenis &#8211; Prova Regular<strong><br><\/strong><\/p>\n\n\n\n<p class=\"wp-block-paragraph\">N\u00edveis:&nbsp;<strong>A \/ B \/ C<br><\/strong>Data da Prova:&nbsp;<strong>18\/19 maio 2019<\/strong><br>Turnos:&nbsp;<strong>Manh\u00e3 e Tarde (18 maio)<br><\/strong>Turnos:&nbsp;<strong>Manh\u00e3 (19 maio)<\/strong><\/p>\n\n\n\n<div class=\"wp-block-file\"><a href=\"http:\/\/www.akram.pt\/web\/wp-content\/uploads\/2019\/05\/HP_OpenMadeira_18mai19-2.pdf\">Hor\u00e1rio 18 de maio<\/a><a href=\"http:\/\/www.akram.pt\/web\/wp-content\/uploads\/2019\/05\/HP_OpenMadeira_18mai19-2.pdf\" class=\"wp-block-file__button\" download>Descarregar<\/a><\/div>\n\n\n\n<div class=\"wp-block-file\"><a href=\"http:\/\/www.akram.pt\/web\/wp-content\/uploads\/2019\/05\/HP_OpenMadeira_19mai19.pdf\">Hor\u00e1rio 19 de maio<\/a><a href=\"http:\/\/www.akram.pt\/web\/wp-content\/uploads\/2019\/05\/HP_OpenMadeira_19mai19.pdf\" class=\"wp-block-file__button\" download>Descarregar<\/a><\/div>\n\n\n\n<p class=\"wp-block-paragraph\">O Departamento de Competi\u00e7\u00e3o deseja a todos uma boa prova. Oss!!<\/p>\n","protected":false},"excerpt":{"rendered":"<p>A AKRAM vem por este meio divulgar os hor\u00e1rios\/cartaz para as ultimas provas Open Madeira desta \u00e9poca desportiva 2018-19 que se realizaram no pr\u00f3ximo s\u00e1bado e domingo, 18 e 19 maio respetivamente. Local:&nbsp;Pavilh\u00e3o Gimnodesportivo do Curral das Freiras&nbsp;&#8211;&nbsp;(Polidesportivo da EB1.\u00baC com PE do Curral das Freiras&nbsp;&#8211; Estr. da Bica, Curral das Freiras) 18 maio &#8211;<\/p>\n<p class=\"more-link\"><a href=\"https:\/\/www.akram.pt\/web\/2019\/05\/5o-e-6o-open-madeira-juvenis-5o-e-6o-open-madeira-iniciados-5o-e-6o-open-madeira-infantis-3o-4o-5o-e-6o-open-madeira-equipas-infantis-iniciados-juvenis-prova-regular-2018-19\/\" class=\"themebutton\">Read More<\/a><\/p>\n","protected":false},"author":2,"featured_media":1277,"comment_status":"closed","ping_status":"open","sticky":false,"template":"","format":"standard","meta":{"_crdt_document":"","_jetpack_memberships_contains_paid_content":false,"footnotes":""},"categories":[7,4,9],"tags":[],"class_list":["post-1276","post","type-post","status-publish","format-standard","has-post-thumbnail","hentry","category-actividades","category-noticias","category-provas"],"jetpack_featured_media_url":"https:\/\/i0.wp.com\/www.akram.pt\/web\/wp-content\/uploads\/2019\/05\/CartazTM_OpensMadeira_18mai19.jpg?fit=2480%2C3508&ssl=1","jetpack_sharing_enabled":true,"_links":{"self":[{"href":"https:\/\/www.akram.pt\/web\/wp-json\/wp\/v2\/posts\/1276","targetHints":{"allow":["GET"]}}],"collection":[{"href":"https:\/\/www.akram.pt\/web\/wp-json\/wp\/v2\/posts"}],"about":[{"href":"https:\/\/www.akram.pt\/web\/wp-json\/wp\/v2\/types\/post"}],"author":[{"embeddable":true,"href":"https:\/\/www.akram.pt\/web\/wp-json\/wp\/v2\/users\/2"}],"replies":[{"embeddable":true,"href":"https:\/\/www.akram.pt\/web\/wp-json\/wp\/v2\/comments?post=1276"}],"version-history":[{"count":0,"href":"https:\/\/www.akram.pt\/web\/wp-json\/wp\/v2\/posts\/1276\/revisions"}],"wp:featuredmedia":[{"embeddable":true,"href":"https:\/\/www.akram.pt\/web\/wp-json\/wp\/v2\/media\/1277"}],"wp:attachment":[{"href":"https:\/\/www.akram.pt\/web\/wp-json\/wp\/v2\/media?parent=1276"}],"wp:term":[{"taxonomy":"category","embeddable":true,"href":"https:\/\/www.akram.pt\/web\/wp-json\/wp\/v2\/categories?post=1276"},{"taxonomy":"post_tag","embeddable":true,"href":"https:\/\/www.akram.pt\/web\/wp-json\/wp\/v2\/tags?post=1276"}],"curies":[{"name":"wp","href":"https:\/\/api.w.org\/{rel}","templated":true}]}}