{"id":1295,"date":"2019-05-22T23:09:37","date_gmt":"2019-05-22T23:09:37","guid":{"rendered":"http:\/\/www.akram.pt\/web\/2019\/05\/3o-jornada-torneio-madeira-zona-5-porto-da-cruz-2018-19\/"},"modified":"2019-05-22T23:15:13","modified_gmt":"2019-05-22T23:15:13","slug":"3o-jornada-torneio-madeira-zona-5-porto-da-cruz-2018-19","status":"publish","type":"post","link":"https:\/\/www.akram.pt\/web\/2019\/05\/3o-jornada-torneio-madeira-zona-5-porto-da-cruz-2018-19\/","title":{"rendered":"3\u00aa Jornada do Torneio Madeira &#8211; Zona 5 &#8211; Porto da Cruz &#8211; 2018\/19"},"content":{"rendered":"<p class=\"MsoNormal\" style=\"caret-color: rgb(49, 49, 49); color: rgb(49, 49, 49); font-family: -apple-system, HelveticaNeue; font-size: 16px; font-style: normal; font-variant-caps: normal; font-weight: normal; letter-spacing: normal; orphans: auto; text-align: start; text-indent: 0px; text-transform: none; white-space: normal; widows: auto; word-spacing: 1px; -webkit-tap-highlight-color: rgba(26, 26, 26, 0.301961); -webkit-text-size-adjust: auto; -webkit-text-stroke-width: 0px; text-decoration: none; margin-bottom: 12pt\"><span data-removefontsize=\"true\" data-originalcomputedfontsize=\"16\" style=\"font-family\" segoe ui sans-serif font-size:>A AKRAM vem por este meio divulgar os hor\u00e1rios\/cartaz para a prova do pr\u00f3ximo s\u00e1bado (25 maio) Zona 5 \u2013 Porto da Cruz.<br \/>\n<\/span><span data-removefontsize=\"true\" data-originalcomputedfontsize=\"16\" style=\"font-family\" segoe ui sans-serif font-size:><b data-removefontsize=\"true\" data-originalcomputedfontsize=\"16\" style=\"font-size: 1rem\">Aten\u00e7\u00e3o aos hor\u00e1rios espec\u00edficos por escal\u00e3o para que n\u00e3o hajam constrangimentos nem atrasos nas provas, salvo as normais exce\u00e7\u00f5es os hor\u00e1rios s\u00e3o para ser cumpridos.<\/b><\/span><\/p>\n<p class=\"MsoNormal\" style=\"caret-color: rgb(49, 49, 49); color: rgb(49, 49, 49); font-family: -apple-system, HelveticaNeue; font-size: 16px; font-style: normal; font-variant-caps: normal; font-weight: normal; letter-spacing: normal; orphans: auto; text-align: start; text-indent: 0px; text-transform: none; white-space: normal; widows: auto; word-spacing: 1px; -webkit-tap-highlight-color: rgba(26, 26, 26, 0.301961); -webkit-text-size-adjust: auto; -webkit-text-stroke-width: 0px; text-decoration: none; margin-bottom: 12pt\"><span data-removefontsize=\"true\" data-originalcomputedfontsize=\"16\" style=\"font-family\" segoe ui sans-serif font-size:><b data-removefontsize=\"true\" data-originalcomputedfontsize=\"16\" style=\"font-size: 1rem\"><img data-recalc-dims=\"1\" loading=\"lazy\" decoding=\"async\" src=\"https:\/\/i0.wp.com\/www.akram.pt\/web\/wp-content\/uploads\/2019\/05\/img_3177.jpg?resize=270%2C381\" class=\"aligncenter size-medium\" width=\"270\" height=\"381\"><\/b><\/span><span data-removefontsize=\"true\" data-originalcomputedfontsize=\"16\" style=\"font-family\" segoe ui sans-serif font-size:><b data-removefontsize=\"true\" data-originalcomputedfontsize=\"16\" style=\"font-size: 1rem\"><br \/>\n<\/b><\/span><span data-removefontsize=\"true\" data-originalcomputedfontsize=\"16\" style=\"font-family\" segoe ui sans-serif font-size:><br \/>\nRelembro as exce\u00e7\u00f5es:<br \/>\n&#8211; Atletas irm\u00e3os em escal\u00f5es diferentes (podem fazer ao mesmo tempo numa das horas dispon\u00edveis dos seus escal\u00f5es)<br \/>\n&#8211; Atletas Encarregados de Educa\u00e7\u00e3o com Educandos atletas (podem fazer ao mesmo tempo numa das horas dispon\u00edveis dos seus escal\u00f5es)<br \/>\n&#8211; Atletas com justifica\u00e7\u00e3o (ex. M\u00e9dico, Academia, etc.)<br \/>\nAs exce\u00e7\u00f5es n\u00e3o s\u00e3o para ser tomadas em regra, devem utilizar as exce\u00e7\u00f5es apenas em caso de necessidade.<\/span><\/p>\n<p>Informo ainda que os clubes com avaliadores AKRAM com acredita\u00e7\u00e3o para a \u00e9poca em vigor devem informar os mesmos para participarem como avaliadores na sua zona.<\/p>\n<p><span data-removefontsize=\"true\" data-originalcomputedfontsize=\"16\" style=\"font-family\" segoe ui sans-serif font-size:><span data-removefontsize=\"true\" data-originalcomputedfontsize=\"16\" style=\"background-color: yellow; font-size: 1rem; background-position: initial initial; background-repeat: initial initial\">Hor\u00e1rios Avaliadores Zona 5 \u2013 Porto da Cruz (25 maio &#8211; S\u00e1bado) :<\/span><\/span><span data-removefontsize=\"true\" data-originalcomputedfontsize=\"16\" style=\"font-family\" segoe ui sans-serif font-size:><br \/>\n<\/span><span data-removefontsize=\"true\" data-originalcomputedfontsize=\"16\" style=\"font-family\" segoe ui sans-serif font-size:><b data-removefontsize=\"true\" data-originalcomputedfontsize=\"16\" style=\"font-size: 1rem\">Montagem<\/b><\/span><span data-removefontsize=\"true\" data-originalcomputedfontsize=\"16\" style=\"font-family\" segoe ui sans-serif font-size:>: 09h00 \u00e1s 9h30<br \/>\n<\/span><span data-removefontsize=\"true\" data-originalcomputedfontsize=\"16\" style=\"font-family\" segoe ui sans-serif font-size:><b data-removefontsize=\"true\" data-originalcomputedfontsize=\"16\" style=\"font-size: 1rem\">Ultimo Check-in da manh\u00e3<\/b><\/span><span data-removefontsize=\"true\" data-originalcomputedfontsize=\"16\" style=\"font-family\" segoe ui sans-serif font-size:>: 10h30<br \/>\n<\/span><span data-removefontsize=\"true\" data-originalcomputedfontsize=\"16\" style=\"font-family\" segoe ui sans-serif font-size:><b data-removefontsize=\"true\" data-originalcomputedfontsize=\"16\" style=\"font-size: 1rem\">Desmontagem da Prova:<\/b><\/span><span data-removefontsize=\"true\" data-originalcomputedfontsize=\"16\" style=\"font-family\" segoe ui sans-serif font-size:><span class=\"Apple-converted-space\">&nbsp;<\/span><\/span><span data-removefontsize=\"true\" data-originalcomputedfontsize=\"16\" style=\"font-family\" segoe ui sans-serif font-size:>11h30 \u00e0s 12h00<\/span><\/p>\n<p class=\"MsoNormal\" style=\"caret-color: rgb(49, 49, 49); color: rgb(49, 49, 49); font-family: -apple-system, HelveticaNeue; font-size: 16px; font-style: normal; font-variant-caps: normal; font-weight: normal; letter-spacing: normal; orphans: auto; text-align: start; text-indent: 0px; text-transform: none; white-space: normal; widows: auto; word-spacing: 1px; -webkit-tap-highlight-color: rgba(26, 26, 26, 0.301961); -webkit-text-size-adjust: auto; -webkit-text-stroke-width: 0px; text-decoration: none; margin-bottom: 12pt\"><span data-removefontsize=\"true\" data-originalcomputedfontsize=\"16\" style=\"font-family\" segoe ui sans-serif font-size:><a href=\"http:\/\/www.akram.pt\/web\/wp-content\/uploads\/2019\/05\/hp_torneiomadeiracircuitosz5_25mai19.pdf\">Hor\u00e1rio da prova<\/a><\/span><\/p>\n<p class=\"MsoNormal\" style=\"caret-color: rgb(49, 49, 49); color: rgb(49, 49, 49); font-family: -apple-system, HelveticaNeue; font-size: 16px; font-style: normal; font-variant-caps: normal; font-weight: normal; letter-spacing: normal; orphans: auto; text-align: start; text-indent: 0px; text-transform: none; white-space: normal; widows: auto; word-spacing: 1px; -webkit-tap-highlight-color: rgba(26, 26, 26, 0.301961); -webkit-text-size-adjust: auto; -webkit-text-stroke-width: 0px; text-decoration: none; margin-bottom: 12pt\"><span data-removefontsize=\"true\" data-originalcomputedfontsize=\"16\" style=\"font-family\" segoe ui sans-serif font-size:><br \/>\nO Departamento de Competi\u00e7\u00e3o deseja a todos uma boa prova. Oss!!<\/span><\/p>\n","protected":false},"excerpt":{"rendered":"<p>A AKRAM vem por este meio divulgar os hor\u00e1rios\/cartaz para a prova do pr\u00f3ximo s\u00e1bado (25 maio) Zona 5 \u2013 Porto da Cruz. Aten\u00e7\u00e3o aos hor\u00e1rios espec\u00edficos por escal\u00e3o para que n\u00e3o hajam constrangimentos nem atrasos nas provas, salvo as normais exce\u00e7\u00f5es os hor\u00e1rios s\u00e3o para ser cumpridos. Relembro as exce\u00e7\u00f5es: &#8211; Atletas irm\u00e3os em<\/p>\n<p class=\"more-link\"><a href=\"https:\/\/www.akram.pt\/web\/2019\/05\/3o-jornada-torneio-madeira-zona-5-porto-da-cruz-2018-19\/\" class=\"themebutton\">Read More<\/a><\/p>\n","protected":false},"author":2,"featured_media":1293,"comment_status":"closed","ping_status":"open","sticky":false,"template":"","format":"standard","meta":{"_crdt_document":"","_jetpack_memberships_contains_paid_content":false,"footnotes":""},"categories":[7,4,9],"tags":[],"class_list":["post-1295","post","type-post","status-publish","format-standard","has-post-thumbnail","hentry","category-actividades","category-noticias","category-provas"],"jetpack_featured_media_url":"https:\/\/i0.wp.com\/www.akram.pt\/web\/wp-content\/uploads\/2019\/05\/img_3177.jpg?fit=3508%2C4961&ssl=1","jetpack_sharing_enabled":true,"_links":{"self":[{"href":"https:\/\/www.akram.pt\/web\/wp-json\/wp\/v2\/posts\/1295","targetHints":{"allow":["GET"]}}],"collection":[{"href":"https:\/\/www.akram.pt\/web\/wp-json\/wp\/v2\/posts"}],"about":[{"href":"https:\/\/www.akram.pt\/web\/wp-json\/wp\/v2\/types\/post"}],"author":[{"embeddable":true,"href":"https:\/\/www.akram.pt\/web\/wp-json\/wp\/v2\/users\/2"}],"replies":[{"embeddable":true,"href":"https:\/\/www.akram.pt\/web\/wp-json\/wp\/v2\/comments?post=1295"}],"version-history":[{"count":0,"href":"https:\/\/www.akram.pt\/web\/wp-json\/wp\/v2\/posts\/1295\/revisions"}],"wp:featuredmedia":[{"embeddable":true,"href":"https:\/\/www.akram.pt\/web\/wp-json\/wp\/v2\/media\/1293"}],"wp:attachment":[{"href":"https:\/\/www.akram.pt\/web\/wp-json\/wp\/v2\/media?parent=1295"}],"wp:term":[{"taxonomy":"category","embeddable":true,"href":"https:\/\/www.akram.pt\/web\/wp-json\/wp\/v2\/categories?post=1295"},{"taxonomy":"post_tag","embeddable":true,"href":"https:\/\/www.akram.pt\/web\/wp-json\/wp\/v2\/tags?post=1295"}],"curies":[{"name":"wp","href":"https:\/\/api.w.org\/{rel}","templated":true}]}}