{"id":1298,"date":"2019-05-22T23:14:48","date_gmt":"2019-05-22T23:14:48","guid":{"rendered":"http:\/\/www.akram.pt\/web\/2019\/05\/3o-torneio-madeira-zona-4-sta-cruz-2018-19\/"},"modified":"2019-05-22T23:15:37","modified_gmt":"2019-05-22T23:15:37","slug":"3o-torneio-madeira-zona-4-sta-cruz-2018-19","status":"publish","type":"post","link":"https:\/\/www.akram.pt\/web\/2019\/05\/3o-torneio-madeira-zona-4-sta-cruz-2018-19\/","title":{"rendered":"3\u00aa Jornada do Torneio Madeira &#8211; Zona 4 &#8211; St\u00aa Cruz &#8211; 2018\/19"},"content":{"rendered":"<p>A AKRAM vem por este meio divulgar os hor\u00e1rios\/cartaz para as provas do pr\u00f3ximo s\u00e1bado domingo (26 maio), Zona 4 \u2013 Sta. Cruz \/ Cani\u00e7o.<\/p>\n<p><img data-recalc-dims=\"1\" loading=\"lazy\" decoding=\"async\" src=\"https:\/\/i0.wp.com\/www.akram.pt\/web\/wp-content\/uploads\/2019\/05\/img_3178.jpg?resize=270%2C381\" class=\"aligncenter size-medium\" width=\"270\" height=\"381\"><br \/>\n<strong>Aten\u00e7\u00e3o aos hor\u00e1rios espec\u00edficos por escal\u00e3o para que n\u00e3o hajam constrangimentos nem atrasos nas provas, salvo as normais exce\u00e7\u00f5es os hor\u00e1rios s\u00e3o para ser cumpridos.<\/strong><\/p>\n<p>Relembro as exce\u00e7\u00f5es:<br \/>\n&#8211; Atletas irm\u00e3os em escal\u00f5es diferentes (podem fazer ao mesmo tempo numa das horas dispon\u00edveis dos seus escal\u00f5es)<br \/>\n&#8211; Atletas Encarregados de Educa\u00e7\u00e3o com Educandos atletas (podem fazer ao mesmo tempo numa das horas dispon\u00edveis dos seus escal\u00f5es)<br \/>\n&#8211; Atletas com justifica\u00e7\u00e3o (ex. M\u00e9dico, Academia, etc.)<br \/>\nAs exce\u00e7\u00f5es n\u00e3o s\u00e3o para ser tomadas em regra, devem utilizar as exce\u00e7\u00f5es apenas em caso de necessidade.<\/p>\n<p>Informo ainda que os clubes com avaliadores AKRAM com acredita\u00e7\u00e3o para a \u00e9poca em vigor devem informar os mesmos para participarem como avaliadores na sua zona.<\/p>\n<p>Hor\u00e1rios Avaliadores Zona 4 \u2013 Sta. Cruz \/ Cani\u00e7o (26 maio &#8211; Domingo) :<br \/>\n<strong>Montagem<\/strong>: 09h00 \u00e1s 9h30<br \/>\n<strong>Ultimo Check-in da manh\u00e3<\/strong>: 11h30<br \/>\n<strong>Desmontagem da Prova:<\/strong> 12h00 \u00e1s 12h30<\/p>\n<p><a href=\"http:\/\/www.akram.pt\/web\/wp-content\/uploads\/2019\/05\/hp_torneiomadeiracircuitosz4_26mai19.pdf\">Hor\u00e1rio da Prova<\/a><\/p>\n<p>O Departamento de Competi\u00e7\u00e3o deseja a todos uma boa prova. Oss!!<\/p>\n","protected":false},"excerpt":{"rendered":"<p>A AKRAM vem por este meio divulgar os hor\u00e1rios\/cartaz para as provas do pr\u00f3ximo s\u00e1bado domingo (26 maio), Zona 4 \u2013 Sta. Cruz \/ Cani\u00e7o. Aten\u00e7\u00e3o aos hor\u00e1rios espec\u00edficos por escal\u00e3o para que n\u00e3o hajam constrangimentos nem atrasos nas provas, salvo as normais exce\u00e7\u00f5es os hor\u00e1rios s\u00e3o para ser cumpridos. Relembro as exce\u00e7\u00f5es: &#8211; Atletas<\/p>\n<p class=\"more-link\"><a href=\"https:\/\/www.akram.pt\/web\/2019\/05\/3o-torneio-madeira-zona-4-sta-cruz-2018-19\/\" class=\"themebutton\">Read More<\/a><\/p>\n","protected":false},"author":2,"featured_media":1296,"comment_status":"closed","ping_status":"open","sticky":false,"template":"","format":"standard","meta":{"_crdt_document":"","_jetpack_memberships_contains_paid_content":false,"footnotes":""},"categories":[7,4,9],"tags":[],"class_list":["post-1298","post","type-post","status-publish","format-standard","has-post-thumbnail","hentry","category-actividades","category-noticias","category-provas"],"jetpack_featured_media_url":"https:\/\/i0.wp.com\/www.akram.pt\/web\/wp-content\/uploads\/2019\/05\/img_3178.jpg?fit=3508%2C4961&ssl=1","jetpack_sharing_enabled":true,"_links":{"self":[{"href":"https:\/\/www.akram.pt\/web\/wp-json\/wp\/v2\/posts\/1298","targetHints":{"allow":["GET"]}}],"collection":[{"href":"https:\/\/www.akram.pt\/web\/wp-json\/wp\/v2\/posts"}],"about":[{"href":"https:\/\/www.akram.pt\/web\/wp-json\/wp\/v2\/types\/post"}],"author":[{"embeddable":true,"href":"https:\/\/www.akram.pt\/web\/wp-json\/wp\/v2\/users\/2"}],"replies":[{"embeddable":true,"href":"https:\/\/www.akram.pt\/web\/wp-json\/wp\/v2\/comments?post=1298"}],"version-history":[{"count":0,"href":"https:\/\/www.akram.pt\/web\/wp-json\/wp\/v2\/posts\/1298\/revisions"}],"wp:featuredmedia":[{"embeddable":true,"href":"https:\/\/www.akram.pt\/web\/wp-json\/wp\/v2\/media\/1296"}],"wp:attachment":[{"href":"https:\/\/www.akram.pt\/web\/wp-json\/wp\/v2\/media?parent=1298"}],"wp:term":[{"taxonomy":"category","embeddable":true,"href":"https:\/\/www.akram.pt\/web\/wp-json\/wp\/v2\/categories?post=1298"},{"taxonomy":"post_tag","embeddable":true,"href":"https:\/\/www.akram.pt\/web\/wp-json\/wp\/v2\/tags?post=1298"}],"curies":[{"name":"wp","href":"https:\/\/api.w.org\/{rel}","templated":true}]}}