{"id":1303,"date":"2019-05-26T19:01:08","date_gmt":"2019-05-26T19:01:08","guid":{"rendered":"http:\/\/www.akram.pt\/web\/2019\/05\/acao-de-formacao-com-o-selecionador-nacional-joaquim-goncalves\/"},"modified":"2019-05-27T06:43:36","modified_gmt":"2019-05-27T06:43:36","slug":"acao-de-formacao-com-o-selecionador-nacional-joaquim-goncalves","status":"publish","type":"post","link":"https:\/\/www.akram.pt\/web\/2019\/05\/acao-de-formacao-com-o-selecionador-nacional-joaquim-goncalves\/","title":{"rendered":"A\u00e7\u00e3o de Forma\u00e7\u00e3o com o Diretor T\u00e9cnico Nacional FNK-P Joaquim Gon\u00e7alves"},"content":{"rendered":"<p>Nos pr\u00f3ximos dias 31 de maio a 2 de junho realiza-se a A\u00e7\u00e3o de Forma\u00e7\u00e3o com o Director T\u00e9cnico Nacional FNK-P, Sensei Joaquim Gon\u00e7alves.<\/p>\n<p>Esta a\u00e7\u00e3o de forma\u00e7\u00e3o ir\u00e1 realizar-se no Pavilh\u00e3o do Cani\u00e7o.<\/p>\n<p>Consulte o cartaz e hor\u00e1rio da prova abaixo.<\/p>\n<p><a href=\"http:\/\/www.akram.pt\/web\/wp-content\/uploads\/2019\/05\/programa_estagio_de_formacao_joaquim_goncalves_2019.pdf\"><img data-recalc-dims=\"1\" loading=\"lazy\" decoding=\"async\" data-attachment-id=\"1309\" data-permalink=\"https:\/\/www.akram.pt\/web\/2019\/05\/acao-de-formacao-com-o-selecionador-nacional-joaquim-goncalves\/img_3187\/#main\" data-orig-file=\"https:\/\/i0.wp.com\/www.akram.pt\/web\/wp-content\/uploads\/2019\/05\/img_3187.jpg?fit=3508%2C4961&amp;ssl=1\" data-orig-size=\"3508,4961\" data-comments-opened=\"0\" data-image-meta=\"{&quot;aperture&quot;:&quot;0&quot;,&quot;credit&quot;:&quot;&quot;,&quot;camera&quot;:&quot;&quot;,&quot;caption&quot;:&quot;&quot;,&quot;created_timestamp&quot;:&quot;0&quot;,&quot;copyright&quot;:&quot;&quot;,&quot;focal_length&quot;:&quot;0&quot;,&quot;iso&quot;:&quot;0&quot;,&quot;shutter_speed&quot;:&quot;0&quot;,&quot;title&quot;:&quot;&quot;,&quot;orientation&quot;:&quot;0&quot;}\" data-image-title=\"img_3187\" data-image-description=\"\" data-image-caption=\"\" data-large-file=\"https:\/\/i0.wp.com\/www.akram.pt\/web\/wp-content\/uploads\/2019\/05\/img_3187.jpg?fit=724%2C1024&amp;ssl=1\" src=\"https:\/\/i0.wp.com\/www.akram.pt\/web\/wp-content\/uploads\/2019\/05\/img_3187.jpg?resize=1170%2C1655\" class=\"aligncenter size-medium wp-image-1309\" width=\"1170\" height=\"1655\" srcset=\"https:\/\/i0.wp.com\/www.akram.pt\/web\/wp-content\/uploads\/2019\/05\/img_3187.jpg?w=3508&amp;ssl=1 3508w, https:\/\/i0.wp.com\/www.akram.pt\/web\/wp-content\/uploads\/2019\/05\/img_3187.jpg?resize=212%2C300&amp;ssl=1 212w, https:\/\/i0.wp.com\/www.akram.pt\/web\/wp-content\/uploads\/2019\/05\/img_3187.jpg?resize=768%2C1086&amp;ssl=1 768w, https:\/\/i0.wp.com\/www.akram.pt\/web\/wp-content\/uploads\/2019\/05\/img_3187.jpg?resize=724%2C1024&amp;ssl=1 724w, https:\/\/i0.wp.com\/www.akram.pt\/web\/wp-content\/uploads\/2019\/05\/img_3187.jpg?w=2340&amp;ssl=1 2340w\" sizes=\"auto, (max-width: 1170px) 100vw, 1170px\" \/><\/a><a href=\"http:\/\/www.akram.pt\/web\/wp-content\/uploads\/2019\/05\/programa_estagio_de_formacao_joaquim_goncalves_2019.pdf\">Programa e <\/a><a href=\"http:\/\/www.akram.pt\/web\/wp-content\/uploads\/2019\/05\/programa_estagio_de_formacao_joaquim_goncalves_2019.pdf\">Hor\u00e1rio<\/a><a href=\"http:\/\/www.akram.pt\/web\/wp-content\/uploads\/2019\/05\/programa_estagio_de_formacao_joaquim_goncalves_2019.pdf\"> <\/a><\/p>\n","protected":false},"excerpt":{"rendered":"<p>Nos pr\u00f3ximos dias 31 de maio a 2 de junho realiza-se a A\u00e7\u00e3o de Forma\u00e7\u00e3o com o Director T\u00e9cnico Nacional FNK-P, Sensei Joaquim Gon\u00e7alves. Esta a\u00e7\u00e3o de forma\u00e7\u00e3o ir\u00e1 realizar-se no Pavilh\u00e3o do Cani\u00e7o. Consulte o cartaz e hor\u00e1rio da prova abaixo. Programa e Hor\u00e1rio<\/p>\n","protected":false},"author":2,"featured_media":1309,"comment_status":"closed","ping_status":"open","sticky":false,"template":"","format":"standard","meta":{"_crdt_document":"","_jetpack_memberships_contains_paid_content":false,"footnotes":""},"categories":[7,4],"tags":[],"class_list":["post-1303","post","type-post","status-publish","format-standard","has-post-thumbnail","hentry","category-actividades","category-noticias"],"jetpack_featured_media_url":"https:\/\/i0.wp.com\/www.akram.pt\/web\/wp-content\/uploads\/2019\/05\/img_3187.jpg?fit=3508%2C4961&ssl=1","jetpack_sharing_enabled":true,"_links":{"self":[{"href":"https:\/\/www.akram.pt\/web\/wp-json\/wp\/v2\/posts\/1303","targetHints":{"allow":["GET"]}}],"collection":[{"href":"https:\/\/www.akram.pt\/web\/wp-json\/wp\/v2\/posts"}],"about":[{"href":"https:\/\/www.akram.pt\/web\/wp-json\/wp\/v2\/types\/post"}],"author":[{"embeddable":true,"href":"https:\/\/www.akram.pt\/web\/wp-json\/wp\/v2\/users\/2"}],"replies":[{"embeddable":true,"href":"https:\/\/www.akram.pt\/web\/wp-json\/wp\/v2\/comments?post=1303"}],"version-history":[{"count":0,"href":"https:\/\/www.akram.pt\/web\/wp-json\/wp\/v2\/posts\/1303\/revisions"}],"wp:featuredmedia":[{"embeddable":true,"href":"https:\/\/www.akram.pt\/web\/wp-json\/wp\/v2\/media\/1309"}],"wp:attachment":[{"href":"https:\/\/www.akram.pt\/web\/wp-json\/wp\/v2\/media?parent=1303"}],"wp:term":[{"taxonomy":"category","embeddable":true,"href":"https:\/\/www.akram.pt\/web\/wp-json\/wp\/v2\/categories?post=1303"},{"taxonomy":"post_tag","embeddable":true,"href":"https:\/\/www.akram.pt\/web\/wp-json\/wp\/v2\/tags?post=1303"}],"curies":[{"name":"wp","href":"https:\/\/api.w.org\/{rel}","templated":true}]}}