{"id":1307,"date":"2019-05-26T19:38:54","date_gmt":"2019-05-26T19:38:54","guid":{"rendered":"http:\/\/www.akram.pt\/web\/2019\/05\/acao-de-formacao-em-kata-com-carla-jeronimo\/"},"modified":"2019-06-20T17:07:05","modified_gmt":"2019-06-20T17:07:05","slug":"acao-de-formacao-em-kata-com-carla-jeronimo","status":"publish","type":"post","link":"https:\/\/www.akram.pt\/web\/2019\/05\/acao-de-formacao-em-kata-com-carla-jeronimo\/","title":{"rendered":"A\u00e7\u00e3o de Forma\u00e7\u00e3o em Kata com Carla Jer\u00f3nimo"},"content":{"rendered":"<p>Nos pr\u00f3ximos dias 15 e 16 de junho, realiza-se a a\u00e7\u00e3o de forma\u00e7\u00e3o em Shiai Kata com Carla Jer\u00f3nimo.<\/p>\n<p>Consulte o cartaz do evento.<\/p>\n<p><img data-recalc-dims=\"1\" loading=\"lazy\" decoding=\"async\" class=\"aligncenter size-medium\" src=\"https:\/\/i0.wp.com\/www.akram.pt\/web\/wp-content\/uploads\/2019\/05\/img_3186.jpg?resize=270%2C380\" width=\"270\" height=\"380\" \/><\/p>\n\n\n<div class=\"wp-block-file\"><a href=\"http:\/\/www.akram.pt\/web\/wp-content\/uploads\/2019\/06\/NunoMoreira_CarlaJeronimo_2019.pdf\">Hor\u00e1rio<\/a><a href=\"http:\/\/www.akram.pt\/web\/wp-content\/uploads\/2019\/06\/NunoMoreira_CarlaJeronimo_2019.pdf\" class=\"wp-block-file__button\" download>Download<\/a><\/div>\n","protected":false},"excerpt":{"rendered":"<p>Nos pr\u00f3ximos dias 15 e 16 de junho, realiza-se a a\u00e7\u00e3o de forma\u00e7\u00e3o em Shiai Kata com Carla Jer\u00f3nimo. Consulte o cartaz do evento.<\/p>\n","protected":false},"author":2,"featured_media":1306,"comment_status":"closed","ping_status":"open","sticky":false,"template":"","format":"standard","meta":{"_crdt_document":"","_jetpack_memberships_contains_paid_content":false,"footnotes":""},"categories":[4],"tags":[],"class_list":["post-1307","post","type-post","status-publish","format-standard","has-post-thumbnail","hentry","category-noticias"],"jetpack_featured_media_url":"https:\/\/i0.wp.com\/www.akram.pt\/web\/wp-content\/uploads\/2019\/05\/img_3186.jpg?fit=1453%2C2048&ssl=1","jetpack_sharing_enabled":true,"_links":{"self":[{"href":"https:\/\/www.akram.pt\/web\/wp-json\/wp\/v2\/posts\/1307","targetHints":{"allow":["GET"]}}],"collection":[{"href":"https:\/\/www.akram.pt\/web\/wp-json\/wp\/v2\/posts"}],"about":[{"href":"https:\/\/www.akram.pt\/web\/wp-json\/wp\/v2\/types\/post"}],"author":[{"embeddable":true,"href":"https:\/\/www.akram.pt\/web\/wp-json\/wp\/v2\/users\/2"}],"replies":[{"embeddable":true,"href":"https:\/\/www.akram.pt\/web\/wp-json\/wp\/v2\/comments?post=1307"}],"version-history":[{"count":0,"href":"https:\/\/www.akram.pt\/web\/wp-json\/wp\/v2\/posts\/1307\/revisions"}],"wp:featuredmedia":[{"embeddable":true,"href":"https:\/\/www.akram.pt\/web\/wp-json\/wp\/v2\/media\/1306"}],"wp:attachment":[{"href":"https:\/\/www.akram.pt\/web\/wp-json\/wp\/v2\/media?parent=1307"}],"wp:term":[{"taxonomy":"category","embeddable":true,"href":"https:\/\/www.akram.pt\/web\/wp-json\/wp\/v2\/categories?post=1307"},{"taxonomy":"post_tag","embeddable":true,"href":"https:\/\/www.akram.pt\/web\/wp-json\/wp\/v2\/tags?post=1307"}],"curies":[{"name":"wp","href":"https:\/\/api.w.org\/{rel}","templated":true}]}}