{"id":1356,"date":"2019-10-10T22:45:48","date_gmt":"2019-10-10T22:45:48","guid":{"rendered":"http:\/\/www.akram.pt\/web\/?p=1356"},"modified":"2019-10-10T22:46:42","modified_gmt":"2019-10-10T22:46:42","slug":"1a-jornada-da-fase-de-apuramento-de-dojo-do-open-madeira-infantis-iniciados-e-juvenis-2019-20","status":"publish","type":"post","link":"https:\/\/www.akram.pt\/web\/2019\/10\/1a-jornada-da-fase-de-apuramento-de-dojo-do-open-madeira-infantis-iniciados-e-juvenis-2019-20\/","title":{"rendered":"1\u00aa Jornada da Fase de Apuramento de Dojo do Open Madeira &#8211; Infantis, Iniciados e Juvenis &#8211; 2019\/20"},"content":{"rendered":"\n<p class=\"wp-block-paragraph\">A abrir a nova \u00c9poca Competitiva da AKRAM, segundo o novo modelo desportivo, seguem-se as datas da 1\u00aa Jornada da Fase de Apuramento de Dojos na disciplina de Kata, para os escal\u00f5es de Infantis, Iniciados e Juvenis.<\/p>\n\n\n\n<div class=\"wp-block-image\"><figure class=\"aligncenter size-medium is-resized\"><a href=\"https:\/\/i0.wp.com\/www.akram.pt\/web\/wp-content\/uploads\/2019\/10\/CartazTM_OpenMadeiraKATA_FASE-APURAMENTO_DOJOS_2019-20.jpg\" rel=\"lightbox[1356]\"><img data-recalc-dims=\"1\" loading=\"lazy\" decoding=\"async\" data-attachment-id=\"1357\" data-permalink=\"https:\/\/www.akram.pt\/web\/2019\/10\/1a-jornada-da-fase-de-apuramento-de-dojo-do-open-madeira-infantis-iniciados-e-juvenis-2019-20\/cartaztm_openmadeirakata_fase-apuramento_dojos_2019-20\/#main\" data-orig-file=\"https:\/\/i0.wp.com\/www.akram.pt\/web\/wp-content\/uploads\/2019\/10\/CartazTM_OpenMadeiraKATA_FASE-APURAMENTO_DOJOS_2019-20.jpg?fit=2680%2C3508&amp;ssl=1\" data-orig-size=\"2680,3508\" data-comments-opened=\"0\" data-image-meta=\"{&quot;aperture&quot;:&quot;0&quot;,&quot;credit&quot;:&quot;&quot;,&quot;camera&quot;:&quot;&quot;,&quot;caption&quot;:&quot;&quot;,&quot;created_timestamp&quot;:&quot;1540212666&quot;,&quot;copyright&quot;:&quot;&quot;,&quot;focal_length&quot;:&quot;0&quot;,&quot;iso&quot;:&quot;0&quot;,&quot;shutter_speed&quot;:&quot;0&quot;,&quot;title&quot;:&quot;&quot;,&quot;orientation&quot;:&quot;1&quot;}\" data-image-title=\"CartazTM_OpenMadeiraKATA_FASE-APURAMENTO_DOJOS_2019-20\" data-image-description=\"\" data-image-caption=\"\" data-large-file=\"https:\/\/i0.wp.com\/www.akram.pt\/web\/wp-content\/uploads\/2019\/10\/CartazTM_OpenMadeiraKATA_FASE-APURAMENTO_DOJOS_2019-20.jpg?fit=782%2C1024&amp;ssl=1\" src=\"https:\/\/i0.wp.com\/www.akram.pt\/web\/wp-content\/uploads\/2019\/10\/CartazTM_OpenMadeiraKATA_FASE-APURAMENTO_DOJOS_2019-20-229x300.jpg?resize=229%2C300\" alt=\"\" class=\"wp-image-1357\" width=\"229\" height=\"300\" srcset=\"https:\/\/i0.wp.com\/www.akram.pt\/web\/wp-content\/uploads\/2019\/10\/CartazTM_OpenMadeiraKATA_FASE-APURAMENTO_DOJOS_2019-20.jpg?resize=229%2C300&amp;ssl=1 229w, https:\/\/i0.wp.com\/www.akram.pt\/web\/wp-content\/uploads\/2019\/10\/CartazTM_OpenMadeiraKATA_FASE-APURAMENTO_DOJOS_2019-20.jpg?resize=768%2C1005&amp;ssl=1 768w, https:\/\/i0.wp.com\/www.akram.pt\/web\/wp-content\/uploads\/2019\/10\/CartazTM_OpenMadeiraKATA_FASE-APURAMENTO_DOJOS_2019-20.jpg?resize=782%2C1024&amp;ssl=1 782w, https:\/\/i0.wp.com\/www.akram.pt\/web\/wp-content\/uploads\/2019\/10\/CartazTM_OpenMadeiraKATA_FASE-APURAMENTO_DOJOS_2019-20.jpg?w=2340&amp;ssl=1 2340w\" sizes=\"auto, (max-width: 229px) 100vw, 229px\" \/><\/a><\/figure><\/div>\n\n\n\n<p class=\"wp-block-paragraph\">Nestes dias, os atletas dos dojos competem entre si, para apuramento dos melhores atletas que discutem a sua qualifica\u00e7\u00e3o para a prova de clube, que posteriormente dar\u00e1 acesso \u00e0 Fase Final Regional.<\/p>\n\n\n\n<p class=\"wp-block-paragraph\">Boa prova a todos(as)!<\/p>\n","protected":false},"excerpt":{"rendered":"<p>A abrir a nova \u00c9poca Competitiva da AKRAM, segundo o novo modelo desportivo, seguem-se as datas da 1\u00aa Jornada da Fase de Apuramento de Dojos na disciplina de Kata, para os escal\u00f5es de Infantis, Iniciados e Juvenis. Nestes dias, os atletas dos dojos competem entre si, para apuramento dos melhores atletas que discutem a sua<\/p>\n<p class=\"more-link\"><a href=\"https:\/\/www.akram.pt\/web\/2019\/10\/1a-jornada-da-fase-de-apuramento-de-dojo-do-open-madeira-infantis-iniciados-e-juvenis-2019-20\/\" class=\"themebutton\">Read More<\/a><\/p>\n","protected":false},"author":2,"featured_media":1357,"comment_status":"closed","ping_status":"open","sticky":false,"template":"","format":"standard","meta":{"_crdt_document":"","_jetpack_memberships_contains_paid_content":false,"footnotes":""},"categories":[4,9],"tags":[],"class_list":["post-1356","post","type-post","status-publish","format-standard","has-post-thumbnail","hentry","category-noticias","category-provas"],"jetpack_featured_media_url":"https:\/\/i0.wp.com\/www.akram.pt\/web\/wp-content\/uploads\/2019\/10\/CartazTM_OpenMadeiraKATA_FASE-APURAMENTO_DOJOS_2019-20.jpg?fit=2680%2C3508&ssl=1","jetpack_sharing_enabled":true,"_links":{"self":[{"href":"https:\/\/www.akram.pt\/web\/wp-json\/wp\/v2\/posts\/1356","targetHints":{"allow":["GET"]}}],"collection":[{"href":"https:\/\/www.akram.pt\/web\/wp-json\/wp\/v2\/posts"}],"about":[{"href":"https:\/\/www.akram.pt\/web\/wp-json\/wp\/v2\/types\/post"}],"author":[{"embeddable":true,"href":"https:\/\/www.akram.pt\/web\/wp-json\/wp\/v2\/users\/2"}],"replies":[{"embeddable":true,"href":"https:\/\/www.akram.pt\/web\/wp-json\/wp\/v2\/comments?post=1356"}],"version-history":[{"count":0,"href":"https:\/\/www.akram.pt\/web\/wp-json\/wp\/v2\/posts\/1356\/revisions"}],"wp:featuredmedia":[{"embeddable":true,"href":"https:\/\/www.akram.pt\/web\/wp-json\/wp\/v2\/media\/1357"}],"wp:attachment":[{"href":"https:\/\/www.akram.pt\/web\/wp-json\/wp\/v2\/media?parent=1356"}],"wp:term":[{"taxonomy":"category","embeddable":true,"href":"https:\/\/www.akram.pt\/web\/wp-json\/wp\/v2\/categories?post=1356"},{"taxonomy":"post_tag","embeddable":true,"href":"https:\/\/www.akram.pt\/web\/wp-json\/wp\/v2\/tags?post=1356"}],"curies":[{"name":"wp","href":"https:\/\/api.w.org\/{rel}","templated":true}]}}