{"id":1360,"date":"2019-10-10T22:52:55","date_gmt":"2019-10-10T22:52:55","guid":{"rendered":"http:\/\/www.akram.pt\/web\/?p=1360"},"modified":"2019-10-10T22:53:01","modified_gmt":"2019-10-10T22:53:01","slug":"campeonato-nacional-de-karate-cadetes-juniores-sub21-e-seniores-fase-regional-madeira-2019-20","status":"publish","type":"post","link":"https:\/\/www.akram.pt\/web\/2019\/10\/campeonato-nacional-de-karate-cadetes-juniores-sub21-e-seniores-fase-regional-madeira-2019-20\/","title":{"rendered":"Campeonato Nacional de Karate &#8211; Cadetes, Juniores, Sub21 e Seniores &#8211; Fase Regional Madeira &#8211; 2019\/20"},"content":{"rendered":"\n<p class=\"wp-block-paragraph\">No pr\u00f3ximo dia 19 de outubro, realiza-se no Pavilh\u00e3o do Cani\u00e7o o Campeonato Nacional de Karate &#8211; Fase Regional Madeira, para os escal\u00f5es de Cadetes, Juniores, Sub 21 e Seniores para a \u00e9poca de 2019\/20.<\/p>\n\n\n\n<div class=\"wp-block-image\"><figure class=\"aligncenter size-medium\"><a href=\"https:\/\/i0.wp.com\/www.akram.pt\/web\/wp-content\/uploads\/2019\/10\/Cartaz_CN-Regional_Madeira_Cad-Jun-Sen_2019-20.jpg\" rel=\"lightbox[1360]\"><img data-recalc-dims=\"1\" loading=\"lazy\" decoding=\"async\" width=\"212\" height=\"300\" data-attachment-id=\"1361\" data-permalink=\"https:\/\/www.akram.pt\/web\/2019\/10\/campeonato-nacional-de-karate-cadetes-juniores-sub21-e-seniores-fase-regional-madeira-2019-20\/cartaz_cn-regional_madeira_cad-jun-sen_2019-20\/#main\" data-orig-file=\"https:\/\/i0.wp.com\/www.akram.pt\/web\/wp-content\/uploads\/2019\/10\/Cartaz_CN-Regional_Madeira_Cad-Jun-Sen_2019-20.jpg?fit=3508%2C4961&amp;ssl=1\" data-orig-size=\"3508,4961\" data-comments-opened=\"0\" data-image-meta=\"{&quot;aperture&quot;:&quot;0&quot;,&quot;credit&quot;:&quot;&quot;,&quot;camera&quot;:&quot;&quot;,&quot;caption&quot;:&quot;&quot;,&quot;created_timestamp&quot;:&quot;1446035632&quot;,&quot;copyright&quot;:&quot;&quot;,&quot;focal_length&quot;:&quot;0&quot;,&quot;iso&quot;:&quot;0&quot;,&quot;shutter_speed&quot;:&quot;0&quot;,&quot;title&quot;:&quot;&quot;,&quot;orientation&quot;:&quot;1&quot;}\" data-image-title=\"Cartaz_CN-Regional_Madeira_Cad-Jun-Sen_2019-20\" data-image-description=\"\" data-image-caption=\"\" data-large-file=\"https:\/\/i0.wp.com\/www.akram.pt\/web\/wp-content\/uploads\/2019\/10\/Cartaz_CN-Regional_Madeira_Cad-Jun-Sen_2019-20.jpg?fit=724%2C1024&amp;ssl=1\" src=\"https:\/\/i0.wp.com\/www.akram.pt\/web\/wp-content\/uploads\/2019\/10\/Cartaz_CN-Regional_Madeira_Cad-Jun-Sen_2019-20-212x300.jpg?resize=212%2C300\" alt=\"\" class=\"wp-image-1361\" srcset=\"https:\/\/i0.wp.com\/www.akram.pt\/web\/wp-content\/uploads\/2019\/10\/Cartaz_CN-Regional_Madeira_Cad-Jun-Sen_2019-20.jpg?resize=212%2C300&amp;ssl=1 212w, https:\/\/i0.wp.com\/www.akram.pt\/web\/wp-content\/uploads\/2019\/10\/Cartaz_CN-Regional_Madeira_Cad-Jun-Sen_2019-20.jpg?resize=768%2C1086&amp;ssl=1 768w, https:\/\/i0.wp.com\/www.akram.pt\/web\/wp-content\/uploads\/2019\/10\/Cartaz_CN-Regional_Madeira_Cad-Jun-Sen_2019-20.jpg?resize=724%2C1024&amp;ssl=1 724w, https:\/\/i0.wp.com\/www.akram.pt\/web\/wp-content\/uploads\/2019\/10\/Cartaz_CN-Regional_Madeira_Cad-Jun-Sen_2019-20.jpg?w=2340&amp;ssl=1 2340w\" sizes=\"auto, (max-width: 212px) 100vw, 212px\" \/><\/a><\/figure><\/div>\n\n\n\n<p>Esta prova ir\u00e1 se realizar no Pavilh\u00e3o do Cani\u00e7o, em hor\u00e1rio a anunciar.<\/p>\n","protected":false},"excerpt":{"rendered":"<p>No pr\u00f3ximo dia 19 de outubro, realiza-se no Pavilh\u00e3o do Cani\u00e7o o Campeonato Nacional de Karate &#8211; Fase Regional Madeira, para os escal\u00f5es de Cadetes, Juniores, Sub 21 e Seniores para a \u00e9poca de 2019\/20. Esta prova ir\u00e1 se realizar no Pavilh\u00e3o do Cani\u00e7o, em hor\u00e1rio a anunciar.<\/p>\n","protected":false},"author":2,"featured_media":1361,"comment_status":"closed","ping_status":"open","sticky":false,"template":"","format":"standard","meta":{"_crdt_document":"","_jetpack_memberships_contains_paid_content":false,"footnotes":""},"categories":[4],"tags":[],"class_list":["post-1360","post","type-post","status-publish","format-standard","has-post-thumbnail","hentry","category-noticias"],"jetpack_featured_media_url":"https:\/\/i0.wp.com\/www.akram.pt\/web\/wp-content\/uploads\/2019\/10\/Cartaz_CN-Regional_Madeira_Cad-Jun-Sen_2019-20.jpg?fit=3508%2C4961&ssl=1","jetpack_sharing_enabled":true,"_links":{"self":[{"href":"https:\/\/www.akram.pt\/web\/wp-json\/wp\/v2\/posts\/1360","targetHints":{"allow":["GET"]}}],"collection":[{"href":"https:\/\/www.akram.pt\/web\/wp-json\/wp\/v2\/posts"}],"about":[{"href":"https:\/\/www.akram.pt\/web\/wp-json\/wp\/v2\/types\/post"}],"author":[{"embeddable":true,"href":"https:\/\/www.akram.pt\/web\/wp-json\/wp\/v2\/users\/2"}],"replies":[{"embeddable":true,"href":"https:\/\/www.akram.pt\/web\/wp-json\/wp\/v2\/comments?post=1360"}],"version-history":[{"count":0,"href":"https:\/\/www.akram.pt\/web\/wp-json\/wp\/v2\/posts\/1360\/revisions"}],"wp:featuredmedia":[{"embeddable":true,"href":"https:\/\/www.akram.pt\/web\/wp-json\/wp\/v2\/media\/1361"}],"wp:attachment":[{"href":"https:\/\/www.akram.pt\/web\/wp-json\/wp\/v2\/media?parent=1360"}],"wp:term":[{"taxonomy":"category","embeddable":true,"href":"https:\/\/www.akram.pt\/web\/wp-json\/wp\/v2\/categories?post=1360"},{"taxonomy":"post_tag","embeddable":true,"href":"https:\/\/www.akram.pt\/web\/wp-json\/wp\/v2\/tags?post=1360"}],"curies":[{"name":"wp","href":"https:\/\/api.w.org\/{rel}","templated":true}]}}