{"id":1363,"date":"2019-10-21T22:30:05","date_gmt":"2019-10-21T22:30:05","guid":{"rendered":"http:\/\/www.akram.pt\/web\/2019\/10\/madeira-com-podios-no-open-da-povoa-de-varzim-2019\/"},"modified":"2019-11-05T23:35:23","modified_gmt":"2019-11-05T23:35:23","slug":"madeira-com-podios-no-open-da-povoa-de-varzim-2019","status":"publish","type":"post","link":"https:\/\/www.akram.pt\/web\/2019\/10\/madeira-com-podios-no-open-da-povoa-de-varzim-2019\/","title":{"rendered":"Madeira com p\u00f3dios no Open da P\u00f3voa de Varzim &#8211; 2019"},"content":{"rendered":"<p>O Clube Karate Cani\u00e7o e a Associa\u00e7\u00e3o Shotokan Kokusai Karate Santo Ant\u00f3nio participaram no Open Karate da P\u00f3voa de Varzim, que se realizou no dia 12 de outubro em P\u00f3voa de Varzim.<br \/>\nParticiparam nesta prova cerca de 800 karatecas em representa\u00e7\u00e3o de 10 pa\u00edses: Portugal, Angola, Brasil, Alemanha, Irlanda, It\u00e1lia, Marrocos, Nepal, Pol\u00f3nia e Su\u00ed\u00e7a.<\/p>\n<p>Excelentes presta\u00e7\u00f5es de todos os atletas destacando Eric Pilco (Kata), David Moreira (kumite) e Henrique Ferreira (Kata). O primeiro atleta do ASKKSA ap\u00f3s 4 combates, sagrou-se Campe\u00e3o na categoria de Kumite U12 +40kg, ganhando na final por 3-0, Valetim Moreira (CK Maia), j\u00e1 David Moreira, CKC, alcan\u00e7ou o 3o Lugar em Kumite Juniores. Ganhou o primeiro combate por 4-0, no segundo combate come\u00e7ou a perder 1-0 e acabou ganhando por 1-3. No acesso \u00e1 final viria a perder por 3-2 (Hantei) decis\u00e3o arbitral. J\u00e1 na repescagem disputa o 3\u00b0 Lugar ganhando o combate por 3-0. Na vertente de Kata Henrique Ferreira do CKC viria a disputar o 3\u00b0 Lugar Kata Senior (+18) com o atleta do clube CKGP Andr\u00e9 Vieira, perdendo por uma margem minima atingindo assim o 5\u00b0 lugar na referida prova<\/p>\n<p>M\u00e1t\u00e9 Sezepsi e Jo\u00e3o Silva do CKC em Kata Juniores n\u00e3o passaram a primeira eliminat\u00f3ria n\u00e3o passando assim para a fase seguinte. De referir que estes atletas competiram pela primeira vez no escal\u00e3o de juniores (U18). Nadja Pilco (ASKKSA) em Kata Juvenil Fem e Beatriz Martins (ASKKSA), em Kata Cadete Fem passaram 4 ases, que as colocaram na disputa 3.\u00ba lugares, no entanto, perdendo, obtendo assim o 5.\u00ba lugar. Clara Vasconcelos (ASKKSA) a disputar a 2.\u00aa fase, estando a competir pela 1.\u00aa vez no escal\u00e3o de Juniores, evidenciou, assim, evolu\u00e7\u00e3o e maturidade fisico-t\u00e9cnica, necess\u00e1ria para este escal\u00e3o. Em cadetes, Bernardo Lopes (ASKKSA) e Gon\u00e7alo Pilco (ASKKSA), tamb\u00e9m disputariam 3 exigentes fases, n\u00e3o passando para a fase da disputa das medalhas. J\u00e1 Nuno Fernandes, Francisco Ornelas (ASKKSA) e Gon\u00e7alo Coelho (ASKKSA) demonstrando boas performances e com margem de progress\u00e3o, disputariam apenas duas fases.<\/p>\n<p>Na vertente Kumit\u00e9 Bartolomeu Batista (CKC) passa a primeira eliminat\u00f3ria por 1-0 e perde o segundo combate por 4-0 n\u00e3o sendo repescado.<\/p>\n","protected":false},"excerpt":{"rendered":"<p>O Clube Karate Cani\u00e7o e a Associa\u00e7\u00e3o Shotokan Kokusai Karate Santo Ant\u00f3nio participaram no Open Karate da P\u00f3voa de Varzim, que se realizou no dia 12 de outubro em P\u00f3voa de Varzim. Participaram nesta prova cerca de 800 karatecas em representa\u00e7\u00e3o de 10 pa\u00edses: Portugal, Angola, Brasil, Alemanha, Irlanda, It\u00e1lia, Marrocos, Nepal, Pol\u00f3nia e Su\u00ed\u00e7a.<\/p>\n<p class=\"more-link\"><a href=\"https:\/\/www.akram.pt\/web\/2019\/10\/madeira-com-podios-no-open-da-povoa-de-varzim-2019\/\" class=\"themebutton\">Read More<\/a><\/p>\n","protected":false},"author":2,"featured_media":1382,"comment_status":"closed","ping_status":"open","sticky":false,"template":"","format":"standard","meta":{"_crdt_document":"","_jetpack_memberships_contains_paid_content":false,"footnotes":""},"categories":[4,5],"tags":[],"class_list":["post-1363","post","type-post","status-publish","format-standard","has-post-thumbnail","hentry","category-noticias","category-resultados"],"jetpack_featured_media_url":"https:\/\/i0.wp.com\/www.akram.pt\/web\/wp-content\/uploads\/2019\/11\/img_3436.jpg?fit=614%2C874&ssl=1","jetpack_sharing_enabled":true,"_links":{"self":[{"href":"https:\/\/www.akram.pt\/web\/wp-json\/wp\/v2\/posts\/1363","targetHints":{"allow":["GET"]}}],"collection":[{"href":"https:\/\/www.akram.pt\/web\/wp-json\/wp\/v2\/posts"}],"about":[{"href":"https:\/\/www.akram.pt\/web\/wp-json\/wp\/v2\/types\/post"}],"author":[{"embeddable":true,"href":"https:\/\/www.akram.pt\/web\/wp-json\/wp\/v2\/users\/2"}],"replies":[{"embeddable":true,"href":"https:\/\/www.akram.pt\/web\/wp-json\/wp\/v2\/comments?post=1363"}],"version-history":[{"count":0,"href":"https:\/\/www.akram.pt\/web\/wp-json\/wp\/v2\/posts\/1363\/revisions"}],"wp:featuredmedia":[{"embeddable":true,"href":"https:\/\/www.akram.pt\/web\/wp-json\/wp\/v2\/media\/1382"}],"wp:attachment":[{"href":"https:\/\/www.akram.pt\/web\/wp-json\/wp\/v2\/media?parent=1363"}],"wp:term":[{"taxonomy":"category","embeddable":true,"href":"https:\/\/www.akram.pt\/web\/wp-json\/wp\/v2\/categories?post=1363"},{"taxonomy":"post_tag","embeddable":true,"href":"https:\/\/www.akram.pt\/web\/wp-json\/wp\/v2\/tags?post=1363"}],"curies":[{"name":"wp","href":"https:\/\/api.w.org\/{rel}","templated":true}]}}