{"id":1364,"date":"2019-10-21T22:32:09","date_gmt":"2019-10-21T22:32:09","guid":{"rendered":"http:\/\/www.akram.pt\/web\/2019\/10\/i-liga-olimpica-de-karate-2019-20\/"},"modified":"2019-11-05T23:38:24","modified_gmt":"2019-11-05T23:38:24","slug":"i-liga-olimpica-de-karate-2019-20","status":"publish","type":"post","link":"https:\/\/www.akram.pt\/web\/2019\/10\/i-liga-olimpica-de-karate-2019-20\/","title":{"rendered":"I Liga Ol\u00edmpica de Karate &#8211; 2019\/20"},"content":{"rendered":"<p>No dia 13 de Outubro de 2019 realizou-se a I Liga Olimica de Karate onde participaram a Associa\u00e7ao Shotokan Kokusai Karate Santo Ant\u00f3nio e o Clube Karate Cani\u00e7o representados pelos atletas, Clara Vasconcelos, Nuno Fernandes, Beatriz Martins, Bernardo Lopes, Francisco Ornelas e Gon\u00e7alo Pilco do ASKKSA e David Moreira do CKC<\/p>\n<p>Beatriz Martins do ASKKSA, esteve em grande plano, ultrapassando 4 fases, que a colocaria na final, na categoria de Kata Cadete Feminino, e na sua 5.\u00aa kata, obteria o 2.\u00ba lugar, na jornada.<\/p>\n<p>Tamb\u00e9m do ASKKSA, Clara Vasconcelos e Nuno Fernandes, em Kata Junior, e Gon\u00e7alo Pilco, em Kata Cadete, na 1.\u00aa fase de grupos, executariam 2 katas, tendo apresentado excelente execu\u00e7\u00e3o tecnico-fisico, n\u00e3o passariam para a fase seguinte, uma vez que s\u00f3 passam os 2 melhores de cada grupo.\u00a0Bernardo Lopes, esteve em bom plano, passando as 2 primeiras fases mas ficando pela 3.\u00aa fase. Francisco Ornelas, foi o Cadete que avan\u00e7ou mais, at\u00e9 a 4.\u00aa fase e que o colocou na disputa do 3.\u00ba lugar, no entanto perderia, obtendo assim, o 4.\u00ba lugar final.<\/p>\n<p>O atleta do CKC, David Moreira obteve um excelente in\u00edcio de \u00e9poca, ao repetir o lugar no p\u00f3dio em Kumite Junior Masculino +71Kg obtido no dia anterior no Open da P\u00f3voa de Varzim. O atleta ultrapassou os 3 primeiros advers\u00e1rios pelos resultados de 9-0, 6-3 e 3-1. Na disputa da meia final da pool, viria a perder por 4-0 contra o atleta Tiago Duarte. Na repescagem, o nosso David Moreira vence o seu advers\u00e1rio por 2-1, conquistando assim o 3\u00ba lugar do p\u00f3dio.<\/p>\n","protected":false},"excerpt":{"rendered":"<p>No dia 13 de Outubro de 2019 realizou-se a I Liga Olimica de Karate onde participaram a Associa\u00e7ao Shotokan Kokusai Karate Santo Ant\u00f3nio e o Clube Karate Cani\u00e7o representados pelos atletas, Clara Vasconcelos, Nuno Fernandes, Beatriz Martins, Bernardo Lopes, Francisco Ornelas e Gon\u00e7alo Pilco do ASKKSA e David Moreira do CKC Beatriz Martins do ASKKSA,<\/p>\n<p class=\"more-link\"><a href=\"https:\/\/www.akram.pt\/web\/2019\/10\/i-liga-olimpica-de-karate-2019-20\/\" class=\"themebutton\">Read More<\/a><\/p>\n","protected":false},"author":2,"featured_media":1381,"comment_status":"closed","ping_status":"open","sticky":false,"template":"","format":"standard","meta":{"_crdt_document":"","_jetpack_memberships_contains_paid_content":false,"footnotes":""},"categories":[4,5],"tags":[],"class_list":["post-1364","post","type-post","status-publish","format-standard","has-post-thumbnail","hentry","category-noticias","category-resultados"],"jetpack_featured_media_url":"https:\/\/i0.wp.com\/www.akram.pt\/web\/wp-content\/uploads\/2019\/11\/img_3435.jpg?fit=980%2C1386&ssl=1","jetpack_sharing_enabled":true,"_links":{"self":[{"href":"https:\/\/www.akram.pt\/web\/wp-json\/wp\/v2\/posts\/1364","targetHints":{"allow":["GET"]}}],"collection":[{"href":"https:\/\/www.akram.pt\/web\/wp-json\/wp\/v2\/posts"}],"about":[{"href":"https:\/\/www.akram.pt\/web\/wp-json\/wp\/v2\/types\/post"}],"author":[{"embeddable":true,"href":"https:\/\/www.akram.pt\/web\/wp-json\/wp\/v2\/users\/2"}],"replies":[{"embeddable":true,"href":"https:\/\/www.akram.pt\/web\/wp-json\/wp\/v2\/comments?post=1364"}],"version-history":[{"count":0,"href":"https:\/\/www.akram.pt\/web\/wp-json\/wp\/v2\/posts\/1364\/revisions"}],"wp:featuredmedia":[{"embeddable":true,"href":"https:\/\/www.akram.pt\/web\/wp-json\/wp\/v2\/media\/1381"}],"wp:attachment":[{"href":"https:\/\/www.akram.pt\/web\/wp-json\/wp\/v2\/media?parent=1364"}],"wp:term":[{"taxonomy":"category","embeddable":true,"href":"https:\/\/www.akram.pt\/web\/wp-json\/wp\/v2\/categories?post=1364"},{"taxonomy":"post_tag","embeddable":true,"href":"https:\/\/www.akram.pt\/web\/wp-json\/wp\/v2\/tags?post=1364"}],"curies":[{"name":"wp","href":"https:\/\/api.w.org\/{rel}","templated":true}]}}