{"id":1367,"date":"2019-11-04T22:33:12","date_gmt":"2019-11-04T22:33:12","guid":{"rendered":"http:\/\/www.akram.pt\/web\/?p=1367"},"modified":"2019-11-04T22:33:18","modified_gmt":"2019-11-04T22:33:18","slug":"2a-jornada-da-fase-de-apuramento-de-dojo-do-open-madeira-infantis-iniciados-e-juvenis-2019-20","status":"publish","type":"post","link":"https:\/\/www.akram.pt\/web\/2019\/11\/2a-jornada-da-fase-de-apuramento-de-dojo-do-open-madeira-infantis-iniciados-e-juvenis-2019-20\/","title":{"rendered":"2\u00aa Jornada da Fase de Apuramento de Dojo do Open Madeira &#8211; Infantis, Iniciados e Juvenis &#8211; 2019\/20"},"content":{"rendered":"\n<p>Segundo o novo modelo desportivo implementado pela AKRAM, informamos as datas de realiza\u00e7\u00e3o da 2\u00aa Jornada da Fase de Apuramento de Dojo do Open Madeira &#8211; Infantis, Iniciados e Juvenis &#8211; 2019\/20.<\/p>\n\n\n\n<div class=\"wp-block-image\"><figure class=\"aligncenter size-medium\"><a href=\"https:\/\/i0.wp.com\/www.akram.pt\/web\/wp-content\/uploads\/2019\/11\/CartazTM_OpenMadeiraKATA_2_FASE_APURAMENTO_DOJOS_2019-20.jpg\" rel=\"lightbox[1367]\"><img data-recalc-dims=\"1\" loading=\"lazy\" decoding=\"async\" width=\"229\" height=\"300\" data-attachment-id=\"1368\" data-permalink=\"https:\/\/www.akram.pt\/web\/2019\/11\/2a-jornada-da-fase-de-apuramento-de-dojo-do-open-madeira-infantis-iniciados-e-juvenis-2019-20\/cartaztm_openmadeirakata_2_fase_apuramento_dojos_2019-20\/#main\" data-orig-file=\"https:\/\/i0.wp.com\/www.akram.pt\/web\/wp-content\/uploads\/2019\/11\/CartazTM_OpenMadeiraKATA_2_FASE_APURAMENTO_DOJOS_2019-20.jpg?fit=2292%2C3000&amp;ssl=1\" data-orig-size=\"2292,3000\" data-comments-opened=\"0\" data-image-meta=\"{&quot;aperture&quot;:&quot;0&quot;,&quot;credit&quot;:&quot;&quot;,&quot;camera&quot;:&quot;&quot;,&quot;caption&quot;:&quot;&quot;,&quot;created_timestamp&quot;:&quot;1540212666&quot;,&quot;copyright&quot;:&quot;&quot;,&quot;focal_length&quot;:&quot;0&quot;,&quot;iso&quot;:&quot;0&quot;,&quot;shutter_speed&quot;:&quot;0&quot;,&quot;title&quot;:&quot;&quot;,&quot;orientation&quot;:&quot;1&quot;}\" data-image-title=\"CartazTM_OpenMadeiraKATA_2_FASE_APURAMENTO_DOJOS_2019-20\" data-image-description=\"\" data-image-caption=\"\" data-large-file=\"https:\/\/i0.wp.com\/www.akram.pt\/web\/wp-content\/uploads\/2019\/11\/CartazTM_OpenMadeiraKATA_2_FASE_APURAMENTO_DOJOS_2019-20.jpg?fit=782%2C1024&amp;ssl=1\" src=\"https:\/\/i0.wp.com\/www.akram.pt\/web\/wp-content\/uploads\/2019\/11\/CartazTM_OpenMadeiraKATA_2_FASE_APURAMENTO_DOJOS_2019-20-229x300.jpg?resize=229%2C300\" alt=\"\" class=\"wp-image-1368\" srcset=\"https:\/\/i0.wp.com\/www.akram.pt\/web\/wp-content\/uploads\/2019\/11\/CartazTM_OpenMadeiraKATA_2_FASE_APURAMENTO_DOJOS_2019-20.jpg?resize=229%2C300&amp;ssl=1 229w, https:\/\/i0.wp.com\/www.akram.pt\/web\/wp-content\/uploads\/2019\/11\/CartazTM_OpenMadeiraKATA_2_FASE_APURAMENTO_DOJOS_2019-20.jpg?resize=768%2C1005&amp;ssl=1 768w, https:\/\/i0.wp.com\/www.akram.pt\/web\/wp-content\/uploads\/2019\/11\/CartazTM_OpenMadeiraKATA_2_FASE_APURAMENTO_DOJOS_2019-20.jpg?resize=782%2C1024&amp;ssl=1 782w\" sizes=\"auto, (max-width: 229px) 100vw, 229px\" \/><\/a><\/figure><\/div>\n\n\n\n<p>Nestas datas, os atletas nos escal\u00f5es Infantis a Juvenis, ir\u00e3o competir entre si em provas organizadas nos seus centros de pr\u00e1tica.<\/p>\n<p>Os melhores classificados, ser\u00e3o qualificados para provas do clube, que ir\u00e1 reunir os melhores atletas de cada dojo em cada clube.<\/p>\n<p>Boas provas a todos!<\/p>\n","protected":false},"excerpt":{"rendered":"<p>Segundo o novo modelo desportivo implementado pela AKRAM, informamos as datas de realiza\u00e7\u00e3o da 2\u00aa Jornada da Fase de Apuramento de Dojo do Open Madeira &#8211; Infantis, Iniciados e Juvenis &#8211; 2019\/20. Nestas datas, os atletas nos escal\u00f5es Infantis a Juvenis, ir\u00e3o competir entre si em provas organizadas nos seus centros de pr\u00e1tica. Os melhores<\/p>\n<p class=\"more-link\"><a href=\"https:\/\/www.akram.pt\/web\/2019\/11\/2a-jornada-da-fase-de-apuramento-de-dojo-do-open-madeira-infantis-iniciados-e-juvenis-2019-20\/\" class=\"themebutton\">Read More<\/a><\/p>\n","protected":false},"author":2,"featured_media":1368,"comment_status":"closed","ping_status":"open","sticky":false,"template":"","format":"standard","meta":{"_crdt_document":"","_jetpack_memberships_contains_paid_content":false,"footnotes":""},"categories":[7,4,9],"tags":[],"class_list":["post-1367","post","type-post","status-publish","format-standard","has-post-thumbnail","hentry","category-actividades","category-noticias","category-provas"],"jetpack_featured_media_url":"https:\/\/i0.wp.com\/www.akram.pt\/web\/wp-content\/uploads\/2019\/11\/CartazTM_OpenMadeiraKATA_2_FASE_APURAMENTO_DOJOS_2019-20.jpg?fit=2292%2C3000&ssl=1","jetpack_sharing_enabled":true,"_links":{"self":[{"href":"https:\/\/www.akram.pt\/web\/wp-json\/wp\/v2\/posts\/1367","targetHints":{"allow":["GET"]}}],"collection":[{"href":"https:\/\/www.akram.pt\/web\/wp-json\/wp\/v2\/posts"}],"about":[{"href":"https:\/\/www.akram.pt\/web\/wp-json\/wp\/v2\/types\/post"}],"author":[{"embeddable":true,"href":"https:\/\/www.akram.pt\/web\/wp-json\/wp\/v2\/users\/2"}],"replies":[{"embeddable":true,"href":"https:\/\/www.akram.pt\/web\/wp-json\/wp\/v2\/comments?post=1367"}],"version-history":[{"count":0,"href":"https:\/\/www.akram.pt\/web\/wp-json\/wp\/v2\/posts\/1367\/revisions"}],"wp:featuredmedia":[{"embeddable":true,"href":"https:\/\/www.akram.pt\/web\/wp-json\/wp\/v2\/media\/1368"}],"wp:attachment":[{"href":"https:\/\/www.akram.pt\/web\/wp-json\/wp\/v2\/media?parent=1367"}],"wp:term":[{"taxonomy":"category","embeddable":true,"href":"https:\/\/www.akram.pt\/web\/wp-json\/wp\/v2\/categories?post=1367"},{"taxonomy":"post_tag","embeddable":true,"href":"https:\/\/www.akram.pt\/web\/wp-json\/wp\/v2\/tags?post=1367"}],"curies":[{"name":"wp","href":"https:\/\/api.w.org\/{rel}","templated":true}]}}