{"id":1370,"date":"2019-11-05T21:48:53","date_gmt":"2019-11-05T21:48:53","guid":{"rendered":"http:\/\/www.akram.pt\/web\/2019\/11\/atletas-do-ckc-e-askksa-conquistam-podios-no-xix-maia-international-karate-open\/"},"modified":"2019-11-05T23:28:54","modified_gmt":"2019-11-05T23:28:54","slug":"atletas-do-ckc-e-askksa-conquistam-podios-no-xix-maia-international-karate-open","status":"publish","type":"post","link":"https:\/\/www.akram.pt\/web\/2019\/11\/atletas-do-ckc-e-askksa-conquistam-podios-no-xix-maia-international-karate-open\/","title":{"rendered":"Atletas do CKC e ASKKSA conquistam p\u00f3dios no XIX Maia International Karate Open"},"content":{"rendered":"<p>Realizou-se nos dias 02 e 03 de novembro no Complexo de T\u00e9nis da Maia a XIX edi\u00e7\u00e3o do Maio Internacional Karate Open, onde a AKRAM esteve representada com tr\u00eas clubes, Clube Karate\u00a0Cani\u00e7o, ASKKSA e Clube Naval do Funchal.<\/p>\n<p>Este torneio contou a participa\u00e7\u00e3o de mais de 800 competidores de v\u00e1rios pa\u00edses, como Portugal, Espanha, Andorra, Fran\u00e7a, Marrocos e Angola.<\/p>\n<p>Deslocaram-se a este torneio 17 Atletas, 3 treinadores e 3 T\u00e9cnicos de Arbitragem da Federa\u00e7\u00e3o Nacional de Karate, com 2 \u00c1rbitros Sensei Jo\u00e3o Sobrinho e Sensei Freddy Sousa e 1 Oficial de Mesa Teresa Lu\u00eds, todos em representa\u00e7\u00e3o da AKRAM.<\/p>\n<p>O destaque em termos de resultados vai para os atletas Mateus Abreu e David Moreira do Clube Karate Cani\u00e7o que alcan\u00e7aram o 1\u00ba e 2\u00ba lugares do p\u00f3dio, respetivamente.<\/p>\n<p>Os atletas Eric Pilco, Jo\u00e3o Bernardo Lopes e Nadja Pilco, do clube ASKKSA alcan\u00e7aram o 3\u00ba lugar do p\u00f3dio nas suas competi\u00e7\u00f5es de Kata.<\/p>\n<p><a href=\"https:\/\/i0.wp.com\/www.akram.pt\/web\/wp-content\/uploads\/2019\/11\/img_3424.jpg\" rel=\"lightbox[1370]\"><img data-recalc-dims=\"1\" loading=\"lazy\" decoding=\"async\" data-attachment-id=\"1374\" data-permalink=\"https:\/\/www.akram.pt\/web\/2019\/11\/atletas-do-ckc-e-askksa-conquistam-podios-no-xix-maia-international-karate-open\/img_3424\/#main\" data-orig-file=\"https:\/\/i0.wp.com\/www.akram.pt\/web\/wp-content\/uploads\/2019\/11\/img_3424.jpg?fit=1080%2C810&amp;ssl=1\" data-orig-size=\"1080,810\" data-comments-opened=\"0\" data-image-meta=\"{&quot;aperture&quot;:&quot;0&quot;,&quot;credit&quot;:&quot;&quot;,&quot;camera&quot;:&quot;&quot;,&quot;caption&quot;:&quot;&quot;,&quot;created_timestamp&quot;:&quot;0&quot;,&quot;copyright&quot;:&quot;&quot;,&quot;focal_length&quot;:&quot;0&quot;,&quot;iso&quot;:&quot;0&quot;,&quot;shutter_speed&quot;:&quot;0&quot;,&quot;title&quot;:&quot;&quot;,&quot;orientation&quot;:&quot;1&quot;}\" data-image-title=\"img_3424\" data-image-description=\"\" data-image-caption=\"\" data-large-file=\"https:\/\/i0.wp.com\/www.akram.pt\/web\/wp-content\/uploads\/2019\/11\/img_3424.jpg?fit=1024%2C768&amp;ssl=1\" class=\"aligncenter wp-image-1374 size-medium\" src=\"https:\/\/i0.wp.com\/www.akram.pt\/web\/wp-content\/uploads\/2019\/11\/img_3424-300x225.jpg?resize=300%2C225\" alt=\"\" width=\"300\" height=\"225\" srcset=\"https:\/\/i0.wp.com\/www.akram.pt\/web\/wp-content\/uploads\/2019\/11\/img_3424.jpg?resize=300%2C225&amp;ssl=1 300w, https:\/\/i0.wp.com\/www.akram.pt\/web\/wp-content\/uploads\/2019\/11\/img_3424.jpg?resize=768%2C576&amp;ssl=1 768w, https:\/\/i0.wp.com\/www.akram.pt\/web\/wp-content\/uploads\/2019\/11\/img_3424.jpg?resize=1024%2C768&amp;ssl=1 1024w, https:\/\/i0.wp.com\/www.akram.pt\/web\/wp-content\/uploads\/2019\/11\/img_3424.jpg?resize=380%2C285&amp;ssl=1 380w, https:\/\/i0.wp.com\/www.akram.pt\/web\/wp-content\/uploads\/2019\/11\/img_3424.jpg?resize=285%2C214&amp;ssl=1 285w, https:\/\/i0.wp.com\/www.akram.pt\/web\/wp-content\/uploads\/2019\/11\/img_3424.jpg?w=1080&amp;ssl=1 1080w\" sizes=\"auto, (max-width: 300px) 100vw, 300px\" \/><\/a><a href=\"https:\/\/i0.wp.com\/www.akram.pt\/web\/wp-content\/uploads\/2019\/11\/img_3433.jpg\" rel=\"lightbox[1370]\"><img data-recalc-dims=\"1\" loading=\"lazy\" decoding=\"async\" data-attachment-id=\"1373\" data-permalink=\"https:\/\/www.akram.pt\/web\/2019\/11\/atletas-do-ckc-e-askksa-conquistam-podios-no-xix-maia-international-karate-open\/img_3433\/#main\" data-orig-file=\"https:\/\/i0.wp.com\/www.akram.pt\/web\/wp-content\/uploads\/2019\/11\/img_3433.jpg?fit=960%2C720&amp;ssl=1\" data-orig-size=\"960,720\" data-comments-opened=\"0\" data-image-meta=\"{&quot;aperture&quot;:&quot;0&quot;,&quot;credit&quot;:&quot;&quot;,&quot;camera&quot;:&quot;&quot;,&quot;caption&quot;:&quot;&quot;,&quot;created_timestamp&quot;:&quot;0&quot;,&quot;copyright&quot;:&quot;&quot;,&quot;focal_length&quot;:&quot;0&quot;,&quot;iso&quot;:&quot;0&quot;,&quot;shutter_speed&quot;:&quot;0&quot;,&quot;title&quot;:&quot;&quot;,&quot;orientation&quot;:&quot;1&quot;}\" data-image-title=\"img_3433\" data-image-description=\"\" data-image-caption=\"\" data-large-file=\"https:\/\/i0.wp.com\/www.akram.pt\/web\/wp-content\/uploads\/2019\/11\/img_3433.jpg?fit=960%2C720&amp;ssl=1\" class=\"aligncenter wp-image-1373 size-medium\" src=\"https:\/\/i0.wp.com\/www.akram.pt\/web\/wp-content\/uploads\/2019\/11\/img_3433-300x225.jpg?resize=300%2C225\" alt=\"\" width=\"300\" height=\"225\" srcset=\"https:\/\/i0.wp.com\/www.akram.pt\/web\/wp-content\/uploads\/2019\/11\/img_3433.jpg?resize=300%2C225&amp;ssl=1 300w, https:\/\/i0.wp.com\/www.akram.pt\/web\/wp-content\/uploads\/2019\/11\/img_3433.jpg?resize=768%2C576&amp;ssl=1 768w, https:\/\/i0.wp.com\/www.akram.pt\/web\/wp-content\/uploads\/2019\/11\/img_3433.jpg?resize=380%2C285&amp;ssl=1 380w, https:\/\/i0.wp.com\/www.akram.pt\/web\/wp-content\/uploads\/2019\/11\/img_3433.jpg?resize=285%2C214&amp;ssl=1 285w, https:\/\/i0.wp.com\/www.akram.pt\/web\/wp-content\/uploads\/2019\/11\/img_3433.jpg?w=960&amp;ssl=1 960w\" sizes=\"auto, (max-width: 300px) 100vw, 300px\" \/><\/a><\/p>\n<p><a href=\"https:\/\/i0.wp.com\/www.akram.pt\/web\/wp-content\/uploads\/2019\/11\/img_3434.jpg\" rel=\"lightbox[1370]\"><img data-recalc-dims=\"1\" loading=\"lazy\" decoding=\"async\" data-attachment-id=\"1378\" data-permalink=\"https:\/\/www.akram.pt\/web\/2019\/11\/atletas-do-ckc-e-askksa-conquistam-podios-no-xix-maia-international-karate-open\/img_3434\/#main\" data-orig-file=\"https:\/\/i0.wp.com\/www.akram.pt\/web\/wp-content\/uploads\/2019\/11\/img_3434.jpg?fit=1440%2C1920&amp;ssl=1\" data-orig-size=\"1440,1920\" data-comments-opened=\"0\" data-image-meta=\"{&quot;aperture&quot;:&quot;0&quot;,&quot;credit&quot;:&quot;&quot;,&quot;camera&quot;:&quot;&quot;,&quot;caption&quot;:&quot;&quot;,&quot;created_timestamp&quot;:&quot;0&quot;,&quot;copyright&quot;:&quot;&quot;,&quot;focal_length&quot;:&quot;0&quot;,&quot;iso&quot;:&quot;0&quot;,&quot;shutter_speed&quot;:&quot;0&quot;,&quot;title&quot;:&quot;&quot;,&quot;orientation&quot;:&quot;1&quot;}\" data-image-title=\"img_3434\" data-image-description=\"\" data-image-caption=\"\" data-large-file=\"https:\/\/i0.wp.com\/www.akram.pt\/web\/wp-content\/uploads\/2019\/11\/img_3434.jpg?fit=768%2C1024&amp;ssl=1\" class=\"aligncenter wp-image-1378 size-medium\" src=\"https:\/\/i0.wp.com\/www.akram.pt\/web\/wp-content\/uploads\/2019\/11\/img_3434-225x300.jpg?resize=225%2C300\" alt=\"\" width=\"225\" height=\"300\" srcset=\"https:\/\/i0.wp.com\/www.akram.pt\/web\/wp-content\/uploads\/2019\/11\/img_3434.jpg?resize=225%2C300&amp;ssl=1 225w, https:\/\/i0.wp.com\/www.akram.pt\/web\/wp-content\/uploads\/2019\/11\/img_3434.jpg?resize=768%2C1024&amp;ssl=1 768w, https:\/\/i0.wp.com\/www.akram.pt\/web\/wp-content\/uploads\/2019\/11\/img_3434.jpg?w=1440&amp;ssl=1 1440w\" sizes=\"auto, (max-width: 225px) 100vw, 225px\" \/><\/a><\/p>\n<p>Resultados Gerais:<\/p>\n<p>Kata<\/p>\n<ul>\n<li>M\u00e1t\u00e9 Szepesi (CKC) &#8211; 9\u00b0 Lugar Kata Junior<\/li>\n<li>Henrique Ferreira (CKC) &#8211; 9\u00b0 Lugar Kata Senior<\/li>\n<li>Joao Bernardo Lopes (ASKKSA) \u2013 3\u00balugar Kata Cadete<\/li>\n<li>Nuno Fernandes (ASKKSA) \u2013 5\u00ba Lugar Kata Cadete<\/li>\n<li>Francisco Ornelas (ASKKSA) \u2013 7\u00ba Lugar Kata Cadete<\/li>\n<li>Gon\u00e7alo Pilco (ASKKSA) \u2013 16\u00ba Lugar Kata Cadete<\/li>\n<li>Beatriz Martins (ASKKSA) \u2013 14\u00ba Lugar Kata Cadete<\/li>\n<li>Clara Vasconcelos (ASKKSA) \u2013 5\u00ba Lugar Kata Junior<\/li>\n<li>Nadja Pilco (ASKKSA) \u2013 3\u00ba Lugar Kata Juvenil<\/li>\n<li>Eric Pilco (ASKKSA) \u2013 16\u00ba Lugar Kata Iniciado<\/li>\n<\/ul>\n<p>Kumite<\/p>\n<ul>\n<li>Maria Silva (CKC) &#8211; 12\u00b0 (Cadete +54kg)<\/li>\n<li>Dmitry Guillen (CKC) &#8211; 7\u00b0 Lugar (Cadete +63Kg)<\/li>\n<li>Afonso Palricas (CKC) &#8211; 13\u00b0 (J\u00fanior +70kg)<\/li>\n<li>Bartolomeu Baptista (CKC) &#8211; 5\u00b0 Lugar (Cadete -63kg)<\/li>\n<li>David Moreira (CKC) &#8211; 2\u00b0 Lugar (J\u00fanior +70kg)<\/li>\n<li>Mateus Abreu (CKC) &#8211; 1\u00b0 Lugar (J\u00fanior -64kg)<\/li>\n<li>Eric Pilco (ASKKSA)\u00a0&#8211; 3\u00ba Lugar (iniciado +40Kg)<\/li>\n<li>Lucas Oliveira (CNF) &#8211; 7\u00ba Lugar (Cadetes -63Kg)<\/li>\n<\/ul>\n<p>A AKRAM agradece o empenho de todos os atletas, treinadores e T\u00e9cnicos de arbitragem nesta desloca\u00e7\u00e3o a mais um torneio internacional.<\/p>\n","protected":false},"excerpt":{"rendered":"<p>Realizou-se nos dias 02 e 03 de novembro no Complexo de T\u00e9nis da Maia a XIX edi\u00e7\u00e3o do Maio Internacional Karate Open, onde a AKRAM esteve representada com tr\u00eas clubes, Clube Karate\u00a0Cani\u00e7o, ASKKSA e Clube Naval do Funchal. Este torneio contou a participa\u00e7\u00e3o de mais de 800 competidores de v\u00e1rios pa\u00edses, como Portugal, Espanha, Andorra,<\/p>\n<p class=\"more-link\"><a href=\"https:\/\/www.akram.pt\/web\/2019\/11\/atletas-do-ckc-e-askksa-conquistam-podios-no-xix-maia-international-karate-open\/\" class=\"themebutton\">Read More<\/a><\/p>\n","protected":false},"author":2,"featured_media":1371,"comment_status":"closed","ping_status":"open","sticky":false,"template":"","format":"standard","meta":{"_crdt_document":"","_jetpack_memberships_contains_paid_content":false,"footnotes":""},"categories":[4,5],"tags":[],"class_list":["post-1370","post","type-post","status-publish","format-standard","has-post-thumbnail","hentry","category-noticias","category-resultados"],"jetpack_featured_media_url":"https:\/\/i0.wp.com\/www.akram.pt\/web\/wp-content\/uploads\/2019\/11\/img_3406.jpg?fit=1080%2C810&ssl=1","jetpack_sharing_enabled":true,"_links":{"self":[{"href":"https:\/\/www.akram.pt\/web\/wp-json\/wp\/v2\/posts\/1370","targetHints":{"allow":["GET"]}}],"collection":[{"href":"https:\/\/www.akram.pt\/web\/wp-json\/wp\/v2\/posts"}],"about":[{"href":"https:\/\/www.akram.pt\/web\/wp-json\/wp\/v2\/types\/post"}],"author":[{"embeddable":true,"href":"https:\/\/www.akram.pt\/web\/wp-json\/wp\/v2\/users\/2"}],"replies":[{"embeddable":true,"href":"https:\/\/www.akram.pt\/web\/wp-json\/wp\/v2\/comments?post=1370"}],"version-history":[{"count":0,"href":"https:\/\/www.akram.pt\/web\/wp-json\/wp\/v2\/posts\/1370\/revisions"}],"wp:featuredmedia":[{"embeddable":true,"href":"https:\/\/www.akram.pt\/web\/wp-json\/wp\/v2\/media\/1371"}],"wp:attachment":[{"href":"https:\/\/www.akram.pt\/web\/wp-json\/wp\/v2\/media?parent=1370"}],"wp:term":[{"taxonomy":"category","embeddable":true,"href":"https:\/\/www.akram.pt\/web\/wp-json\/wp\/v2\/categories?post=1370"},{"taxonomy":"post_tag","embeddable":true,"href":"https:\/\/www.akram.pt\/web\/wp-json\/wp\/v2\/tags?post=1370"}],"curies":[{"name":"wp","href":"https:\/\/api.w.org\/{rel}","templated":true}]}}