{"id":1386,"date":"2019-11-18T20:23:18","date_gmt":"2019-11-18T20:23:18","guid":{"rendered":"http:\/\/www.akram.pt\/web\/?p=1386"},"modified":"2020-11-24T15:42:40","modified_gmt":"2020-11-24T15:42:40","slug":"atletas-da-askksa-em-destaque-no-open-de-lisboa-2019","status":"publish","type":"post","link":"https:\/\/www.akram.pt\/web\/2019\/11\/atletas-da-askksa-em-destaque-no-open-de-lisboa-2019\/","title":{"rendered":"Atletas da ASKKSA em destaque no Open de Lisboa 2019"},"content":{"rendered":"\n<p>Realizou-se nos dias 16 e 17 de Novembro, mais uma edi\u00e7\u00e3o do Karate Open Lisboa 2019, no Pavilh\u00e3o Municipal Casal Vistoso, Lisboa. A AKRAM esteve representada por 2 Clubes, Associa\u00e7\u00e3o Shotokan Kokusai Karat\u00e9 Santo Ant\u00f3nio (ASKKSA) e Clube Karat\u00e9 Cani\u00e7o (CKC).<\/p>\n\n\n\n<figure class=\"wp-block-gallery columns-2 is-cropped wp-block-gallery-1 is-layout-flex wp-block-gallery-is-layout-flex\"><ul class=\"blocks-gallery-grid\"><li class=\"blocks-gallery-item\"><figure><img data-recalc-dims=\"1\" loading=\"lazy\" decoding=\"async\" width=\"1024\" height=\"768\" data-attachment-id=\"1399\" data-permalink=\"https:\/\/www.akram.pt\/web\/2019\/11\/atletas-da-askksa-em-destaque-no-open-de-lisboa-2019\/open_lisboa_2019_ckc_2\/#main\" data-orig-file=\"https:\/\/i0.wp.com\/www.akram.pt\/web\/wp-content\/uploads\/2019\/11\/open_lisboa_2019_ckc_2.jpg?fit=1024%2C768&amp;ssl=1\" data-orig-size=\"1024,768\" data-comments-opened=\"0\" data-image-meta=\"{&quot;aperture&quot;:&quot;0&quot;,&quot;credit&quot;:&quot;&quot;,&quot;camera&quot;:&quot;&quot;,&quot;caption&quot;:&quot;&quot;,&quot;created_timestamp&quot;:&quot;0&quot;,&quot;copyright&quot;:&quot;&quot;,&quot;focal_length&quot;:&quot;0&quot;,&quot;iso&quot;:&quot;0&quot;,&quot;shutter_speed&quot;:&quot;0&quot;,&quot;title&quot;:&quot;&quot;,&quot;orientation&quot;:&quot;0&quot;}\" data-image-title=\"open_lisboa_2019_ckc_2\" data-image-description=\"\" data-image-caption=\"\" data-large-file=\"https:\/\/i0.wp.com\/www.akram.pt\/web\/wp-content\/uploads\/2019\/11\/open_lisboa_2019_ckc_2.jpg?fit=1024%2C768&amp;ssl=1\" src=\"https:\/\/i0.wp.com\/www.akram.pt\/web\/wp-content\/uploads\/2019\/11\/open_lisboa_2019_ckc_2.jpg?resize=1024%2C768\" alt=\"CKC\" data-id=\"1399\" data-full-url=\"https:\/\/i0.wp.com\/www.akram.pt\/web\/wp-content\/uploads\/2019\/11\/open_lisboa_2019_ckc_2.jpg?fit=1024%2C768\" data-link=\"http:\/\/www.akram.pt\/web\/2019\/11\/atletas-da-askksa-em-destaque-no-open-de-lisboa-2019\/open_lisboa_2019_ckc_2\/#main\" class=\"wp-image-1399\" srcset=\"https:\/\/i0.wp.com\/www.akram.pt\/web\/wp-content\/uploads\/2019\/11\/open_lisboa_2019_ckc_2.jpg?w=1024&amp;ssl=1 1024w, https:\/\/i0.wp.com\/www.akram.pt\/web\/wp-content\/uploads\/2019\/11\/open_lisboa_2019_ckc_2.jpg?resize=300%2C225&amp;ssl=1 300w, https:\/\/i0.wp.com\/www.akram.pt\/web\/wp-content\/uploads\/2019\/11\/open_lisboa_2019_ckc_2.jpg?resize=768%2C576&amp;ssl=1 768w, https:\/\/i0.wp.com\/www.akram.pt\/web\/wp-content\/uploads\/2019\/11\/open_lisboa_2019_ckc_2.jpg?resize=380%2C285&amp;ssl=1 380w, https:\/\/i0.wp.com\/www.akram.pt\/web\/wp-content\/uploads\/2019\/11\/open_lisboa_2019_ckc_2.jpg?resize=285%2C214&amp;ssl=1 285w\" sizes=\"auto, (max-width: 1024px) 100vw, 1024px\" \/><figcaption class=\"blocks-gallery-item__caption\">CKC<\/figcaption><\/figure><\/li><li class=\"blocks-gallery-item\"><figure><img data-recalc-dims=\"1\" loading=\"lazy\" decoding=\"async\" width=\"1024\" height=\"768\" data-attachment-id=\"1389\" data-permalink=\"https:\/\/www.akram.pt\/web\/2019\/11\/atletas-da-askksa-em-destaque-no-open-de-lisboa-2019\/open_lisboa_2019_askksa\/#main\" data-orig-file=\"https:\/\/i0.wp.com\/www.akram.pt\/web\/wp-content\/uploads\/2019\/11\/open_lisboa_2019_askksa.jpg?fit=1080%2C810&amp;ssl=1\" data-orig-size=\"1080,810\" data-comments-opened=\"0\" data-image-meta=\"{&quot;aperture&quot;:&quot;0&quot;,&quot;credit&quot;:&quot;&quot;,&quot;camera&quot;:&quot;&quot;,&quot;caption&quot;:&quot;&quot;,&quot;created_timestamp&quot;:&quot;0&quot;,&quot;copyright&quot;:&quot;&quot;,&quot;focal_length&quot;:&quot;0&quot;,&quot;iso&quot;:&quot;0&quot;,&quot;shutter_speed&quot;:&quot;0&quot;,&quot;title&quot;:&quot;&quot;,&quot;orientation&quot;:&quot;0&quot;}\" data-image-title=\"open_lisboa_2019_askksa\" data-image-description=\"\" data-image-caption=\"&lt;p&gt;ASKKSA&lt;\/p&gt;\n\" data-large-file=\"https:\/\/i0.wp.com\/www.akram.pt\/web\/wp-content\/uploads\/2019\/11\/open_lisboa_2019_askksa.jpg?fit=1024%2C768&amp;ssl=1\" src=\"https:\/\/i0.wp.com\/www.akram.pt\/web\/wp-content\/uploads\/2019\/11\/open_lisboa_2019_askksa-1024x768.jpg?resize=1024%2C768\" alt=\"ASKKSA\" data-id=\"1389\" data-link=\"http:\/\/www.akram.pt\/web\/2019\/11\/atletas-da-askksa-em-destaque-no-open-de-lisboa-2019\/open_lisboa_2019_askksa\/#main\" class=\"wp-image-1389\" srcset=\"https:\/\/i0.wp.com\/www.akram.pt\/web\/wp-content\/uploads\/2019\/11\/open_lisboa_2019_askksa.jpg?resize=1024%2C768&amp;ssl=1 1024w, https:\/\/i0.wp.com\/www.akram.pt\/web\/wp-content\/uploads\/2019\/11\/open_lisboa_2019_askksa.jpg?resize=300%2C225&amp;ssl=1 300w, https:\/\/i0.wp.com\/www.akram.pt\/web\/wp-content\/uploads\/2019\/11\/open_lisboa_2019_askksa.jpg?resize=768%2C576&amp;ssl=1 768w, https:\/\/i0.wp.com\/www.akram.pt\/web\/wp-content\/uploads\/2019\/11\/open_lisboa_2019_askksa.jpg?resize=380%2C285&amp;ssl=1 380w, https:\/\/i0.wp.com\/www.akram.pt\/web\/wp-content\/uploads\/2019\/11\/open_lisboa_2019_askksa.jpg?resize=285%2C214&amp;ssl=1 285w, https:\/\/i0.wp.com\/www.akram.pt\/web\/wp-content\/uploads\/2019\/11\/open_lisboa_2019_askksa.jpg?w=1080&amp;ssl=1 1080w\" sizes=\"auto, (max-width: 1024px) 100vw, 1024px\" \/><figcaption class=\"blocks-gallery-item__caption\">ASKKSA<\/figcaption><\/figure><\/li><\/ul><figcaption class=\"blocks-gallery-caption\">Comitivas participantes no Open de Lisboa 2019<\/figcaption><\/figure>\n\n\n<p class=\"p1\">Estiveram presentes cerca de 900 atletas, provenientes de 142 Clubes e 17 pa\u00edses.<\/p>\n<p class=\"p1\">Deslocaram-se a este torneio 28 atletas, 3 treinadores e 3 t\u00e9cnicos de Arbitragem da Federa\u00e7\u00e3o Nacional de Karate. Os treinadores do Clube Karat\u00e9 Cani\u00e7o, Sensei Paula Cardoso e do ASKKSA Sensei Rafael Jardim. Os \u00e1rbitros Jo\u00e3o Sobrinho e Freddy Sousa do Clube Karat\u00e9 Cani\u00e7o e 1 Oficial de Mesa Teresa Lu\u00eds da ASKKSA.<\/p>\n<p class=\"p1\">O destaque em termos de resultados vai para os atletas Gon\u00e7alo Pilco com um 2\u00ba Lugar Kata Cadete, Nuno Fernandes, Beatriz Martins (kata Cadete) e Eric Pilco (kumite iniciado) todos com um 3o Lugar do p\u00f3dio, do ASKKSA. No Clube Karat\u00e9 Cani\u00e7o, destaque para Henrique Ferreira com um 5\u00ba Lugar kata senior.<\/p>\n<h3 class=\"p1\"><strong>Kata<\/strong><\/h3>\n<ul>\n<li class=\"p1\">M\u00e1t\u00e9 Szepesi (CKC) &#8211; 16\u00b0 Lugar Kata Junior<\/li>\n<li class=\"p1\">Henrique Ferreira (CKC) &#8211; 5\u00b0 Lugar Kata Senior<\/li>\n<li class=\"p1\">Jo\u00e3o Silva (CKC) \u2013 19\u00ba lugar Kata junior<\/li>\n<li class=\"p1\">Nuno Fernandes (ASKKSA) \u2013 3\u00ba Lugar Kata Cadete<\/li>\n<li class=\"p1\">Francisco Ornelas (ASKKSA) \u2013 3\u00ba Lugar Kata Cadete<\/li>\n<li class=\"p1\">Gon\u00e7alo Pilco (ASKKSA) \u2013 2\u00ba Lugar Kata Cadete<\/li>\n<li class=\"p1\">Joao Bernardo Lopes (ASKKSA) \u2013 15\u00ba Lugar Kata Cadete<\/li>\n<li class=\"p1\">Beatriz Martins (ASKKSA) \u2013 3\u00ba Lugar Kata Cadete<\/li>\n<li class=\"p1\">Clara Vasconcelos (ASKKSA) \u2013 7\u00ba Lugar Kata Junior<\/li>\n<li class=\"p1\">Nadja Pilco (ASKKSA) \u2013 9\u00ba Lugar Kata Juvenil<\/li>\n<li class=\"p1\">Gon\u00e7alo Coelho (ASKKSA) \u2013 13\u00ba Lugar Kata iniciado<\/li>\n<li class=\"p1\">Francisco Sousa (ASKKSA) &#8211; 19\u00ba Lugar Kata Juvenil<\/li>\n<li class=\"p1\">Renata Evangelista (ASKKSA) &#8211; 11\u00ba Lugar Kata Iniciado<\/li>\n<li class=\"p1\">Jorge Lucas coelho (CKC) \u2013 19\u00ba Lugar Kata Infantil<\/li>\n<li class=\"p1\">Constan\u00e7a Silva (CKC) \u2013 19\u00ba Lugar Kata Infantil<\/li>\n<li class=\"p1\">Tiago Pestana (CKC) \u2013 16\u00ba Lugar Kata Juvenil<\/li>\n<li class=\"p1\">Margarida Mendon\u00e7a (CKC) \u2013 19\u00ba Lugar Kata Infantil<\/li>\n<li class=\"p1\">Constan\u00e7a Lima (CKC) \u2013 19\u00ba Lugar Kata iniciada<\/li>\n<\/ul>\n<h3 class=\"p1\">Kumite<\/h3>\n<ul>\n<li class=\"p1\">Tom\u00e1s Cr\u00f3 (CKC) &#8211; 11\u00b0 Lugar Cadete +70kg<\/li>\n<li class=\"p1\">Dmitry Guillen (CKC) &#8211; 16\u00b0 Lugar Cadete -70Kg<\/li>\n<li class=\"p1\">Bartolomeu Baptista (CKC) &#8211; 15\u00b0 Lugar Cadete -63kg<\/li>\n<li class=\"p1\">David Moreira (CKC) &#8211; 15\u00b0 Lugar J\u00fanior -76kg<\/li>\n<li class=\"p1\">Mateus Abreu (CKC) &#8211; 7\u00b0 Lugar J\u00fanior -61kg<\/li>\n<li class=\"p1\">Eric Pilco (ASKKSA) &#8211; 3\u00ba Lugar iniciado +40Kg<\/li>\n<li class=\"p1\">Rui Sousa (CKC) &#8211; 7\u00b0 Lugar Cadete -70Kg<\/li>\n<li class=\"p1\">Louren\u00e7o Sousa (CKC) \u2013 10\u00ba Lugar juvenil +55Kg<\/li>\n<li class=\"p1\">Afonso Costa (CKC) \u2013 16\u00ba Lugar juvenil -55Kg<\/li>\n<li class=\"p1\">Tiago Pestana (CKC) \u2013 19\u00ba Lugar Juvenil -45Kg<\/li>\n<li class=\"p1\">Jo\u00e3o Moreira (CKC) &#8211; 19\u00ba Lugar Juvenil -45Kg<\/li>\n<\/ul>\n<p class=\"p1\">\u00a0<\/p>\n\n\n<figure class=\"wp-block-gallery columns-3 is-cropped wp-block-gallery-2 is-layout-flex wp-block-gallery-is-layout-flex\"><ul class=\"blocks-gallery-grid\"><li class=\"blocks-gallery-item\"><figure><a href=\"https:\/\/i0.wp.com\/www.akram.pt\/web\/wp-content\/uploads\/2019\/11\/open_lisboa_podio_1.jpg?fit=2044%2C1363\" rel=\"lightbox[1386]\"><img loading=\"lazy\" decoding=\"async\" width=\"2044\" height=\"1363\" data-attachment-id=\"1394\" data-permalink=\"https:\/\/www.akram.pt\/web\/2019\/11\/atletas-da-askksa-em-destaque-no-open-de-lisboa-2019\/open_lisboa_podio_1\/#main\" data-orig-file=\"https:\/\/i0.wp.com\/www.akram.pt\/web\/wp-content\/uploads\/2019\/11\/open_lisboa_podio_1.jpg?fit=2044%2C1363&amp;ssl=1\" data-orig-size=\"2044,1363\" data-comments-opened=\"0\" data-image-meta=\"{&quot;aperture&quot;:&quot;0&quot;,&quot;credit&quot;:&quot;Pat_ldbr&quot;,&quot;camera&quot;:&quot;&quot;,&quot;caption&quot;:&quot;&quot;,&quot;created_timestamp&quot;:&quot;0&quot;,&quot;copyright&quot;:&quot;Pat_ldbr&quot;,&quot;focal_length&quot;:&quot;0&quot;,&quot;iso&quot;:&quot;0&quot;,&quot;shutter_speed&quot;:&quot;0&quot;,&quot;title&quot;:&quot;&quot;,&quot;orientation&quot;:&quot;0&quot;}\" data-image-title=\"open_lisboa_podio_1\" data-image-description=\"\" data-image-caption=\"\" data-large-file=\"https:\/\/i0.wp.com\/www.akram.pt\/web\/wp-content\/uploads\/2019\/11\/open_lisboa_podio_1.jpg?fit=1024%2C683&amp;ssl=1\" src=\"https:\/\/i0.wp.com\/www.akram.pt\/web\/wp-content\/uploads\/2019\/11\/open_lisboa_podio_1.jpg?fit=1024%2C683\" alt=\"\" data-id=\"1394\" data-full-url=\"https:\/\/i0.wp.com\/www.akram.pt\/web\/wp-content\/uploads\/2019\/11\/open_lisboa_podio_1.jpg?fit=2044%2C1363\" data-link=\"http:\/\/www.akram.pt\/web\/2019\/11\/atletas-da-askksa-em-destaque-no-open-de-lisboa-2019\/open_lisboa_podio_1\/#main\" class=\"wp-image-1394\" srcset=\"https:\/\/i0.wp.com\/www.akram.pt\/web\/wp-content\/uploads\/2019\/11\/open_lisboa_podio_1.jpg?w=2044&amp;ssl=1 2044w, https:\/\/i0.wp.com\/www.akram.pt\/web\/wp-content\/uploads\/2019\/11\/open_lisboa_podio_1.jpg?resize=300%2C200&amp;ssl=1 300w, https:\/\/i0.wp.com\/www.akram.pt\/web\/wp-content\/uploads\/2019\/11\/open_lisboa_podio_1.jpg?resize=768%2C512&amp;ssl=1 768w, https:\/\/i0.wp.com\/www.akram.pt\/web\/wp-content\/uploads\/2019\/11\/open_lisboa_podio_1.jpg?resize=1024%2C683&amp;ssl=1 1024w, https:\/\/i0.wp.com\/www.akram.pt\/web\/wp-content\/uploads\/2019\/11\/open_lisboa_podio_1.jpg?resize=570%2C380&amp;ssl=1 570w, https:\/\/i0.wp.com\/www.akram.pt\/web\/wp-content\/uploads\/2019\/11\/open_lisboa_podio_1.jpg?resize=380%2C254&amp;ssl=1 380w, https:\/\/i0.wp.com\/www.akram.pt\/web\/wp-content\/uploads\/2019\/11\/open_lisboa_podio_1.jpg?resize=285%2C190&amp;ssl=1 285w\" sizes=\"auto, (max-width: 1170px) 100vw, 1170px\" \/><\/a><\/figure><\/li><li class=\"blocks-gallery-item\"><figure><a href=\"https:\/\/i0.wp.com\/www.akram.pt\/web\/wp-content\/uploads\/2019\/11\/open_lisboa_podio_2.jpg?fit=2048%2C1365\" rel=\"lightbox[1386]\"><img loading=\"lazy\" decoding=\"async\" width=\"2048\" height=\"1365\" data-attachment-id=\"1395\" data-permalink=\"https:\/\/www.akram.pt\/web\/2019\/11\/atletas-da-askksa-em-destaque-no-open-de-lisboa-2019\/open_lisboa_podio_2\/#main\" data-orig-file=\"https:\/\/i0.wp.com\/www.akram.pt\/web\/wp-content\/uploads\/2019\/11\/open_lisboa_podio_2.jpg?fit=2048%2C1365&amp;ssl=1\" data-orig-size=\"2048,1365\" data-comments-opened=\"0\" data-image-meta=\"{&quot;aperture&quot;:&quot;0&quot;,&quot;credit&quot;:&quot;diogo&quot;,&quot;camera&quot;:&quot;&quot;,&quot;caption&quot;:&quot;&quot;,&quot;created_timestamp&quot;:&quot;0&quot;,&quot;copyright&quot;:&quot;diogo&quot;,&quot;focal_length&quot;:&quot;0&quot;,&quot;iso&quot;:&quot;0&quot;,&quot;shutter_speed&quot;:&quot;0&quot;,&quot;title&quot;:&quot;&quot;,&quot;orientation&quot;:&quot;0&quot;}\" data-image-title=\"open_lisboa_podio_2\" data-image-description=\"\" data-image-caption=\"\" data-large-file=\"https:\/\/i0.wp.com\/www.akram.pt\/web\/wp-content\/uploads\/2019\/11\/open_lisboa_podio_2.jpg?fit=1024%2C683&amp;ssl=1\" src=\"https:\/\/i0.wp.com\/www.akram.pt\/web\/wp-content\/uploads\/2019\/11\/open_lisboa_podio_2.jpg?fit=1024%2C683\" alt=\"\" data-id=\"1395\" data-full-url=\"https:\/\/i0.wp.com\/www.akram.pt\/web\/wp-content\/uploads\/2019\/11\/open_lisboa_podio_2.jpg?fit=2048%2C1365\" data-link=\"http:\/\/www.akram.pt\/web\/2019\/11\/atletas-da-askksa-em-destaque-no-open-de-lisboa-2019\/open_lisboa_podio_2\/#main\" class=\"wp-image-1395\" srcset=\"https:\/\/i0.wp.com\/www.akram.pt\/web\/wp-content\/uploads\/2019\/11\/open_lisboa_podio_2.jpg?w=2048&amp;ssl=1 2048w, https:\/\/i0.wp.com\/www.akram.pt\/web\/wp-content\/uploads\/2019\/11\/open_lisboa_podio_2.jpg?resize=300%2C200&amp;ssl=1 300w, https:\/\/i0.wp.com\/www.akram.pt\/web\/wp-content\/uploads\/2019\/11\/open_lisboa_podio_2.jpg?resize=768%2C512&amp;ssl=1 768w, https:\/\/i0.wp.com\/www.akram.pt\/web\/wp-content\/uploads\/2019\/11\/open_lisboa_podio_2.jpg?resize=1024%2C683&amp;ssl=1 1024w, https:\/\/i0.wp.com\/www.akram.pt\/web\/wp-content\/uploads\/2019\/11\/open_lisboa_podio_2.jpg?resize=570%2C380&amp;ssl=1 570w, https:\/\/i0.wp.com\/www.akram.pt\/web\/wp-content\/uploads\/2019\/11\/open_lisboa_podio_2.jpg?resize=380%2C254&amp;ssl=1 380w, https:\/\/i0.wp.com\/www.akram.pt\/web\/wp-content\/uploads\/2019\/11\/open_lisboa_podio_2.jpg?resize=285%2C190&amp;ssl=1 285w\" sizes=\"auto, (max-width: 1170px) 100vw, 1170px\" \/><\/a><\/figure><\/li><li class=\"blocks-gallery-item\"><figure><a href=\"https:\/\/i0.wp.com\/www.akram.pt\/web\/wp-content\/uploads\/2019\/11\/open_lisboa_podio_3.jpg?fit=2048%2C1365\" rel=\"lightbox[1386]\"><img loading=\"lazy\" decoding=\"async\" width=\"2048\" height=\"1365\" data-attachment-id=\"1397\" data-permalink=\"https:\/\/www.akram.pt\/web\/2019\/11\/atletas-da-askksa-em-destaque-no-open-de-lisboa-2019\/open_lisboa_podio_3\/#main\" data-orig-file=\"https:\/\/i0.wp.com\/www.akram.pt\/web\/wp-content\/uploads\/2019\/11\/open_lisboa_podio_3.jpg?fit=2048%2C1365&amp;ssl=1\" data-orig-size=\"2048,1365\" data-comments-opened=\"0\" data-image-meta=\"{&quot;aperture&quot;:&quot;0&quot;,&quot;credit&quot;:&quot;Pat_ldbr&quot;,&quot;camera&quot;:&quot;&quot;,&quot;caption&quot;:&quot;&quot;,&quot;created_timestamp&quot;:&quot;0&quot;,&quot;copyright&quot;:&quot;Pat_ldbr&quot;,&quot;focal_length&quot;:&quot;0&quot;,&quot;iso&quot;:&quot;0&quot;,&quot;shutter_speed&quot;:&quot;0&quot;,&quot;title&quot;:&quot;&quot;,&quot;orientation&quot;:&quot;0&quot;}\" data-image-title=\"open_lisboa_podio_3\" data-image-description=\"\" data-image-caption=\"\" data-large-file=\"https:\/\/i0.wp.com\/www.akram.pt\/web\/wp-content\/uploads\/2019\/11\/open_lisboa_podio_3.jpg?fit=1024%2C683&amp;ssl=1\" src=\"https:\/\/i0.wp.com\/www.akram.pt\/web\/wp-content\/uploads\/2019\/11\/open_lisboa_podio_3.jpg?fit=1024%2C683\" alt=\"\" data-id=\"1397\" data-full-url=\"https:\/\/i0.wp.com\/www.akram.pt\/web\/wp-content\/uploads\/2019\/11\/open_lisboa_podio_3.jpg?fit=2048%2C1365\" data-link=\"http:\/\/www.akram.pt\/web\/2019\/11\/atletas-da-askksa-em-destaque-no-open-de-lisboa-2019\/open_lisboa_podio_3\/#main\" class=\"wp-image-1397\" srcset=\"https:\/\/i0.wp.com\/www.akram.pt\/web\/wp-content\/uploads\/2019\/11\/open_lisboa_podio_3.jpg?w=2048&amp;ssl=1 2048w, https:\/\/i0.wp.com\/www.akram.pt\/web\/wp-content\/uploads\/2019\/11\/open_lisboa_podio_3.jpg?resize=300%2C200&amp;ssl=1 300w, https:\/\/i0.wp.com\/www.akram.pt\/web\/wp-content\/uploads\/2019\/11\/open_lisboa_podio_3.jpg?resize=768%2C512&amp;ssl=1 768w, https:\/\/i0.wp.com\/www.akram.pt\/web\/wp-content\/uploads\/2019\/11\/open_lisboa_podio_3.jpg?resize=1024%2C683&amp;ssl=1 1024w, https:\/\/i0.wp.com\/www.akram.pt\/web\/wp-content\/uploads\/2019\/11\/open_lisboa_podio_3.jpg?resize=570%2C380&amp;ssl=1 570w, https:\/\/i0.wp.com\/www.akram.pt\/web\/wp-content\/uploads\/2019\/11\/open_lisboa_podio_3.jpg?resize=380%2C254&amp;ssl=1 380w, https:\/\/i0.wp.com\/www.akram.pt\/web\/wp-content\/uploads\/2019\/11\/open_lisboa_podio_3.jpg?resize=285%2C190&amp;ssl=1 285w\" sizes=\"auto, (max-width: 1170px) 100vw, 1170px\" \/><\/a><\/figure><\/li><\/ul><\/figure>\n\n\n\n<p class=\"wp-block-paragraph\">A AKRAM agradece o empenho de todos os atletas, treinadores e t\u00e9cnicos de arbitragem nesta desloca\u00e7\u00e3o a mais um torneio internacional.<\/p>\n","protected":false},"excerpt":{"rendered":"<p>Realizou-se nos dias 16 e 17 de Novembro, mais uma edi\u00e7\u00e3o do Karate Open Lisboa 2019, no Pavilh\u00e3o Municipal Casal Vistoso, Lisboa. A AKRAM esteve representada por 2 Clubes, Associa\u00e7\u00e3o Shotokan Kokusai Karat\u00e9 Santo Ant\u00f3nio (ASKKSA) e Clube Karat\u00e9 Cani\u00e7o (CKC). Estiveram presentes cerca de 900 atletas, provenientes de 142 Clubes e 17 pa\u00edses. Deslocaram-se<\/p>\n<p class=\"more-link\"><a href=\"https:\/\/www.akram.pt\/web\/2019\/11\/atletas-da-askksa-em-destaque-no-open-de-lisboa-2019\/\" class=\"themebutton\">Read More<\/a><\/p>\n","protected":false},"author":2,"featured_media":1388,"comment_status":"closed","ping_status":"open","sticky":false,"template":"","format":"standard","meta":{"_crdt_document":"","_jetpack_memberships_contains_paid_content":false,"footnotes":""},"categories":[4,5],"tags":[],"class_list":["post-1386","post","type-post","status-publish","format-standard","has-post-thumbnail","hentry","category-noticias","category-resultados"],"jetpack_featured_media_url":"https:\/\/i0.wp.com\/www.akram.pt\/web\/wp-content\/uploads\/2019\/11\/open_lisboa_2019_cartaz.jpg?fit=960%2C678&ssl=1","jetpack_sharing_enabled":true,"_links":{"self":[{"href":"https:\/\/www.akram.pt\/web\/wp-json\/wp\/v2\/posts\/1386","targetHints":{"allow":["GET"]}}],"collection":[{"href":"https:\/\/www.akram.pt\/web\/wp-json\/wp\/v2\/posts"}],"about":[{"href":"https:\/\/www.akram.pt\/web\/wp-json\/wp\/v2\/types\/post"}],"author":[{"embeddable":true,"href":"https:\/\/www.akram.pt\/web\/wp-json\/wp\/v2\/users\/2"}],"replies":[{"embeddable":true,"href":"https:\/\/www.akram.pt\/web\/wp-json\/wp\/v2\/comments?post=1386"}],"version-history":[{"count":1,"href":"https:\/\/www.akram.pt\/web\/wp-json\/wp\/v2\/posts\/1386\/revisions"}],"predecessor-version":[{"id":1514,"href":"https:\/\/www.akram.pt\/web\/wp-json\/wp\/v2\/posts\/1386\/revisions\/1514"}],"wp:featuredmedia":[{"embeddable":true,"href":"https:\/\/www.akram.pt\/web\/wp-json\/wp\/v2\/media\/1388"}],"wp:attachment":[{"href":"https:\/\/www.akram.pt\/web\/wp-json\/wp\/v2\/media?parent=1386"}],"wp:term":[{"taxonomy":"category","embeddable":true,"href":"https:\/\/www.akram.pt\/web\/wp-json\/wp\/v2\/categories?post=1386"},{"taxonomy":"post_tag","embeddable":true,"href":"https:\/\/www.akram.pt\/web\/wp-json\/wp\/v2\/tags?post=1386"}],"curies":[{"name":"wp","href":"https:\/\/api.w.org\/{rel}","templated":true}]}}