{"id":1401,"date":"2019-11-21T22:38:17","date_gmt":"2019-11-21T22:38:17","guid":{"rendered":"http:\/\/www.akram.pt\/web\/?p=1401"},"modified":"2019-11-25T21:58:06","modified_gmt":"2019-11-25T21:58:06","slug":"1o-open-madeira-cadetes-juniores-e-seniores-individual-1o-open-madeira-cadetes-juniores-e-seniores-eequipas-kata-kumite-sanbom-kumite-2019-20","status":"publish","type":"post","link":"https:\/\/www.akram.pt\/web\/2019\/11\/1o-open-madeira-cadetes-juniores-e-seniores-individual-1o-open-madeira-cadetes-juniores-e-seniores-eequipas-kata-kumite-sanbom-kumite-2019-20\/","title":{"rendered":"1\u00ba Open Madeira Cadetes, Juniores e Seniores (Individual) + 1\u00ba Open Madeira Cadetes, Juniores e Seniores (Equipas &#8211; Kata\/Kumite\/Sanbom Kumite) &#8211; 2019-20"},"content":{"rendered":"\n<p style=\"font-weight: 400;\">A AKRAM vem por este meio divulgar os&nbsp;<strong>hor\u00e1rios e cartaz para as provas que se realizar\u00e3o no dia 30 de novembro<\/strong>, relembro que nesta prova efetuaremos a&nbsp;entrega de medalhas referente \u00e0 \u00e9poca transata 2018\/2019.<\/p>\n\n\n\n<div class=\"wp-block-image\"><figure class=\"aligncenter size-medium\"><img data-recalc-dims=\"1\" loading=\"lazy\" decoding=\"async\" width=\"212\" height=\"300\" data-attachment-id=\"1415\" data-permalink=\"https:\/\/www.akram.pt\/web\/2019\/11\/1o-open-madeira-cadetes-juniores-e-seniores-individual-1o-open-madeira-cadetes-juniores-e-seniores-eequipas-kata-kumite-sanbom-kumite-2019-20\/cartazom_opensmadeira-eventosolidario_entrega-de-medalhas-2019-20\/#main\" data-orig-file=\"https:\/\/i0.wp.com\/www.akram.pt\/web\/wp-content\/uploads\/2019\/11\/CartazOM_OpensMadeira-EventoSolida%CC%81rio_Entrega-de-Medalhas-2019-20-scaled.jpg?fit=1810%2C2560&amp;ssl=1\" data-orig-size=\"1810,2560\" data-comments-opened=\"0\" data-image-meta=\"{&quot;aperture&quot;:&quot;0&quot;,&quot;credit&quot;:&quot;&quot;,&quot;camera&quot;:&quot;&quot;,&quot;caption&quot;:&quot;&quot;,&quot;created_timestamp&quot;:&quot;0&quot;,&quot;copyright&quot;:&quot;&quot;,&quot;focal_length&quot;:&quot;0&quot;,&quot;iso&quot;:&quot;0&quot;,&quot;shutter_speed&quot;:&quot;0&quot;,&quot;title&quot;:&quot;&quot;,&quot;orientation&quot;:&quot;0&quot;}\" data-image-title=\"CartazOM_OpensMadeira &#8211; EventoSolida\u0301rio_Entrega de Medalhas 2019-20\" data-image-description=\"\" data-image-caption=\"\" data-large-file=\"https:\/\/i0.wp.com\/www.akram.pt\/web\/wp-content\/uploads\/2019\/11\/CartazOM_OpensMadeira-EventoSolida%CC%81rio_Entrega-de-Medalhas-2019-20-scaled.jpg?fit=724%2C1024&amp;ssl=1\" src=\"https:\/\/i0.wp.com\/www.akram.pt\/web\/wp-content\/uploads\/2019\/11\/CartazOM_OpensMadeira-EventoSolida%CC%81rio_Entrega-de-Medalhas-2019-20-212x300.jpg?resize=212%2C300\" alt=\"\" class=\"wp-image-1415\" srcset=\"https:\/\/i0.wp.com\/www.akram.pt\/web\/wp-content\/uploads\/2019\/11\/CartazOM_OpensMadeira-EventoSolida%CC%81rio_Entrega-de-Medalhas-2019-20-scaled.jpg?resize=212%2C300&amp;ssl=1 212w, https:\/\/i0.wp.com\/www.akram.pt\/web\/wp-content\/uploads\/2019\/11\/CartazOM_OpensMadeira-EventoSolida%CC%81rio_Entrega-de-Medalhas-2019-20-scaled.jpg?resize=724%2C1024&amp;ssl=1 724w, https:\/\/i0.wp.com\/www.akram.pt\/web\/wp-content\/uploads\/2019\/11\/CartazOM_OpensMadeira-EventoSolida%CC%81rio_Entrega-de-Medalhas-2019-20-scaled.jpg?resize=768%2C1086&amp;ssl=1 768w, https:\/\/i0.wp.com\/www.akram.pt\/web\/wp-content\/uploads\/2019\/11\/CartazOM_OpensMadeira-EventoSolida%CC%81rio_Entrega-de-Medalhas-2019-20-scaled.jpg?resize=1086%2C1536&amp;ssl=1 1086w, https:\/\/i0.wp.com\/www.akram.pt\/web\/wp-content\/uploads\/2019\/11\/CartazOM_OpensMadeira-EventoSolida%CC%81rio_Entrega-de-Medalhas-2019-20-scaled.jpg?resize=1448%2C2048&amp;ssl=1 1448w, https:\/\/i0.wp.com\/www.akram.pt\/web\/wp-content\/uploads\/2019\/11\/CartazOM_OpensMadeira-EventoSolida%CC%81rio_Entrega-de-Medalhas-2019-20-scaled.jpg?w=1810&amp;ssl=1 1810w\" sizes=\"auto, (max-width: 212px) 100vw, 212px\" \/><\/figure><\/div>\n\n\n\n<div class=\"wp-block-file\"><a href=\"blob:http:\/\/www.akram.pt\/1a097266-bff7-46af-a1bc-043ed218e305\">Hor\u00e1rio<\/a><a href=\"blob:http:\/\/www.akram.pt\/1a097266-bff7-46af-a1bc-043ed218e305\" class=\"wp-block-file__button\" download>Download<\/a><\/div>\n\n\n\n<p>Aproveitamos ainda para comunicar que durante a manh\u00e3 e tarde dia\u00a0<b>30 de novembro<\/b>\u00a0no Pavilh\u00e3o do Cani\u00e7o a\u00a0<b>AKRAM e o\u00a0<\/b><b>Centro Lu\u00eds de Cam\u00f5es (CLC)<\/b>, unir-se-\u00e3o numa\u00a0<b>angaria\u00e7\u00e3o de brinquedos novos e usados para crian\u00e7as carenciadas<\/b>. Contamos com o apoio de todos para tornar o Natal 2019 destas crian\u00e7as um pouco melhor.<br \/>O Centro Lu\u00eds de Cam\u00f5es (CLC), foi fundado em 1992 como Institui\u00e7\u00e3o Particular de Solidariedade Social e existe para e pela inclus\u00e3o social, concentrando os seus servi\u00e7os \u00e0 comunidade de v\u00e1rias freguesias do Munic\u00edpio do Funchal. A sua miss\u00e3o \u00e9 ajudar, criar e inovar, pela constru\u00e7\u00e3o de uma cidadania mais ativa e inclusiva. \u00c9 atrav\u00e9s da valoriza\u00e7\u00e3o cont\u00ednua das pessoas e das suas conquistas que o seu trabalho \u00e9 desenvolvido, contando com o apoio de parcerias e volunt\u00e1rios.\u00a0Prestam ajuda direta e indireta e procedem a reencaminhamentos. Procuram ter, dar e ser a Resposta Social.<br \/>Atualmente apoiam cerca de 135 fam\u00edlias que equivale aproximadamente a 357 pessoas, das quais 80 s\u00e3o crian\u00e7as, sendo de real\u00e7ar que a maioria se encontra em situa\u00e7\u00e3o de desemprego e consequentemente, em situa\u00e7\u00e3o de vulnerabilidade social, o que n\u00e3o conseguem de imediato satisfazer algumas das suas necessidades.<\/p>\n<p>O Departamento de Competi\u00e7\u00e3o deseja a todos uma boa prova.<\/p>\n","protected":false},"excerpt":{"rendered":"<p>A AKRAM vem por este meio divulgar os&nbsp;hor\u00e1rios e cartaz para as provas que se realizar\u00e3o no dia 30 de novembro, relembro que nesta prova efetuaremos a&nbsp;entrega de medalhas referente \u00e0 \u00e9poca transata 2018\/2019. Aproveitamos ainda para comunicar que durante a manh\u00e3 e tarde dia\u00a030 de novembro\u00a0no Pavilh\u00e3o do Cani\u00e7o a\u00a0AKRAM e o\u00a0Centro Lu\u00eds de<\/p>\n<p class=\"more-link\"><a href=\"https:\/\/www.akram.pt\/web\/2019\/11\/1o-open-madeira-cadetes-juniores-e-seniores-individual-1o-open-madeira-cadetes-juniores-e-seniores-eequipas-kata-kumite-sanbom-kumite-2019-20\/\" class=\"themebutton\">Read More<\/a><\/p>\n","protected":false},"author":2,"featured_media":1415,"comment_status":"closed","ping_status":"open","sticky":false,"template":"","format":"standard","meta":{"_crdt_document":"","_jetpack_memberships_contains_paid_content":false,"footnotes":""},"categories":[7,4,9],"tags":[],"class_list":["post-1401","post","type-post","status-publish","format-standard","has-post-thumbnail","hentry","category-actividades","category-noticias","category-provas"],"jetpack_featured_media_url":"https:\/\/i0.wp.com\/www.akram.pt\/web\/wp-content\/uploads\/2019\/11\/CartazOM_OpensMadeira-EventoSolida%CC%81rio_Entrega-de-Medalhas-2019-20-scaled.jpg?fit=1810%2C2560&ssl=1","jetpack_sharing_enabled":true,"_links":{"self":[{"href":"https:\/\/www.akram.pt\/web\/wp-json\/wp\/v2\/posts\/1401","targetHints":{"allow":["GET"]}}],"collection":[{"href":"https:\/\/www.akram.pt\/web\/wp-json\/wp\/v2\/posts"}],"about":[{"href":"https:\/\/www.akram.pt\/web\/wp-json\/wp\/v2\/types\/post"}],"author":[{"embeddable":true,"href":"https:\/\/www.akram.pt\/web\/wp-json\/wp\/v2\/users\/2"}],"replies":[{"embeddable":true,"href":"https:\/\/www.akram.pt\/web\/wp-json\/wp\/v2\/comments?post=1401"}],"version-history":[{"count":0,"href":"https:\/\/www.akram.pt\/web\/wp-json\/wp\/v2\/posts\/1401\/revisions"}],"wp:featuredmedia":[{"embeddable":true,"href":"https:\/\/www.akram.pt\/web\/wp-json\/wp\/v2\/media\/1415"}],"wp:attachment":[{"href":"https:\/\/www.akram.pt\/web\/wp-json\/wp\/v2\/media?parent=1401"}],"wp:term":[{"taxonomy":"category","embeddable":true,"href":"https:\/\/www.akram.pt\/web\/wp-json\/wp\/v2\/categories?post=1401"},{"taxonomy":"post_tag","embeddable":true,"href":"https:\/\/www.akram.pt\/web\/wp-json\/wp\/v2\/tags?post=1401"}],"curies":[{"name":"wp","href":"https:\/\/api.w.org\/{rel}","templated":true}]}}