{"id":1412,"date":"2019-11-24T23:22:33","date_gmt":"2019-11-24T23:22:33","guid":{"rendered":"http:\/\/www.akram.pt\/web\/?p=1412"},"modified":"2019-11-24T23:22:39","modified_gmt":"2019-11-24T23:22:39","slug":"jantar-de-natal-da-akram-2018","status":"publish","type":"post","link":"https:\/\/www.akram.pt\/web\/2019\/11\/jantar-de-natal-da-akram-2018\/","title":{"rendered":"Jantar de Natal da AKRAM 2018"},"content":{"rendered":"\n<p>No pr\u00f3ximo dia 30 de novembro realiza-se o Jantar de Natal da AKRAM.<\/p>\n\n\n\n<div class=\"wp-block-image\"><figure class=\"aligncenter size-medium\"><img data-recalc-dims=\"1\" loading=\"lazy\" decoding=\"async\" width=\"212\" height=\"300\" data-attachment-id=\"1413\" data-permalink=\"https:\/\/www.akram.pt\/web\/2019\/11\/jantar-de-natal-da-akram-2018\/cartaz_jantarnatalakram_2019-20\/#main\" data-orig-file=\"https:\/\/i0.wp.com\/www.akram.pt\/web\/wp-content\/uploads\/2019\/11\/Cartaz_JantarNatalAKRAM_2019-20-scaled.jpg?fit=1810%2C2560&amp;ssl=1\" data-orig-size=\"1810,2560\" data-comments-opened=\"0\" data-image-meta=\"{&quot;aperture&quot;:&quot;0&quot;,&quot;credit&quot;:&quot;&quot;,&quot;camera&quot;:&quot;&quot;,&quot;caption&quot;:&quot;&quot;,&quot;created_timestamp&quot;:&quot;1436878479&quot;,&quot;copyright&quot;:&quot;&quot;,&quot;focal_length&quot;:&quot;0&quot;,&quot;iso&quot;:&quot;0&quot;,&quot;shutter_speed&quot;:&quot;0&quot;,&quot;title&quot;:&quot;&quot;,&quot;orientation&quot;:&quot;1&quot;}\" data-image-title=\"Cartaz_JantarNatalAKRAM_2019-20\" data-image-description=\"\" data-image-caption=\"\" data-large-file=\"https:\/\/i0.wp.com\/www.akram.pt\/web\/wp-content\/uploads\/2019\/11\/Cartaz_JantarNatalAKRAM_2019-20-scaled.jpg?fit=724%2C1024&amp;ssl=1\" src=\"https:\/\/i0.wp.com\/www.akram.pt\/web\/wp-content\/uploads\/2019\/11\/Cartaz_JantarNatalAKRAM_2019-20-212x300.jpg?resize=212%2C300\" alt=\"\" class=\"wp-image-1413\" srcset=\"https:\/\/i0.wp.com\/www.akram.pt\/web\/wp-content\/uploads\/2019\/11\/Cartaz_JantarNatalAKRAM_2019-20-scaled.jpg?resize=212%2C300&amp;ssl=1 212w, https:\/\/i0.wp.com\/www.akram.pt\/web\/wp-content\/uploads\/2019\/11\/Cartaz_JantarNatalAKRAM_2019-20-scaled.jpg?resize=724%2C1024&amp;ssl=1 724w, https:\/\/i0.wp.com\/www.akram.pt\/web\/wp-content\/uploads\/2019\/11\/Cartaz_JantarNatalAKRAM_2019-20-scaled.jpg?resize=768%2C1086&amp;ssl=1 768w, https:\/\/i0.wp.com\/www.akram.pt\/web\/wp-content\/uploads\/2019\/11\/Cartaz_JantarNatalAKRAM_2019-20-scaled.jpg?resize=1086%2C1536&amp;ssl=1 1086w, https:\/\/i0.wp.com\/www.akram.pt\/web\/wp-content\/uploads\/2019\/11\/Cartaz_JantarNatalAKRAM_2019-20-scaled.jpg?resize=1448%2C2048&amp;ssl=1 1448w, https:\/\/i0.wp.com\/www.akram.pt\/web\/wp-content\/uploads\/2019\/11\/Cartaz_JantarNatalAKRAM_2019-20-scaled.jpg?w=1810&amp;ssl=1 1810w\" sizes=\"auto, (max-width: 212px) 100vw, 212px\" \/><\/figure><\/div>\n\n\n\n<p>O jantar ser\u00e1 no restaurante da Estalagem da Eira do Serrado.<\/p>\n<p>Faz j\u00e1 a tua reserva com o teu treinador!<\/p>\n","protected":false},"excerpt":{"rendered":"<p>No pr\u00f3ximo dia 30 de novembro realiza-se o Jantar de Natal da AKRAM. O jantar ser\u00e1 no restaurante da Estalagem da Eira do Serrado. Faz j\u00e1 a tua reserva com o teu treinador!<\/p>\n","protected":false},"author":2,"featured_media":1413,"comment_status":"closed","ping_status":"open","sticky":false,"template":"","format":"standard","meta":{"_crdt_document":"","_jetpack_memberships_contains_paid_content":false,"footnotes":""},"categories":[4],"tags":[],"class_list":["post-1412","post","type-post","status-publish","format-standard","has-post-thumbnail","hentry","category-noticias"],"jetpack_featured_media_url":"https:\/\/i0.wp.com\/www.akram.pt\/web\/wp-content\/uploads\/2019\/11\/Cartaz_JantarNatalAKRAM_2019-20-scaled.jpg?fit=1810%2C2560&ssl=1","jetpack_sharing_enabled":true,"_links":{"self":[{"href":"https:\/\/www.akram.pt\/web\/wp-json\/wp\/v2\/posts\/1412","targetHints":{"allow":["GET"]}}],"collection":[{"href":"https:\/\/www.akram.pt\/web\/wp-json\/wp\/v2\/posts"}],"about":[{"href":"https:\/\/www.akram.pt\/web\/wp-json\/wp\/v2\/types\/post"}],"author":[{"embeddable":true,"href":"https:\/\/www.akram.pt\/web\/wp-json\/wp\/v2\/users\/2"}],"replies":[{"embeddable":true,"href":"https:\/\/www.akram.pt\/web\/wp-json\/wp\/v2\/comments?post=1412"}],"version-history":[{"count":0,"href":"https:\/\/www.akram.pt\/web\/wp-json\/wp\/v2\/posts\/1412\/revisions"}],"wp:featuredmedia":[{"embeddable":true,"href":"https:\/\/www.akram.pt\/web\/wp-json\/wp\/v2\/media\/1413"}],"wp:attachment":[{"href":"https:\/\/www.akram.pt\/web\/wp-json\/wp\/v2\/media?parent=1412"}],"wp:term":[{"taxonomy":"category","embeddable":true,"href":"https:\/\/www.akram.pt\/web\/wp-json\/wp\/v2\/categories?post=1412"},{"taxonomy":"post_tag","embeddable":true,"href":"https:\/\/www.akram.pt\/web\/wp-json\/wp\/v2\/tags?post=1412"}],"curies":[{"name":"wp","href":"https:\/\/api.w.org\/{rel}","templated":true}]}}