{"id":1441,"date":"2020-01-26T22:24:54","date_gmt":"2020-01-26T22:24:54","guid":{"rendered":"http:\/\/www.akram.pt\/web\/?p=1441"},"modified":"2020-01-26T22:25:19","modified_gmt":"2020-01-26T22:25:19","slug":"torneio-internacional-de-vila-das-aves","status":"publish","type":"post","link":"https:\/\/www.akram.pt\/web\/2020\/01\/torneio-internacional-de-vila-das-aves\/","title":{"rendered":"Torneio Internacional de Vila das Aves &#8211; 2020"},"content":{"rendered":"\n<p>Realizado no Pavilh\u00e3o Municipal de Santo Tirso, juntaram-se cerca de 800 atletas, nas mais diversas categorias de Kata e Kumite.<\/p>\n<p>A AKRAM representada pelo seu Clube filiado Associa\u00e7\u00e3o Karat\u00e9 Kokusai Santo Ant\u00f3nio (ASKKSA) com 13 atletas, 2 Oficiais de Mesa FNKP e 1 Treinador.<\/p>\n\n\n\n<div class=\"wp-block-image\"><figure class=\"aligncenter size-medium\"><a href=\"https:\/\/i0.wp.com\/www.akram.pt\/web\/wp-content\/uploads\/2020\/01\/askksa_vila_aves_2020.jpg\" rel=\"lightbox[1441]\"><img data-recalc-dims=\"1\" loading=\"lazy\" decoding=\"async\" width=\"300\" height=\"225\" data-attachment-id=\"1442\" data-permalink=\"https:\/\/www.akram.pt\/web\/2020\/01\/torneio-internacional-de-vila-das-aves\/askksa_vila_aves_2020\/#main\" data-orig-file=\"https:\/\/i0.wp.com\/www.akram.pt\/web\/wp-content\/uploads\/2020\/01\/askksa_vila_aves_2020.jpg?fit=1920%2C1438&amp;ssl=1\" data-orig-size=\"1920,1438\" data-comments-opened=\"0\" data-image-meta=\"{&quot;aperture&quot;:&quot;0&quot;,&quot;credit&quot;:&quot;&quot;,&quot;camera&quot;:&quot;&quot;,&quot;caption&quot;:&quot;&quot;,&quot;created_timestamp&quot;:&quot;0&quot;,&quot;copyright&quot;:&quot;&quot;,&quot;focal_length&quot;:&quot;0&quot;,&quot;iso&quot;:&quot;0&quot;,&quot;shutter_speed&quot;:&quot;0&quot;,&quot;title&quot;:&quot;&quot;,&quot;orientation&quot;:&quot;0&quot;}\" data-image-title=\"askksa_vila_aves_2020\" data-image-description=\"\" data-image-caption=\"\" data-large-file=\"https:\/\/i0.wp.com\/www.akram.pt\/web\/wp-content\/uploads\/2020\/01\/askksa_vila_aves_2020.jpg?fit=1024%2C767&amp;ssl=1\" src=\"https:\/\/i0.wp.com\/www.akram.pt\/web\/wp-content\/uploads\/2020\/01\/askksa_vila_aves_2020-300x225.jpg?resize=300%2C225\" alt=\"\" class=\"wp-image-1442\" srcset=\"https:\/\/i0.wp.com\/www.akram.pt\/web\/wp-content\/uploads\/2020\/01\/askksa_vila_aves_2020.jpg?resize=300%2C225&amp;ssl=1 300w, https:\/\/i0.wp.com\/www.akram.pt\/web\/wp-content\/uploads\/2020\/01\/askksa_vila_aves_2020.jpg?resize=1024%2C767&amp;ssl=1 1024w, https:\/\/i0.wp.com\/www.akram.pt\/web\/wp-content\/uploads\/2020\/01\/askksa_vila_aves_2020.jpg?resize=768%2C575&amp;ssl=1 768w, https:\/\/i0.wp.com\/www.akram.pt\/web\/wp-content\/uploads\/2020\/01\/askksa_vila_aves_2020.jpg?resize=1536%2C1150&amp;ssl=1 1536w, https:\/\/i0.wp.com\/www.akram.pt\/web\/wp-content\/uploads\/2020\/01\/askksa_vila_aves_2020.jpg?resize=380%2C285&amp;ssl=1 380w, https:\/\/i0.wp.com\/www.akram.pt\/web\/wp-content\/uploads\/2020\/01\/askksa_vila_aves_2020.jpg?resize=285%2C214&amp;ssl=1 285w, https:\/\/i0.wp.com\/www.akram.pt\/web\/wp-content\/uploads\/2020\/01\/askksa_vila_aves_2020.jpg?w=1920&amp;ssl=1 1920w\" sizes=\"auto, (max-width: 300px) 100vw, 300px\" \/><\/a><\/figure><\/div>\n\n\n\n<p>O destaque em termos de resultados vai para os atletas Beatriz Martins<br \/>que alcan\u00e7ou um 3\u00ba Lugar Kata Cadete Feminino e para Eric Pilco em Kumite com um 3\u00ba Lugar em Iniciado +44Kg Masculino, ambos do ASKKSA.<\/p>\n<h2>Resultados obtidos<\/h2>\n<h3>Kata<\/h3>\n<p><strong>3\u00ba Lugar Beatriz Martins &#8211; Kata Cadete Feminino<\/strong><br \/>5\u00ba Lugar Eric Pilco &#8211; Kata Iniciado Masculino<br \/>5\u00ba Lugar Francisco Ornelas &#8211; Kata Cadete Masculino<br \/>5\u00ba Lugar Clara Vasconcelos &#8211; Kata Junior Feminino<br \/>7\u00ba Lugar Gon\u00e7alo Coelho &#8211; Kata Iniciado Masculino<br \/>7\u00ba Lugar Gon\u00e7alo Pilco &#8211; Kata Cadete Masculino<br \/>11\u00ba Lugar Bernardo Lopes &#8211; Kata Cadete Masculino<br \/>11\u00ba Lugar Nuno Fernandes &#8211; Kata Junior Masculino<br \/>13\u00ba Lugar Mafalda Oliveira &#8211; Kata Iniciado Feminino<br \/>19\u00ba Lugar Francisco Sousa &#8211; Kata Juvenil Masculino<br \/>19\u00ba Lugar Nadja Pilco &#8211; Kata Juvenil Feminino<br \/>19\u00ba Lugar Joana Gomes &#8211; Kata Cadete Feminino<\/p>\n<h3>Kumite<\/h3>\n<p><strong>3\u00ba Lugar Eric Pilco &#8211; Kumite Iniciado +44Kg Masculino<\/strong><br \/>9\u00ba Lugar Nadja Pilco &#8211; Kumite Juvenil +50Kg Masculino<br \/>13\u00ba Lugar Veruska Chacon &#8211; Cadete -47kg Feminino<\/p>\n<p>A AKRAM agradece o empenho de todos os atletas, treinadores e T\u00e9cnicos<br \/>de arbitragem nesta desloca\u00e7\u00e3o a mais um torneio internacional.<\/p>\n","protected":false},"excerpt":{"rendered":"<p>Realizado no Pavilh\u00e3o Municipal de Santo Tirso, juntaram-se cerca de 800 atletas, nas mais diversas categorias de Kata e Kumite. A AKRAM representada pelo seu Clube filiado Associa\u00e7\u00e3o Karat\u00e9 Kokusai Santo Ant\u00f3nio (ASKKSA) com 13 atletas, 2 Oficiais de Mesa FNKP e 1 Treinador. O destaque em termos de resultados vai para os atletas Beatriz<\/p>\n<p class=\"more-link\"><a href=\"https:\/\/www.akram.pt\/web\/2020\/01\/torneio-internacional-de-vila-das-aves\/\" class=\"themebutton\">Read More<\/a><\/p>\n","protected":false},"author":2,"featured_media":1442,"comment_status":"closed","ping_status":"open","sticky":false,"template":"","format":"standard","meta":{"_crdt_document":"","_jetpack_memberships_contains_paid_content":false,"footnotes":""},"categories":[4],"tags":[],"class_list":["post-1441","post","type-post","status-publish","format-standard","has-post-thumbnail","hentry","category-noticias"],"jetpack_featured_media_url":"https:\/\/i0.wp.com\/www.akram.pt\/web\/wp-content\/uploads\/2020\/01\/askksa_vila_aves_2020.jpg?fit=1920%2C1438&ssl=1","jetpack_sharing_enabled":true,"_links":{"self":[{"href":"https:\/\/www.akram.pt\/web\/wp-json\/wp\/v2\/posts\/1441","targetHints":{"allow":["GET"]}}],"collection":[{"href":"https:\/\/www.akram.pt\/web\/wp-json\/wp\/v2\/posts"}],"about":[{"href":"https:\/\/www.akram.pt\/web\/wp-json\/wp\/v2\/types\/post"}],"author":[{"embeddable":true,"href":"https:\/\/www.akram.pt\/web\/wp-json\/wp\/v2\/users\/2"}],"replies":[{"embeddable":true,"href":"https:\/\/www.akram.pt\/web\/wp-json\/wp\/v2\/comments?post=1441"}],"version-history":[{"count":2,"href":"https:\/\/www.akram.pt\/web\/wp-json\/wp\/v2\/posts\/1441\/revisions"}],"predecessor-version":[{"id":1444,"href":"https:\/\/www.akram.pt\/web\/wp-json\/wp\/v2\/posts\/1441\/revisions\/1444"}],"wp:featuredmedia":[{"embeddable":true,"href":"https:\/\/www.akram.pt\/web\/wp-json\/wp\/v2\/media\/1442"}],"wp:attachment":[{"href":"https:\/\/www.akram.pt\/web\/wp-json\/wp\/v2\/media?parent=1441"}],"wp:term":[{"taxonomy":"category","embeddable":true,"href":"https:\/\/www.akram.pt\/web\/wp-json\/wp\/v2\/categories?post=1441"},{"taxonomy":"post_tag","embeddable":true,"href":"https:\/\/www.akram.pt\/web\/wp-json\/wp\/v2\/tags?post=1441"}],"curies":[{"name":"wp","href":"https:\/\/api.w.org\/{rel}","templated":true}]}}