{"id":1485,"date":"2020-07-03T21:15:23","date_gmt":"2020-07-03T21:15:23","guid":{"rendered":"https:\/\/www.akram.pt\/web\/?p=1485"},"modified":"2020-07-03T21:15:26","modified_gmt":"2020-07-03T21:15:26","slug":"comunicado-de-pesar","status":"publish","type":"post","link":"https:\/\/www.akram.pt\/web\/2020\/07\/comunicado-de-pesar\/","title":{"rendered":"Comunicado de Pesar"},"content":{"rendered":"\n<p>A A.K.R.A.M. , Associa\u00e7\u00e3o de Karate da Regi\u00e3o Aut\u00f3noma da Madeira manifesta o seu mais profundo pesar pelo falecimento da Senhora Cid\u00e1lia Viveiros, esposa do vogal da Dire\u00e7\u00e3o Ant\u00f3nio Viveiros.<\/p>\n<p>Ao Ant\u00f3nio, seus filhos e demais familiares, manifestamos as mais sinceras e sentidas condol\u00eancias por t\u00e3o irrepar\u00e1vel perda e rogamos para que Deus possa confort\u00e1-los neste momento de grande dor, em que as palavras se apequenam e o esp\u00edrito busca amparo na F\u00e9.<\/p>\n","protected":false},"excerpt":{"rendered":"<p>A A.K.R.A.M. , Associa\u00e7\u00e3o de Karate da Regi\u00e3o Aut\u00f3noma da Madeira manifesta o seu mais profundo pesar pelo falecimento da Senhora Cid\u00e1lia Viveiros, esposa do vogal da Dire\u00e7\u00e3o Ant\u00f3nio Viveiros. Ao Ant\u00f3nio, seus filhos e demais familiares, manifestamos as mais sinceras e sentidas condol\u00eancias por t\u00e3o irrepar\u00e1vel perda e rogamos para que Deus possa confort\u00e1-los<\/p>\n<p class=\"more-link\"><a href=\"https:\/\/www.akram.pt\/web\/2020\/07\/comunicado-de-pesar\/\" class=\"themebutton\">Read More<\/a><\/p>\n","protected":false},"author":2,"featured_media":1486,"comment_status":"closed","ping_status":"open","sticky":false,"template":"","format":"standard","meta":{"_crdt_document":"","_jetpack_memberships_contains_paid_content":false,"footnotes":""},"categories":[4],"tags":[],"class_list":["post-1485","post","type-post","status-publish","format-standard","has-post-thumbnail","hentry","category-noticias"],"jetpack_featured_media_url":"https:\/\/i0.wp.com\/www.akram.pt\/web\/wp-content\/uploads\/2020\/07\/106542370_2585862321665447_4665837468062939628_n.jpg?fit=1008%2C960&ssl=1","jetpack_sharing_enabled":true,"_links":{"self":[{"href":"https:\/\/www.akram.pt\/web\/wp-json\/wp\/v2\/posts\/1485","targetHints":{"allow":["GET"]}}],"collection":[{"href":"https:\/\/www.akram.pt\/web\/wp-json\/wp\/v2\/posts"}],"about":[{"href":"https:\/\/www.akram.pt\/web\/wp-json\/wp\/v2\/types\/post"}],"author":[{"embeddable":true,"href":"https:\/\/www.akram.pt\/web\/wp-json\/wp\/v2\/users\/2"}],"replies":[{"embeddable":true,"href":"https:\/\/www.akram.pt\/web\/wp-json\/wp\/v2\/comments?post=1485"}],"version-history":[{"count":1,"href":"https:\/\/www.akram.pt\/web\/wp-json\/wp\/v2\/posts\/1485\/revisions"}],"predecessor-version":[{"id":1487,"href":"https:\/\/www.akram.pt\/web\/wp-json\/wp\/v2\/posts\/1485\/revisions\/1487"}],"wp:featuredmedia":[{"embeddable":true,"href":"https:\/\/www.akram.pt\/web\/wp-json\/wp\/v2\/media\/1486"}],"wp:attachment":[{"href":"https:\/\/www.akram.pt\/web\/wp-json\/wp\/v2\/media?parent=1485"}],"wp:term":[{"taxonomy":"category","embeddable":true,"href":"https:\/\/www.akram.pt\/web\/wp-json\/wp\/v2\/categories?post=1485"},{"taxonomy":"post_tag","embeddable":true,"href":"https:\/\/www.akram.pt\/web\/wp-json\/wp\/v2\/tags?post=1485"}],"curies":[{"name":"wp","href":"https:\/\/api.w.org\/{rel}","templated":true}]}}