{"id":1506,"date":"2020-10-27T20:52:24","date_gmt":"2020-10-27T20:52:24","guid":{"rendered":"https:\/\/www.akram.pt\/web\/?p=1506"},"modified":"2020-12-21T12:37:40","modified_gmt":"2020-12-21T12:37:40","slug":"acao-de-formacao-bases-cientificas-do-karate-i-sensei-jose-ramos","status":"publish","type":"post","link":"https:\/\/www.akram.pt\/web\/2020\/10\/acao-de-formacao-bases-cientificas-do-karate-i-sensei-jose-ramos\/","title":{"rendered":"A\u00e7\u00e3o de Forma\u00e7\u00e3o &#8211; Bases Cient\u00edficas do Karat\u00e9 I &#8211; Sensei Jos\u00e9 Ramos"},"content":{"rendered":"\n<p>Nos pr\u00f3ximos dias 5 a 8 de novembro, realiza-se a A\u00e7\u00e3o de Forma\u00e7\u00e3o entitulada &#8220;Bases Cient\u00edficas do Karat\u00e9 I&#8221;, ministrada pelo Sensei Jos\u00e9 Ramos.<\/p>\n<p>Consulte abaixo o cartaz e hor\u00e1rios do evento.<\/p>\n\n\n\n<div class=\"wp-block-image\"><figure class=\"aligncenter size-large is-resized\"><a href=\"https:\/\/i0.wp.com\/www.akram.pt\/web\/wp-content\/uploads\/2020\/10\/cartaz_formacao_sensei_ramos_nov_2020.jpg?ssl=1\" rel=\"lightbox[1506]\"><img data-recalc-dims=\"1\" loading=\"lazy\" decoding=\"async\" data-attachment-id=\"1507\" data-permalink=\"https:\/\/www.akram.pt\/web\/2020\/10\/acao-de-formacao-bases-cientificas-do-karate-i-sensei-jose-ramos\/cartaz_formacao_sensei_ramos_nov_2020\/#main\" data-orig-file=\"https:\/\/i0.wp.com\/www.akram.pt\/web\/wp-content\/uploads\/2020\/10\/cartaz_formacao_sensei_ramos_nov_2020.jpg?fit=1415%2C2000&amp;ssl=1\" data-orig-size=\"1415,2000\" data-comments-opened=\"0\" data-image-meta=\"{&quot;aperture&quot;:&quot;0&quot;,&quot;credit&quot;:&quot;&quot;,&quot;camera&quot;:&quot;&quot;,&quot;caption&quot;:&quot;&quot;,&quot;created_timestamp&quot;:&quot;0&quot;,&quot;copyright&quot;:&quot;&quot;,&quot;focal_length&quot;:&quot;0&quot;,&quot;iso&quot;:&quot;0&quot;,&quot;shutter_speed&quot;:&quot;0&quot;,&quot;title&quot;:&quot;&quot;,&quot;orientation&quot;:&quot;1&quot;}\" data-image-title=\"cartaz_formacao_sensei_ramos_nov_2020\" data-image-description=\"\" data-image-caption=\"\" data-large-file=\"https:\/\/i0.wp.com\/www.akram.pt\/web\/wp-content\/uploads\/2020\/10\/cartaz_formacao_sensei_ramos_nov_2020.jpg?fit=724%2C1024&amp;ssl=1\" src=\"https:\/\/i0.wp.com\/www.akram.pt\/web\/wp-content\/uploads\/2020\/10\/cartaz_formacao_sensei_ramos_nov_2020.jpg?resize=362%2C512&#038;ssl=1\" alt=\"\" class=\"wp-image-1507\" width=\"362\" height=\"512\" srcset=\"https:\/\/i0.wp.com\/www.akram.pt\/web\/wp-content\/uploads\/2020\/10\/cartaz_formacao_sensei_ramos_nov_2020.jpg?resize=724%2C1024&amp;ssl=1 724w, https:\/\/i0.wp.com\/www.akram.pt\/web\/wp-content\/uploads\/2020\/10\/cartaz_formacao_sensei_ramos_nov_2020.jpg?resize=212%2C300&amp;ssl=1 212w, https:\/\/i0.wp.com\/www.akram.pt\/web\/wp-content\/uploads\/2020\/10\/cartaz_formacao_sensei_ramos_nov_2020.jpg?resize=768%2C1086&amp;ssl=1 768w, https:\/\/i0.wp.com\/www.akram.pt\/web\/wp-content\/uploads\/2020\/10\/cartaz_formacao_sensei_ramos_nov_2020.jpg?resize=1087%2C1536&amp;ssl=1 1087w, https:\/\/i0.wp.com\/www.akram.pt\/web\/wp-content\/uploads\/2020\/10\/cartaz_formacao_sensei_ramos_nov_2020.jpg?w=1415&amp;ssl=1 1415w\" sizes=\"auto, (max-width: 362px) 100vw, 362px\" \/><\/a><\/figure><\/div>\n\n\n\n<div class=\"wp-block-file\"><a href=\"https:\/\/www.akram.pt\/web\/wp-content\/uploads\/2020\/10\/horarios_formacao_sensei_ramos_nov_2020.pdf\">Hor\u00e1rio do Evento<\/a><a href=\"https:\/\/www.akram.pt\/web\/wp-content\/uploads\/2020\/10\/horarios_formacao_sensei_ramos_nov_2020.pdf\" class=\"wp-block-file__button\" download>Descarregar<\/a><\/div>\n","protected":false},"excerpt":{"rendered":"<p>Nos pr\u00f3ximos dias 5 a 8 de novembro, realiza-se a A\u00e7\u00e3o de Forma\u00e7\u00e3o entitulada &#8220;Bases Cient\u00edficas do Karat\u00e9 I&#8221;, ministrada pelo Sensei Jos\u00e9 Ramos. Consulte abaixo o cartaz e hor\u00e1rios do evento.<\/p>\n","protected":false},"author":2,"featured_media":1507,"comment_status":"closed","ping_status":"open","sticky":false,"template":"","format":"standard","meta":{"_crdt_document":"","_jetpack_memberships_contains_paid_content":false,"footnotes":""},"categories":[7,4],"tags":[],"class_list":["post-1506","post","type-post","status-publish","format-standard","has-post-thumbnail","hentry","category-actividades","category-noticias"],"jetpack_featured_media_url":"https:\/\/i0.wp.com\/www.akram.pt\/web\/wp-content\/uploads\/2020\/10\/cartaz_formacao_sensei_ramos_nov_2020.jpg?fit=1415%2C2000&ssl=1","jetpack_sharing_enabled":true,"_links":{"self":[{"href":"https:\/\/www.akram.pt\/web\/wp-json\/wp\/v2\/posts\/1506","targetHints":{"allow":["GET"]}}],"collection":[{"href":"https:\/\/www.akram.pt\/web\/wp-json\/wp\/v2\/posts"}],"about":[{"href":"https:\/\/www.akram.pt\/web\/wp-json\/wp\/v2\/types\/post"}],"author":[{"embeddable":true,"href":"https:\/\/www.akram.pt\/web\/wp-json\/wp\/v2\/users\/2"}],"replies":[{"embeddable":true,"href":"https:\/\/www.akram.pt\/web\/wp-json\/wp\/v2\/comments?post=1506"}],"version-history":[{"count":4,"href":"https:\/\/www.akram.pt\/web\/wp-json\/wp\/v2\/posts\/1506\/revisions"}],"predecessor-version":[{"id":1512,"href":"https:\/\/www.akram.pt\/web\/wp-json\/wp\/v2\/posts\/1506\/revisions\/1512"}],"wp:featuredmedia":[{"embeddable":true,"href":"https:\/\/www.akram.pt\/web\/wp-json\/wp\/v2\/media\/1507"}],"wp:attachment":[{"href":"https:\/\/www.akram.pt\/web\/wp-json\/wp\/v2\/media?parent=1506"}],"wp:term":[{"taxonomy":"category","embeddable":true,"href":"https:\/\/www.akram.pt\/web\/wp-json\/wp\/v2\/categories?post=1506"},{"taxonomy":"post_tag","embeddable":true,"href":"https:\/\/www.akram.pt\/web\/wp-json\/wp\/v2\/tags?post=1506"}],"curies":[{"name":"wp","href":"https:\/\/api.w.org\/{rel}","templated":true}]}}