{"id":1516,"date":"2020-11-24T22:46:18","date_gmt":"2020-11-24T22:46:18","guid":{"rendered":"https:\/\/www.akram.pt\/web\/?p=1516"},"modified":"2020-12-21T12:36:59","modified_gmt":"2020-12-21T12:36:59","slug":"acao-formacao-teorico-pratica-formacao-e-alto-rendimento-sensei-joaquim-goncalves","status":"publish","type":"post","link":"https:\/\/www.akram.pt\/web\/2020\/11\/acao-formacao-teorico-pratica-formacao-e-alto-rendimento-sensei-joaquim-goncalves\/","title":{"rendered":"A\u00e7\u00e3o Forma\u00e7\u00e3o Te\u00f3rico Pr\u00e1tica &#8211; Forma\u00e7\u00e3o e Alto Rendimento \u2013 Sensei Joaquim Gon\u00e7alves"},"content":{"rendered":"\n<p>Nos pr\u00f3ximos dias de 28 a 30 de novembro, realiza-se a a\u00e7\u00e3o de forma\u00e7\u00e3o te\u00f3rico-pr\u00e1tica entitulada &#8220;Forma\u00e7\u00e3o e Alto Rendimento&#8221; que ser\u00e1 ministrada pelo Diretor T\u00e9cnico Nacional, Sensei Joaquim Gon\u00e7alves.<\/p>\n<p>Esta forma\u00e7\u00e3o \u00e9 creditada pelo IPDJ, em que ser\u00e3o atribu\u00eddos 1,2 cr\u00e9ditos (c\u00f3digo 54725043).<\/p>\n<p>Consulte abaixo os hor\u00e1rios e cartaz do evento.<\/p>\n<p>Relembramos que todos os intervenientes devem cumprir as regras definidas no Plano de Conting\u00eancia da AKRAM para a retoma da atividade n\u00e3o competitiva, dispon\u00edvel abaixo.<\/p>\n\n\n\n<div class=\"wp-block-image\"><figure class=\"aligncenter size-medium\"><a href=\"https:\/\/i0.wp.com\/www.akram.pt\/web\/wp-content\/uploads\/2020\/11\/Cartaz_AF_Joaquim_Goncalves.jpg?ssl=1\" rel=\"lightbox[1516]\"><img data-recalc-dims=\"1\" loading=\"lazy\" decoding=\"async\" width=\"212\" height=\"300\" data-attachment-id=\"1517\" data-permalink=\"https:\/\/www.akram.pt\/web\/2020\/11\/acao-formacao-teorico-pratica-formacao-e-alto-rendimento-sensei-joaquim-goncalves\/cartaz_af_joaquim_goncalves\/#main\" data-orig-file=\"https:\/\/i0.wp.com\/www.akram.pt\/web\/wp-content\/uploads\/2020\/11\/Cartaz_AF_Joaquim_Goncalves.jpg?fit=1123%2C1587&amp;ssl=1\" data-orig-size=\"1123,1587\" data-comments-opened=\"0\" data-image-meta=\"{&quot;aperture&quot;:&quot;0&quot;,&quot;credit&quot;:&quot;&quot;,&quot;camera&quot;:&quot;&quot;,&quot;caption&quot;:&quot;&quot;,&quot;created_timestamp&quot;:&quot;0&quot;,&quot;copyright&quot;:&quot;&quot;,&quot;focal_length&quot;:&quot;0&quot;,&quot;iso&quot;:&quot;0&quot;,&quot;shutter_speed&quot;:&quot;0&quot;,&quot;title&quot;:&quot;&quot;,&quot;orientation&quot;:&quot;0&quot;}\" data-image-title=\"Cartaz_AF_Joaquim_Goncalves\" data-image-description=\"\" data-image-caption=\"\" data-large-file=\"https:\/\/i0.wp.com\/www.akram.pt\/web\/wp-content\/uploads\/2020\/11\/Cartaz_AF_Joaquim_Goncalves.jpg?fit=725%2C1024&amp;ssl=1\" src=\"https:\/\/i0.wp.com\/www.akram.pt\/web\/wp-content\/uploads\/2020\/11\/Cartaz_AF_Joaquim_Goncalves.jpg?resize=212%2C300&#038;ssl=1\" alt=\"\" class=\"wp-image-1517\" srcset=\"https:\/\/i0.wp.com\/www.akram.pt\/web\/wp-content\/uploads\/2020\/11\/Cartaz_AF_Joaquim_Goncalves.jpg?resize=212%2C300&amp;ssl=1 212w, https:\/\/i0.wp.com\/www.akram.pt\/web\/wp-content\/uploads\/2020\/11\/Cartaz_AF_Joaquim_Goncalves.jpg?resize=725%2C1024&amp;ssl=1 725w, https:\/\/i0.wp.com\/www.akram.pt\/web\/wp-content\/uploads\/2020\/11\/Cartaz_AF_Joaquim_Goncalves.jpg?resize=768%2C1085&amp;ssl=1 768w, https:\/\/i0.wp.com\/www.akram.pt\/web\/wp-content\/uploads\/2020\/11\/Cartaz_AF_Joaquim_Goncalves.jpg?resize=1087%2C1536&amp;ssl=1 1087w, https:\/\/i0.wp.com\/www.akram.pt\/web\/wp-content\/uploads\/2020\/11\/Cartaz_AF_Joaquim_Goncalves.jpg?w=1123&amp;ssl=1 1123w\" sizes=\"auto, (max-width: 212px) 100vw, 212px\" \/><\/a><figcaption>Cartaz da A\u00e7\u00e3o de Forma\u00e7\u00e3o<\/figcaption><\/figure><\/div>\n\n\n\n<div class=\"wp-block-file\"><a href=\"https:\/\/www.akram.pt\/web\/wp-content\/uploads\/2020\/11\/Horarios_AF_Formacao_Diretor_Tec_Nacional.pdf\">Hor\u00e1rio do Evento<\/a><a href=\"https:\/\/www.akram.pt\/web\/wp-content\/uploads\/2020\/11\/Horarios_AF_Formacao_Diretor_Tec_Nacional.pdf\" class=\"wp-block-file__button\" download>Descarregar<\/a><\/div>\n\n\n\n<div class=\"wp-block-file\"><a href=\"https:\/\/www.akram.pt\/web\/wp-content\/uploads\/2020\/11\/PlanoCont_C19_AKRAM_Retoma.pdf\">Plano de Conting\u00eancia para Retoma da Atividade da AKRAM<\/a><a href=\"https:\/\/www.akram.pt\/web\/wp-content\/uploads\/2020\/11\/PlanoCont_C19_AKRAM_Retoma.pdf\" class=\"wp-block-file__button\" download>Descarregar<\/a><\/div>\n\n\n\n<p>Todas as inscri\u00e7\u00f5es no evento, devem ser realizadas pelos treinadores dos clubes no Gestor da AKRAM.<\/p>\n\n\n","protected":false},"excerpt":{"rendered":"<p>Nos pr\u00f3ximos dias de 28 a 30 de novembro, realiza-se a a\u00e7\u00e3o de forma\u00e7\u00e3o te\u00f3rico-pr\u00e1tica entitulada &#8220;Forma\u00e7\u00e3o e Alto Rendimento&#8221; que ser\u00e1 ministrada pelo Diretor T\u00e9cnico Nacional, Sensei Joaquim Gon\u00e7alves. Esta forma\u00e7\u00e3o \u00e9 creditada pelo IPDJ, em que ser\u00e3o atribu\u00eddos 1,2 cr\u00e9ditos (c\u00f3digo 54725043). Consulte abaixo os hor\u00e1rios e cartaz do evento. Relembramos que todos<\/p>\n<p class=\"more-link\"><a href=\"https:\/\/www.akram.pt\/web\/2020\/11\/acao-formacao-teorico-pratica-formacao-e-alto-rendimento-sensei-joaquim-goncalves\/\" class=\"themebutton\">Read More<\/a><\/p>\n","protected":false},"author":2,"featured_media":1517,"comment_status":"closed","ping_status":"open","sticky":false,"template":"","format":"standard","meta":{"_crdt_document":"","_jetpack_memberships_contains_paid_content":false,"footnotes":""},"categories":[7,4],"tags":[],"class_list":["post-1516","post","type-post","status-publish","format-standard","has-post-thumbnail","hentry","category-actividades","category-noticias"],"jetpack_featured_media_url":"https:\/\/i0.wp.com\/www.akram.pt\/web\/wp-content\/uploads\/2020\/11\/Cartaz_AF_Joaquim_Goncalves.jpg?fit=1123%2C1587&ssl=1","jetpack_sharing_enabled":true,"_links":{"self":[{"href":"https:\/\/www.akram.pt\/web\/wp-json\/wp\/v2\/posts\/1516","targetHints":{"allow":["GET"]}}],"collection":[{"href":"https:\/\/www.akram.pt\/web\/wp-json\/wp\/v2\/posts"}],"about":[{"href":"https:\/\/www.akram.pt\/web\/wp-json\/wp\/v2\/types\/post"}],"author":[{"embeddable":true,"href":"https:\/\/www.akram.pt\/web\/wp-json\/wp\/v2\/users\/2"}],"replies":[{"embeddable":true,"href":"https:\/\/www.akram.pt\/web\/wp-json\/wp\/v2\/comments?post=1516"}],"version-history":[{"count":1,"href":"https:\/\/www.akram.pt\/web\/wp-json\/wp\/v2\/posts\/1516\/revisions"}],"predecessor-version":[{"id":1520,"href":"https:\/\/www.akram.pt\/web\/wp-json\/wp\/v2\/posts\/1516\/revisions\/1520"}],"wp:featuredmedia":[{"embeddable":true,"href":"https:\/\/www.akram.pt\/web\/wp-json\/wp\/v2\/media\/1517"}],"wp:attachment":[{"href":"https:\/\/www.akram.pt\/web\/wp-json\/wp\/v2\/media?parent=1516"}],"wp:term":[{"taxonomy":"category","embeddable":true,"href":"https:\/\/www.akram.pt\/web\/wp-json\/wp\/v2\/categories?post=1516"},{"taxonomy":"post_tag","embeddable":true,"href":"https:\/\/www.akram.pt\/web\/wp-json\/wp\/v2\/tags?post=1516"}],"curies":[{"name":"wp","href":"https:\/\/api.w.org\/{rel}","templated":true}]}}