{"id":1522,"date":"2020-12-21T10:20:44","date_gmt":"2020-12-21T10:20:44","guid":{"rendered":"https:\/\/www.akram.pt\/web\/?p=1522"},"modified":"2021-05-24T21:02:27","modified_gmt":"2021-05-24T21:02:27","slug":"mensagem-da-natal-da-akram","status":"publish","type":"post","link":"https:\/\/www.akram.pt\/web\/2020\/12\/mensagem-da-natal-da-akram\/","title":{"rendered":"Mensagem da Natal da AKRAM"},"content":{"rendered":"\n<p><span data-originalfontsize=\"12pt\" data-originalcomputedfontsize=\"16\">O Karate \u00e9 uma arte que nos ajuda a superar a n\u00f3s pr\u00f3prios, a ultrapassar a nossas dificuldades e obst\u00e1culos.<\/span><\/p>\n<p><span data-originalfontsize=\"12pt\" data-originalcomputedfontsize=\"16\">Esta fase menos boa das nossas vidas, para n\u00f3s Karatecas \u00e9 vista como um desafio, que vamos superar.<\/span><\/p>\n<p><span data-originalfontsize=\"12pt\" data-originalcomputedfontsize=\"16\">A comunidade Karateca tem sabido se adaptar a esta nova realidade, continuando a nossa caminhada e contribuindo para a sa\u00fade e bem-estar de muitos praticantes.<\/span><\/p>\n<p><span data-originalfontsize=\"12pt\" data-originalcomputedfontsize=\"16\">Mais do que nunca as pessoas devem praticar desporto! Temos cumprido com a nossa miss\u00e3o de manter os praticantes ativos, mas ao mesmo tempo conscientes que os tempos mudaram.<\/span><\/p>\n<p><span data-originalfontsize=\"12pt\" data-originalcomputedfontsize=\"16\">Agrade\u00e7o o esfor\u00e7o e dedica\u00e7\u00e3o de todos os treinadores que t\u00eam feito tudo por tudo para manter a nossa modalidade sempre ativa.<\/span><\/p>\n<p><span data-originalfontsize=\"12pt\" data-originalcomputedfontsize=\"16\">Aos Encarregados de Educa\u00e7\u00e3o o nosso obrigado por confiarem na nossa modalidade e nos nossos agentes desportivos.<\/span><\/p>\n<p><span data-originalfontsize=\"12pt\" data-originalcomputedfontsize=\"16\">Aos Clubes associados, o meu agradecimento pela coopera\u00e7\u00e3o e entreajuda.<\/span><\/p>\n<p><span data-originalfontsize=\"12pt\" data-originalcomputedfontsize=\"16\">A todas as institui\u00e7\u00f5es que nos apoiam, o nosso muito obrigado.<\/span><\/p>\n<p><span data-originalfontsize=\"12pt\" data-originalcomputedfontsize=\"16\">Em nome da AKRAM \u2013 Associa\u00e7\u00e3o de Karate da Regi\u00e3o Aut\u00f3noma da Madeira, desejo a todos um SANTO E FELIZ NATAL.<\/span><\/p>\n<p><span data-originalfontsize=\"12pt\" data-originalcomputedfontsize=\"16\">Samuel Ch\u00edcharo \u2013 Presidente da AKRAM<\/span><\/p>\n\n\n\n<p><a href=\"https:\/\/i0.wp.com\/www.akram.pt\/web\/wp-content\/uploads\/2020\/12\/DDF5CFBB-567A-4F5D-B451-3D08EBE23585.jpg?ssl=1\" rel=\"lightbox[1522]\"><img data-recalc-dims=\"1\" loading=\"lazy\" decoding=\"async\" data-attachment-id=\"1523\" data-permalink=\"https:\/\/www.akram.pt\/web\/2020\/12\/mensagem-da-natal-da-akram\/ddf5cfbb-567a-4f5d-b451-3d08ebe23585\/#main\" data-orig-file=\"https:\/\/i0.wp.com\/www.akram.pt\/web\/wp-content\/uploads\/2020\/12\/DDF5CFBB-567A-4F5D-B451-3D08EBE23585.jpg?fit=626%2C626&amp;ssl=1\" data-orig-size=\"626,626\" data-comments-opened=\"0\" data-image-meta=\"{&quot;aperture&quot;:&quot;0&quot;,&quot;credit&quot;:&quot;&quot;,&quot;camera&quot;:&quot;&quot;,&quot;caption&quot;:&quot;&quot;,&quot;created_timestamp&quot;:&quot;0&quot;,&quot;copyright&quot;:&quot;&quot;,&quot;focal_length&quot;:&quot;0&quot;,&quot;iso&quot;:&quot;0&quot;,&quot;shutter_speed&quot;:&quot;0&quot;,&quot;title&quot;:&quot;&quot;,&quot;orientation&quot;:&quot;0&quot;}\" data-image-title=\"DDF5CFBB-567A-4F5D-B451-3D08EBE23585\" data-image-description=\"\" data-image-caption=\"\" data-large-file=\"https:\/\/i0.wp.com\/www.akram.pt\/web\/wp-content\/uploads\/2020\/12\/DDF5CFBB-567A-4F5D-B451-3D08EBE23585.jpg?fit=626%2C626&amp;ssl=1\" class=\"aligncenter size-medium wp-image-1523\" src=\"https:\/\/i0.wp.com\/www.akram.pt\/web\/wp-content\/uploads\/2020\/12\/DDF5CFBB-567A-4F5D-B451-3D08EBE23585.jpg?resize=300%2C300&#038;ssl=1\" alt=\"Postal Natal AKRAM 2020\" width=\"300\" height=\"300\" srcset=\"https:\/\/i0.wp.com\/www.akram.pt\/web\/wp-content\/uploads\/2020\/12\/DDF5CFBB-567A-4F5D-B451-3D08EBE23585.jpg?resize=300%2C300&amp;ssl=1 300w, https:\/\/i0.wp.com\/www.akram.pt\/web\/wp-content\/uploads\/2020\/12\/DDF5CFBB-567A-4F5D-B451-3D08EBE23585.jpg?resize=150%2C150&amp;ssl=1 150w, https:\/\/i0.wp.com\/www.akram.pt\/web\/wp-content\/uploads\/2020\/12\/DDF5CFBB-567A-4F5D-B451-3D08EBE23585.jpg?resize=120%2C120&amp;ssl=1 120w, https:\/\/i0.wp.com\/www.akram.pt\/web\/wp-content\/uploads\/2020\/12\/DDF5CFBB-567A-4F5D-B451-3D08EBE23585.jpg?resize=105%2C105&amp;ssl=1 105w, https:\/\/i0.wp.com\/www.akram.pt\/web\/wp-content\/uploads\/2020\/12\/DDF5CFBB-567A-4F5D-B451-3D08EBE23585.jpg?resize=570%2C570&amp;ssl=1 570w, https:\/\/i0.wp.com\/www.akram.pt\/web\/wp-content\/uploads\/2020\/12\/DDF5CFBB-567A-4F5D-B451-3D08EBE23585.jpg?resize=380%2C380&amp;ssl=1 380w, https:\/\/i0.wp.com\/www.akram.pt\/web\/wp-content\/uploads\/2020\/12\/DDF5CFBB-567A-4F5D-B451-3D08EBE23585.jpg?resize=285%2C285&amp;ssl=1 285w, https:\/\/i0.wp.com\/www.akram.pt\/web\/wp-content\/uploads\/2020\/12\/DDF5CFBB-567A-4F5D-B451-3D08EBE23585.jpg?w=626&amp;ssl=1 626w\" sizes=\"auto, (max-width: 300px) 100vw, 300px\" \/><\/a><\/p>\n","protected":false},"excerpt":{"rendered":"<p>O Karate \u00e9 uma arte que nos ajuda a superar a n\u00f3s pr\u00f3prios, a ultrapassar a nossas dificuldades e obst\u00e1culos. Esta fase menos boa das nossas vidas, para n\u00f3s Karatecas \u00e9 vista como um desafio, que vamos superar. A comunidade Karateca tem sabido se adaptar a esta nova realidade, continuando a nossa caminhada e contribuindo<\/p>\n<p class=\"more-link\"><a href=\"https:\/\/www.akram.pt\/web\/2020\/12\/mensagem-da-natal-da-akram\/\" class=\"themebutton\">Read More<\/a><\/p>\n","protected":false},"author":2,"featured_media":1523,"comment_status":"closed","ping_status":"open","sticky":false,"template":"","format":"standard","meta":{"_crdt_document":"","_jetpack_memberships_contains_paid_content":false,"footnotes":""},"categories":[4],"tags":[],"class_list":["post-1522","post","type-post","status-publish","format-standard","has-post-thumbnail","hentry","category-noticias"],"jetpack_featured_media_url":"https:\/\/i0.wp.com\/www.akram.pt\/web\/wp-content\/uploads\/2020\/12\/DDF5CFBB-567A-4F5D-B451-3D08EBE23585.jpg?fit=626%2C626&ssl=1","jetpack_sharing_enabled":true,"_links":{"self":[{"href":"https:\/\/www.akram.pt\/web\/wp-json\/wp\/v2\/posts\/1522","targetHints":{"allow":["GET"]}}],"collection":[{"href":"https:\/\/www.akram.pt\/web\/wp-json\/wp\/v2\/posts"}],"about":[{"href":"https:\/\/www.akram.pt\/web\/wp-json\/wp\/v2\/types\/post"}],"author":[{"embeddable":true,"href":"https:\/\/www.akram.pt\/web\/wp-json\/wp\/v2\/users\/2"}],"replies":[{"embeddable":true,"href":"https:\/\/www.akram.pt\/web\/wp-json\/wp\/v2\/comments?post=1522"}],"version-history":[{"count":1,"href":"https:\/\/www.akram.pt\/web\/wp-json\/wp\/v2\/posts\/1522\/revisions"}],"predecessor-version":[{"id":1524,"href":"https:\/\/www.akram.pt\/web\/wp-json\/wp\/v2\/posts\/1522\/revisions\/1524"}],"wp:featuredmedia":[{"embeddable":true,"href":"https:\/\/www.akram.pt\/web\/wp-json\/wp\/v2\/media\/1523"}],"wp:attachment":[{"href":"https:\/\/www.akram.pt\/web\/wp-json\/wp\/v2\/media?parent=1522"}],"wp:term":[{"taxonomy":"category","embeddable":true,"href":"https:\/\/www.akram.pt\/web\/wp-json\/wp\/v2\/categories?post=1522"},{"taxonomy":"post_tag","embeddable":true,"href":"https:\/\/www.akram.pt\/web\/wp-json\/wp\/v2\/tags?post=1522"}],"curies":[{"name":"wp","href":"https:\/\/api.w.org\/{rel}","templated":true}]}}