{"id":1560,"date":"2021-05-20T22:05:45","date_gmt":"2021-05-20T22:05:45","guid":{"rendered":"https:\/\/www.akram.pt\/web\/?p=1560"},"modified":"2021-06-24T22:21:47","modified_gmt":"2021-06-24T22:21:47","slug":"acao-de-formacao-com-sensei-joaquim-goncalves-2","status":"publish","type":"post","link":"https:\/\/www.akram.pt\/web\/2021\/05\/acao-de-formacao-com-sensei-joaquim-goncalves-2\/","title":{"rendered":"A\u00e7\u00e3o de Forma\u00e7\u00e3o com Sensei Joaquim Gon\u00e7alves"},"content":{"rendered":"\n<p class=\"wp-block-paragraph\">Nos pr\u00f3ximos dias 4 a 6 de junho, ir\u00e1 se realizar uma<b> A\u00e7\u00e3o de Forma\u00e7\u00e3o com o Sensei Joaquim Gon\u00e7alves (Diretor T\u00e9cnico Nacional FNK-P).<\/b><\/p>\n\n\n\n<div class=\"wp-block-image\"><figure class=\"aligncenter size-large\"><img data-recalc-dims=\"1\" loading=\"lazy\" decoding=\"async\" width=\"725\" height=\"1024\" data-attachment-id=\"1561\" data-permalink=\"https:\/\/www.akram.pt\/web\/2021\/05\/acao-de-formacao-com-sensei-joaquim-goncalves-2\/cartaz_joaquim_goncalves_2021-06\/#main\" data-orig-file=\"https:\/\/i0.wp.com\/www.akram.pt\/web\/wp-content\/uploads\/2021\/05\/cartaz_joaquim_goncalves_2021-06.jpg?fit=1123%2C1587&amp;ssl=1\" data-orig-size=\"1123,1587\" data-comments-opened=\"0\" data-image-meta=\"{&quot;aperture&quot;:&quot;0&quot;,&quot;credit&quot;:&quot;&quot;,&quot;camera&quot;:&quot;&quot;,&quot;caption&quot;:&quot;&quot;,&quot;created_timestamp&quot;:&quot;0&quot;,&quot;copyright&quot;:&quot;&quot;,&quot;focal_length&quot;:&quot;0&quot;,&quot;iso&quot;:&quot;0&quot;,&quot;shutter_speed&quot;:&quot;0&quot;,&quot;title&quot;:&quot;&quot;,&quot;orientation&quot;:&quot;0&quot;}\" data-image-title=\"cartaz_joaquim_goncalves_2021-06\" data-image-description=\"\" data-image-caption=\"\" data-large-file=\"https:\/\/i0.wp.com\/www.akram.pt\/web\/wp-content\/uploads\/2021\/05\/cartaz_joaquim_goncalves_2021-06.jpg?fit=725%2C1024&amp;ssl=1\" src=\"https:\/\/i0.wp.com\/www.akram.pt\/web\/wp-content\/uploads\/2021\/05\/cartaz_joaquim_goncalves_2021-06.jpg?resize=725%2C1024&#038;ssl=1\" alt=\"\" class=\"wp-image-1561\" srcset=\"https:\/\/i0.wp.com\/www.akram.pt\/web\/wp-content\/uploads\/2021\/05\/cartaz_joaquim_goncalves_2021-06.jpg?resize=725%2C1024&amp;ssl=1 725w, https:\/\/i0.wp.com\/www.akram.pt\/web\/wp-content\/uploads\/2021\/05\/cartaz_joaquim_goncalves_2021-06.jpg?resize=212%2C300&amp;ssl=1 212w, https:\/\/i0.wp.com\/www.akram.pt\/web\/wp-content\/uploads\/2021\/05\/cartaz_joaquim_goncalves_2021-06.jpg?resize=768%2C1085&amp;ssl=1 768w, https:\/\/i0.wp.com\/www.akram.pt\/web\/wp-content\/uploads\/2021\/05\/cartaz_joaquim_goncalves_2021-06.jpg?resize=1087%2C1536&amp;ssl=1 1087w, https:\/\/i0.wp.com\/www.akram.pt\/web\/wp-content\/uploads\/2021\/05\/cartaz_joaquim_goncalves_2021-06.jpg?w=1123&amp;ssl=1 1123w\" sizes=\"auto, (max-width: 725px) 100vw, 725px\" \/><\/figure><\/div>\n\n\n\n<p class=\"wp-block-paragraph\">Consulte abaixo o Programa e Hor\u00e1rio da A\u00e7\u00e3o de Forma\u00e7\u00e3o.<\/p>\n\n\n\n<div class=\"wp-block-file\"><a href=\"https:\/\/www.akram.pt\/web\/wp-content\/uploads\/2021\/06\/Programa_e_Horarios_JG_2021_06.pdf\" target=\"_blank\" rel=\"noreferrer noopener\">Programa e Hor\u00e1rios da Forma\u00e7\u00e3o<\/a><a href=\"https:\/\/www.akram.pt\/web\/wp-content\/uploads\/2021\/06\/Programa_e_Horarios_JG_2021_06.pdf\" class=\"wp-block-file__button\" download>Descarregar<\/a><\/div>\n\n\n","protected":false},"excerpt":{"rendered":"<p>Nos pr\u00f3ximos dias 4 a 6 de junho, ir\u00e1 se realizar uma A\u00e7\u00e3o de Forma\u00e7\u00e3o com o Sensei Joaquim Gon\u00e7alves (Diretor T\u00e9cnico Nacional FNK-P). Consulte abaixo o Programa e Hor\u00e1rio da A\u00e7\u00e3o de Forma\u00e7\u00e3o.<\/p>\n","protected":false},"author":2,"featured_media":1561,"comment_status":"closed","ping_status":"open","sticky":false,"template":"","format":"standard","meta":{"_crdt_document":"","_jetpack_memberships_contains_paid_content":false,"footnotes":""},"categories":[7,4],"tags":[],"class_list":["post-1560","post","type-post","status-publish","format-standard","has-post-thumbnail","hentry","category-actividades","category-noticias"],"jetpack_featured_media_url":"https:\/\/i0.wp.com\/www.akram.pt\/web\/wp-content\/uploads\/2021\/05\/cartaz_joaquim_goncalves_2021-06.jpg?fit=1123%2C1587&ssl=1","jetpack_sharing_enabled":true,"_links":{"self":[{"href":"https:\/\/www.akram.pt\/web\/wp-json\/wp\/v2\/posts\/1560","targetHints":{"allow":["GET"]}}],"collection":[{"href":"https:\/\/www.akram.pt\/web\/wp-json\/wp\/v2\/posts"}],"about":[{"href":"https:\/\/www.akram.pt\/web\/wp-json\/wp\/v2\/types\/post"}],"author":[{"embeddable":true,"href":"https:\/\/www.akram.pt\/web\/wp-json\/wp\/v2\/users\/2"}],"replies":[{"embeddable":true,"href":"https:\/\/www.akram.pt\/web\/wp-json\/wp\/v2\/comments?post=1560"}],"version-history":[{"count":2,"href":"https:\/\/www.akram.pt\/web\/wp-json\/wp\/v2\/posts\/1560\/revisions"}],"predecessor-version":[{"id":1583,"href":"https:\/\/www.akram.pt\/web\/wp-json\/wp\/v2\/posts\/1560\/revisions\/1583"}],"wp:featuredmedia":[{"embeddable":true,"href":"https:\/\/www.akram.pt\/web\/wp-json\/wp\/v2\/media\/1561"}],"wp:attachment":[{"href":"https:\/\/www.akram.pt\/web\/wp-json\/wp\/v2\/media?parent=1560"}],"wp:term":[{"taxonomy":"category","embeddable":true,"href":"https:\/\/www.akram.pt\/web\/wp-json\/wp\/v2\/categories?post=1560"},{"taxonomy":"post_tag","embeddable":true,"href":"https:\/\/www.akram.pt\/web\/wp-json\/wp\/v2\/tags?post=1560"}],"curies":[{"name":"wp","href":"https:\/\/api.w.org\/{rel}","templated":true}]}}