{"id":1585,"date":"2021-06-24T22:29:42","date_gmt":"2021-06-24T22:29:42","guid":{"rendered":"https:\/\/www.akram.pt\/web\/?p=1585"},"modified":"2021-09-05T22:21:00","modified_gmt":"2021-09-05T22:21:00","slug":"acao-de-formacao-bases-cientificas-do-karate-ii-sensei-jose-ramos","status":"publish","type":"post","link":"https:\/\/www.akram.pt\/web\/2021\/06\/acao-de-formacao-bases-cientificas-do-karate-ii-sensei-jose-ramos\/","title":{"rendered":"A\u00e7\u00e3o de Forma\u00e7\u00e3o \u2013 Bases Cient\u00edficas do Karat\u00e9 II \u2013 Sensei Jos\u00e9 Ramos"},"content":{"rendered":"\n<p class=\"wp-block-paragraph\">Nos pr\u00f3ximos dias 2 a 4 de julho, realiza-se a A\u00e7\u00e3o de Forma\u00e7\u00e3o entitulada \u201cBases Cient\u00edficas do Karat\u00e9 II\u201d, ministrada pelo Sensei Jos\u00e9 Ramos.<\/p>\n\n\n\n<p class=\"wp-block-paragraph\">Consulte abaixo o cartaz e hor\u00e1rios do evento.<\/p>\n\n\n\n<div class=\"wp-block-image\"><figure class=\"aligncenter size-large is-resized\"><img data-recalc-dims=\"1\" loading=\"lazy\" decoding=\"async\" data-attachment-id=\"1586\" data-permalink=\"https:\/\/www.akram.pt\/web\/2021\/06\/acao-de-formacao-bases-cientificas-do-karate-ii-sensei-jose-ramos\/acao_de_formacao_basescientificasdokarate_ii_-_sensei_jose_ramos_jul2021\/#main\" data-orig-file=\"https:\/\/i0.wp.com\/www.akram.pt\/web\/wp-content\/uploads\/2021\/06\/Acao_de_Formacao_BasesCientificasdoKarate_II_-_Sensei_Jose_Ramos_jul2021-scaled.jpg?fit=1810%2C2560&amp;ssl=1\" data-orig-size=\"1810,2560\" data-comments-opened=\"0\" data-image-meta=\"{&quot;aperture&quot;:&quot;0&quot;,&quot;credit&quot;:&quot;&quot;,&quot;camera&quot;:&quot;&quot;,&quot;caption&quot;:&quot;&quot;,&quot;created_timestamp&quot;:&quot;1448281229&quot;,&quot;copyright&quot;:&quot;&quot;,&quot;focal_length&quot;:&quot;0&quot;,&quot;iso&quot;:&quot;0&quot;,&quot;shutter_speed&quot;:&quot;0&quot;,&quot;title&quot;:&quot;&quot;,&quot;orientation&quot;:&quot;1&quot;}\" data-image-title=\"Acao_de_Formacao_BasesCientificasdoKarate_II_-_Sensei_Jose_Ramos_jul2021\" data-image-description=\"\" data-image-caption=\"\" data-large-file=\"https:\/\/i0.wp.com\/www.akram.pt\/web\/wp-content\/uploads\/2021\/06\/Acao_de_Formacao_BasesCientificasdoKarate_II_-_Sensei_Jose_Ramos_jul2021-scaled.jpg?fit=724%2C1024&amp;ssl=1\" src=\"https:\/\/i0.wp.com\/www.akram.pt\/web\/wp-content\/uploads\/2021\/06\/Acao_de_Formacao_BasesCientificasdoKarate_II_-_Sensei_Jose_Ramos_jul2021.jpg?resize=362%2C512&#038;ssl=1\" alt=\"\" class=\"wp-image-1586\" width=\"362\" height=\"512\" srcset=\"https:\/\/i0.wp.com\/www.akram.pt\/web\/wp-content\/uploads\/2021\/06\/Acao_de_Formacao_BasesCientificasdoKarate_II_-_Sensei_Jose_Ramos_jul2021-scaled.jpg?resize=724%2C1024&amp;ssl=1 724w, https:\/\/i0.wp.com\/www.akram.pt\/web\/wp-content\/uploads\/2021\/06\/Acao_de_Formacao_BasesCientificasdoKarate_II_-_Sensei_Jose_Ramos_jul2021-scaled.jpg?resize=212%2C300&amp;ssl=1 212w, https:\/\/i0.wp.com\/www.akram.pt\/web\/wp-content\/uploads\/2021\/06\/Acao_de_Formacao_BasesCientificasdoKarate_II_-_Sensei_Jose_Ramos_jul2021-scaled.jpg?resize=768%2C1086&amp;ssl=1 768w, https:\/\/i0.wp.com\/www.akram.pt\/web\/wp-content\/uploads\/2021\/06\/Acao_de_Formacao_BasesCientificasdoKarate_II_-_Sensei_Jose_Ramos_jul2021-scaled.jpg?resize=1086%2C1536&amp;ssl=1 1086w, https:\/\/i0.wp.com\/www.akram.pt\/web\/wp-content\/uploads\/2021\/06\/Acao_de_Formacao_BasesCientificasdoKarate_II_-_Sensei_Jose_Ramos_jul2021-scaled.jpg?resize=1448%2C2048&amp;ssl=1 1448w, https:\/\/i0.wp.com\/www.akram.pt\/web\/wp-content\/uploads\/2021\/06\/Acao_de_Formacao_BasesCientificasdoKarate_II_-_Sensei_Jose_Ramos_jul2021-scaled.jpg?w=1810&amp;ssl=1 1810w\" sizes=\"auto, (max-width: 362px) 100vw, 362px\" \/><\/figure><\/div>\n\n\n\n<div class=\"wp-block-file\"><a href=\"https:\/\/www.akram.pt\/web\/wp-content\/uploads\/2021\/06\/Hora\u0301rios_-AF_Teo\u0301rico-Pra\u0301tica-III-\u2013-Sensei-Ramos.pdf\" target=\"_blank\" rel=\"noreferrer noopener\">Hor\u00e1rio da A\u00e7\u00e3o de Forma\u00e7\u00e3o<\/a><a href=\"https:\/\/www.akram.pt\/web\/wp-content\/uploads\/2021\/06\/Hora\u0301rios_-AF_Teo\u0301rico-Pra\u0301tica-III-\u2013-Sensei-Ramos.pdf\" class=\"wp-block-file__button\" download>Descarregar<\/a><\/div>\n\n\n","protected":false},"excerpt":{"rendered":"<p>Nos pr\u00f3ximos dias 2 a 4 de julho, realiza-se a A\u00e7\u00e3o de Forma\u00e7\u00e3o entitulada \u201cBases Cient\u00edficas do Karat\u00e9 II\u201d, ministrada pelo Sensei Jos\u00e9 Ramos. Consulte abaixo o cartaz e hor\u00e1rios do evento.<\/p>\n","protected":false},"author":2,"featured_media":1586,"comment_status":"closed","ping_status":"open","sticky":false,"template":"","format":"standard","meta":{"_crdt_document":"","_jetpack_memberships_contains_paid_content":false,"footnotes":""},"categories":[7,4],"tags":[],"class_list":["post-1585","post","type-post","status-publish","format-standard","has-post-thumbnail","hentry","category-actividades","category-noticias"],"jetpack_featured_media_url":"https:\/\/i0.wp.com\/www.akram.pt\/web\/wp-content\/uploads\/2021\/06\/Acao_de_Formacao_BasesCientificasdoKarate_II_-_Sensei_Jose_Ramos_jul2021-scaled.jpg?fit=1810%2C2560&ssl=1","jetpack_sharing_enabled":true,"_links":{"self":[{"href":"https:\/\/www.akram.pt\/web\/wp-json\/wp\/v2\/posts\/1585","targetHints":{"allow":["GET"]}}],"collection":[{"href":"https:\/\/www.akram.pt\/web\/wp-json\/wp\/v2\/posts"}],"about":[{"href":"https:\/\/www.akram.pt\/web\/wp-json\/wp\/v2\/types\/post"}],"author":[{"embeddable":true,"href":"https:\/\/www.akram.pt\/web\/wp-json\/wp\/v2\/users\/2"}],"replies":[{"embeddable":true,"href":"https:\/\/www.akram.pt\/web\/wp-json\/wp\/v2\/comments?post=1585"}],"version-history":[{"count":2,"href":"https:\/\/www.akram.pt\/web\/wp-json\/wp\/v2\/posts\/1585\/revisions"}],"predecessor-version":[{"id":1589,"href":"https:\/\/www.akram.pt\/web\/wp-json\/wp\/v2\/posts\/1585\/revisions\/1589"}],"wp:featuredmedia":[{"embeddable":true,"href":"https:\/\/www.akram.pt\/web\/wp-json\/wp\/v2\/media\/1586"}],"wp:attachment":[{"href":"https:\/\/www.akram.pt\/web\/wp-json\/wp\/v2\/media?parent=1585"}],"wp:term":[{"taxonomy":"category","embeddable":true,"href":"https:\/\/www.akram.pt\/web\/wp-json\/wp\/v2\/categories?post=1585"},{"taxonomy":"post_tag","embeddable":true,"href":"https:\/\/www.akram.pt\/web\/wp-json\/wp\/v2\/tags?post=1585"}],"curies":[{"name":"wp","href":"https:\/\/api.w.org\/{rel}","templated":true}]}}