{"id":1631,"date":"2022-03-21T19:28:00","date_gmt":"2022-03-21T19:28:00","guid":{"rendered":"https:\/\/www.akram.pt\/web\/?p=1631"},"modified":"2022-05-29T22:22:34","modified_gmt":"2022-05-29T22:22:34","slug":"3o-open-madeira-cadetes-juniores-seniores-seniores35-nivel-a","status":"publish","type":"post","link":"https:\/\/www.akram.pt\/web\/2022\/03\/3o-open-madeira-cadetes-juniores-seniores-seniores35-nivel-a\/","title":{"rendered":"3\u00ba Open Madeira Cadetes\/Juniores\/Seniores\/Seniores+35 &#8211; N\u00edvel A\u00a0"},"content":{"rendered":"\n<p style=\"font-weight: 400;\"><span data-originalfontsize=\"10pt\" data-originalcomputedfontsize=\"13.333333015441895\">Ex. mos Treinadores e Clubes associados,<br \/><br \/>A AKRAM informa que est\u00e3o abertas as inscri\u00e7\u00f5es para o <\/span><span data-removefontsize=\"true\" data-originalcomputedfontsize=\"16\"><strong data-removefontsize=\"true\" data-originalcomputedfontsize=\"16\">3\u00ba Open Madeira CAD_JUN_SEN_SEN+35 &#8211; N\u00edvel A <\/strong>que decorrer\u00e1 no pr\u00f3ximo s\u00e1bado, de <strong data-removefontsize=\"true\" data-originalcomputedfontsize=\"16\">26 de mar\u00e7o<\/strong> conforme calendarizado no calend\u00e1rio integrado da AKRAM 2021\/2022. <\/span><\/p>\n<p>A prova realiza-se no Pavilh\u00e3o do Cani\u00e7o.<\/p>\n\n\n<div class=\"wp-block-image\">\n<figure class=\"aligncenter size-medium\"><img data-recalc-dims=\"1\" loading=\"lazy\" decoding=\"async\" width=\"300\" height=\"300\" data-attachment-id=\"1632\" data-permalink=\"https:\/\/www.akram.pt\/web\/2022\/03\/3o-open-madeira-cadetes-juniores-seniores-seniores35-nivel-a\/ccb19726-3c97-4cc9-b11c-25b5277144d7\/#main\" data-orig-file=\"https:\/\/i0.wp.com\/www.akram.pt\/web\/wp-content\/uploads\/2022\/03\/CCB19726-3C97-4CC9-B11C-25B5277144D7.jpeg?fit=741%2C741&amp;ssl=1\" data-orig-size=\"741,741\" data-comments-opened=\"0\" data-image-meta=\"{&quot;aperture&quot;:&quot;0&quot;,&quot;credit&quot;:&quot;&quot;,&quot;camera&quot;:&quot;&quot;,&quot;caption&quot;:&quot;&quot;,&quot;created_timestamp&quot;:&quot;0&quot;,&quot;copyright&quot;:&quot;&quot;,&quot;focal_length&quot;:&quot;0&quot;,&quot;iso&quot;:&quot;0&quot;,&quot;shutter_speed&quot;:&quot;0&quot;,&quot;title&quot;:&quot;&quot;,&quot;orientation&quot;:&quot;0&quot;}\" data-image-title=\"CCB19726-3C97-4CC9-B11C-25B5277144D7\" data-image-description=\"\" data-image-caption=\"\" data-large-file=\"https:\/\/i0.wp.com\/www.akram.pt\/web\/wp-content\/uploads\/2022\/03\/CCB19726-3C97-4CC9-B11C-25B5277144D7.jpeg?fit=741%2C741&amp;ssl=1\" src=\"https:\/\/i0.wp.com\/www.akram.pt\/web\/wp-content\/uploads\/2022\/03\/CCB19726-3C97-4CC9-B11C-25B5277144D7.jpeg?resize=300%2C300&#038;ssl=1\" alt=\"\" class=\"wp-image-1632\" srcset=\"https:\/\/i0.wp.com\/www.akram.pt\/web\/wp-content\/uploads\/2022\/03\/CCB19726-3C97-4CC9-B11C-25B5277144D7.jpeg?resize=300%2C300&amp;ssl=1 300w, https:\/\/i0.wp.com\/www.akram.pt\/web\/wp-content\/uploads\/2022\/03\/CCB19726-3C97-4CC9-B11C-25B5277144D7.jpeg?resize=150%2C150&amp;ssl=1 150w, https:\/\/i0.wp.com\/www.akram.pt\/web\/wp-content\/uploads\/2022\/03\/CCB19726-3C97-4CC9-B11C-25B5277144D7.jpeg?resize=120%2C120&amp;ssl=1 120w, https:\/\/i0.wp.com\/www.akram.pt\/web\/wp-content\/uploads\/2022\/03\/CCB19726-3C97-4CC9-B11C-25B5277144D7.jpeg?resize=105%2C105&amp;ssl=1 105w, https:\/\/i0.wp.com\/www.akram.pt\/web\/wp-content\/uploads\/2022\/03\/CCB19726-3C97-4CC9-B11C-25B5277144D7.jpeg?resize=570%2C570&amp;ssl=1 570w, https:\/\/i0.wp.com\/www.akram.pt\/web\/wp-content\/uploads\/2022\/03\/CCB19726-3C97-4CC9-B11C-25B5277144D7.jpeg?resize=380%2C380&amp;ssl=1 380w, https:\/\/i0.wp.com\/www.akram.pt\/web\/wp-content\/uploads\/2022\/03\/CCB19726-3C97-4CC9-B11C-25B5277144D7.jpeg?resize=285%2C285&amp;ssl=1 285w, https:\/\/i0.wp.com\/www.akram.pt\/web\/wp-content\/uploads\/2022\/03\/CCB19726-3C97-4CC9-B11C-25B5277144D7.jpeg?w=741&amp;ssl=1 741w\" sizes=\"auto, (max-width: 300px) 100vw, 300px\" \/><figcaption>Cartaz<\/figcaption><\/figure>\n<\/div>\n\n<div class=\"wp-block-image\">\n<figure class=\"aligncenter size-medium\"><img data-recalc-dims=\"1\" loading=\"lazy\" decoding=\"async\" width=\"300\" height=\"256\" data-attachment-id=\"1633\" data-permalink=\"https:\/\/www.akram.pt\/web\/2022\/03\/3o-open-madeira-cadetes-juniores-seniores-seniores35-nivel-a\/87fd2889-a132-46bf-80c3-25fd54733b49\/#main\" data-orig-file=\"https:\/\/i0.wp.com\/www.akram.pt\/web\/wp-content\/uploads\/2022\/03\/87FD2889-A132-46BF-80C3-25FD54733B49.jpeg?fit=740%2C631&amp;ssl=1\" data-orig-size=\"740,631\" data-comments-opened=\"0\" data-image-meta=\"{&quot;aperture&quot;:&quot;0&quot;,&quot;credit&quot;:&quot;&quot;,&quot;camera&quot;:&quot;&quot;,&quot;caption&quot;:&quot;&quot;,&quot;created_timestamp&quot;:&quot;0&quot;,&quot;copyright&quot;:&quot;&quot;,&quot;focal_length&quot;:&quot;0&quot;,&quot;iso&quot;:&quot;0&quot;,&quot;shutter_speed&quot;:&quot;0&quot;,&quot;title&quot;:&quot;&quot;,&quot;orientation&quot;:&quot;0&quot;}\" data-image-title=\"87FD2889-A132-46BF-80C3-25FD54733B49\" data-image-description=\"\" data-image-caption=\"\" data-large-file=\"https:\/\/i0.wp.com\/www.akram.pt\/web\/wp-content\/uploads\/2022\/03\/87FD2889-A132-46BF-80C3-25FD54733B49.jpeg?fit=740%2C631&amp;ssl=1\" src=\"https:\/\/i0.wp.com\/www.akram.pt\/web\/wp-content\/uploads\/2022\/03\/87FD2889-A132-46BF-80C3-25FD54733B49.jpeg?resize=300%2C256&#038;ssl=1\" alt=\"\" class=\"wp-image-1633\" srcset=\"https:\/\/i0.wp.com\/www.akram.pt\/web\/wp-content\/uploads\/2022\/03\/87FD2889-A132-46BF-80C3-25FD54733B49.jpeg?resize=300%2C256&amp;ssl=1 300w, https:\/\/i0.wp.com\/www.akram.pt\/web\/wp-content\/uploads\/2022\/03\/87FD2889-A132-46BF-80C3-25FD54733B49.jpeg?w=740&amp;ssl=1 740w\" sizes=\"auto, (max-width: 300px) 100vw, 300px\" \/><figcaption>Hor\u00e1rios da Prova<\/figcaption><\/figure>\n<\/div>","protected":false},"excerpt":{"rendered":"<p>Ex. mos Treinadores e Clubes associados, A AKRAM informa que est\u00e3o abertas as inscri\u00e7\u00f5es para o 3\u00ba Open Madeira CAD_JUN_SEN_SEN+35 &#8211; N\u00edvel A que decorrer\u00e1 no pr\u00f3ximo s\u00e1bado, de 26 de mar\u00e7o conforme calendarizado no calend\u00e1rio integrado da AKRAM 2021\/2022. A prova realiza-se no Pavilh\u00e3o do Cani\u00e7o.<\/p>\n","protected":false},"author":2,"featured_media":1632,"comment_status":"closed","ping_status":"open","sticky":false,"template":"","format":"standard","meta":{"_crdt_document":"","_jetpack_memberships_contains_paid_content":false,"footnotes":""},"categories":[4],"tags":[],"class_list":["post-1631","post","type-post","status-publish","format-standard","has-post-thumbnail","hentry","category-noticias"],"jetpack_featured_media_url":"https:\/\/i0.wp.com\/www.akram.pt\/web\/wp-content\/uploads\/2022\/03\/CCB19726-3C97-4CC9-B11C-25B5277144D7.jpeg?fit=741%2C741&ssl=1","jetpack_sharing_enabled":true,"_links":{"self":[{"href":"https:\/\/www.akram.pt\/web\/wp-json\/wp\/v2\/posts\/1631","targetHints":{"allow":["GET"]}}],"collection":[{"href":"https:\/\/www.akram.pt\/web\/wp-json\/wp\/v2\/posts"}],"about":[{"href":"https:\/\/www.akram.pt\/web\/wp-json\/wp\/v2\/types\/post"}],"author":[{"embeddable":true,"href":"https:\/\/www.akram.pt\/web\/wp-json\/wp\/v2\/users\/2"}],"replies":[{"embeddable":true,"href":"https:\/\/www.akram.pt\/web\/wp-json\/wp\/v2\/comments?post=1631"}],"version-history":[{"count":2,"href":"https:\/\/www.akram.pt\/web\/wp-json\/wp\/v2\/posts\/1631\/revisions"}],"predecessor-version":[{"id":1636,"href":"https:\/\/www.akram.pt\/web\/wp-json\/wp\/v2\/posts\/1631\/revisions\/1636"}],"wp:featuredmedia":[{"embeddable":true,"href":"https:\/\/www.akram.pt\/web\/wp-json\/wp\/v2\/media\/1632"}],"wp:attachment":[{"href":"https:\/\/www.akram.pt\/web\/wp-json\/wp\/v2\/media?parent=1631"}],"wp:term":[{"taxonomy":"category","embeddable":true,"href":"https:\/\/www.akram.pt\/web\/wp-json\/wp\/v2\/categories?post=1631"},{"taxonomy":"post_tag","embeddable":true,"href":"https:\/\/www.akram.pt\/web\/wp-json\/wp\/v2\/tags?post=1631"}],"curies":[{"name":"wp","href":"https:\/\/api.w.org\/{rel}","templated":true}]}}