{"id":1652,"date":"2022-04-06T08:02:49","date_gmt":"2022-04-06T08:02:49","guid":{"rendered":"https:\/\/www.akram.pt\/web\/?p=1652"},"modified":"2022-05-29T22:23:27","modified_gmt":"2022-05-29T22:23:27","slug":"campeonato-nacional-de-cadetes-juniores-e-sub21-2022","status":"publish","type":"post","link":"https:\/\/www.akram.pt\/web\/2022\/04\/campeonato-nacional-de-cadetes-juniores-e-sub21-2022\/","title":{"rendered":"Campeonato Nacional de Cadetes, Juniores e Sub21\u00a0&#8211; 2022"},"content":{"rendered":"\n<p><span style=\"font-size: revert;\">A AKRAM esteve presente no Campeonato Nacional de Cadetes, Juniores e Sub21, que se realizou nos dias 2 e 3 de abril, no pavilh\u00e3o Municipal de Santo Tirso.<\/span><\/p>\n<p>As comitivas foram compostas por 8 atletas e 2 treinadores dos Clubes ASKKSA e Clube Karate Cani\u00e7o.<\/p>\n<p>Em termos de resultados, o grande destaque vai para o atleta do Clube Karate Cani\u00e7o, Louren\u00e7o Sousa ao sagrar-se Vice-campe\u00e3o Nacional na vertente competitiva de kumite escal\u00e3o de cadetes.<\/p>\n<p>Obtiveram mais dois p\u00f3dios os atletas Afonso Costa, em kumite escal\u00e3o cadetes, do Clube Karate Cani\u00e7o e Francisco Ornelas, em Kata escal\u00e3o juniores, do clube ASKKSA.<br>Os atletas Bartolomeu Batista e Jos\u00e9 Marta do Clube Karate Cani\u00e7o, estiveram a uma eliminat\u00f3ria de alcan\u00e7ar o p\u00f3dio, no entanto perderam o \u00faltimo combate, tendo alcan\u00e7ado o 5\u00ba lugar na vertente de kumite, nos escal\u00f5es cadetes e juniores, respetivamente. <br>Os atletas M\u00e1t\u00e9 Szepesi, do Clube Karate Cani\u00e7o obteve o 7\u00ba lugar e os atletas Beatriz Oliveira e Nuno Fernandes do clube ASKKSA obtiveram o 11\u00ba e 13\u00ba lugar, todos na vertente de Kata.<\/p>\n<p>Neste campeonato estiveram presentes 436 atletas e 104 treinadores, oriundos de 102 clubes inscritos.<\/p>\n<p>De real\u00e7ar que esta foi a primeira participa\u00e7\u00e3o desportiva em prova fora da nossa regi\u00e3o, ap\u00f3s a pandemia, pelo que real\u00e7a os excelentes resultados obtidos.<\/p>\n<p>De referir que todos os atletas e treinadores regionais presentes neste Campeonato Nacional, tiveram o apoio da AKRAM por estarem integrados no Projeto PEP para o Ciclo Ol\u00edmpico 2021\/2024.<\/p>\n<p>Participou neste campeonato o \u00c1rbitro Nacional, Sensei Freddy Sousa respons\u00e1vel pelo Departamento de Arbitragem da AKRAM, assim como a Oficial de Mesa Teresa Pilco.<br>Os treinadores que acompanharam os atletas foram os sensei Eduardo Martins do Clube Karate Cani\u00e7o e Rafael Jardim do clube ASKKSA.<br><br>A AKRAM agradece o esfor\u00e7o e a dedica\u00e7\u00e3o de todos os agentes envolvidos nesta participa\u00e7\u00e3o desportiva, assim como aos Encarregados de Educa\u00e7\u00e3o por confiarem os seus educandos na nossa modalidade.<\/p>\n<p>Parab\u00e9ns aos atletas medalhados e aos n\u00e3o medalhados, uma palavra de conforto e carinho.<\/p>\n\n\n\n<figure class=\"wp-block-image size-large\"><img data-recalc-dims=\"1\" loading=\"lazy\" decoding=\"async\" width=\"1024\" height=\"576\" data-attachment-id=\"1653\" data-permalink=\"https:\/\/www.akram.pt\/web\/2022\/04\/campeonato-nacional-de-cadetes-juniores-e-sub21-2022\/0b7258f2-c0e9-4363-8c6a-823dfcaa66af\/#main\" data-orig-file=\"https:\/\/i0.wp.com\/www.akram.pt\/web\/wp-content\/uploads\/2022\/04\/0B7258F2-C0E9-4363-8C6A-823DFCAA66AF.jpeg?fit=1920%2C1080&amp;ssl=1\" data-orig-size=\"1920,1080\" data-comments-opened=\"0\" data-image-meta=\"{&quot;aperture&quot;:&quot;0&quot;,&quot;credit&quot;:&quot;&quot;,&quot;camera&quot;:&quot;&quot;,&quot;caption&quot;:&quot;&quot;,&quot;created_timestamp&quot;:&quot;0&quot;,&quot;copyright&quot;:&quot;&quot;,&quot;focal_length&quot;:&quot;0&quot;,&quot;iso&quot;:&quot;0&quot;,&quot;shutter_speed&quot;:&quot;0&quot;,&quot;title&quot;:&quot;&quot;,&quot;orientation&quot;:&quot;1&quot;}\" data-image-title=\"0B7258F2-C0E9-4363-8C6A-823DFCAA66AF\" data-image-description=\"\" data-image-caption=\"\" data-large-file=\"https:\/\/i0.wp.com\/www.akram.pt\/web\/wp-content\/uploads\/2022\/04\/0B7258F2-C0E9-4363-8C6A-823DFCAA66AF.jpeg?fit=1024%2C576&amp;ssl=1\" src=\"https:\/\/i0.wp.com\/www.akram.pt\/web\/wp-content\/uploads\/2022\/04\/0B7258F2-C0E9-4363-8C6A-823DFCAA66AF.jpeg?resize=1024%2C576&#038;ssl=1\" alt=\"\" class=\"wp-image-1653\" srcset=\"https:\/\/i0.wp.com\/www.akram.pt\/web\/wp-content\/uploads\/2022\/04\/0B7258F2-C0E9-4363-8C6A-823DFCAA66AF.jpeg?resize=1024%2C576&amp;ssl=1 1024w, https:\/\/i0.wp.com\/www.akram.pt\/web\/wp-content\/uploads\/2022\/04\/0B7258F2-C0E9-4363-8C6A-823DFCAA66AF.jpeg?resize=300%2C169&amp;ssl=1 300w, https:\/\/i0.wp.com\/www.akram.pt\/web\/wp-content\/uploads\/2022\/04\/0B7258F2-C0E9-4363-8C6A-823DFCAA66AF.jpeg?resize=768%2C432&amp;ssl=1 768w, https:\/\/i0.wp.com\/www.akram.pt\/web\/wp-content\/uploads\/2022\/04\/0B7258F2-C0E9-4363-8C6A-823DFCAA66AF.jpeg?resize=1536%2C864&amp;ssl=1 1536w, https:\/\/i0.wp.com\/www.akram.pt\/web\/wp-content\/uploads\/2022\/04\/0B7258F2-C0E9-4363-8C6A-823DFCAA66AF.jpeg?w=1920&amp;ssl=1 1920w\" sizes=\"auto, (max-width: 1024px) 100vw, 1024px\" \/><\/figure>\n","protected":false},"excerpt":{"rendered":"<p>A AKRAM esteve presente no Campeonato Nacional de Cadetes, Juniores e Sub21, que se realizou nos dias 2 e 3 de abril, no pavilh\u00e3o Municipal de Santo Tirso. As comitivas foram compostas por 8 atletas e 2 treinadores dos Clubes ASKKSA e Clube Karate Cani\u00e7o. Em termos de resultados, o grande destaque vai para o<\/p>\n<p class=\"more-link\"><a href=\"https:\/\/www.akram.pt\/web\/2022\/04\/campeonato-nacional-de-cadetes-juniores-e-sub21-2022\/\" class=\"themebutton\">Read More<\/a><\/p>\n","protected":false},"author":2,"featured_media":1653,"comment_status":"closed","ping_status":"open","sticky":false,"template":"","format":"standard","meta":{"_crdt_document":"","_jetpack_memberships_contains_paid_content":false,"footnotes":""},"categories":[4,5],"tags":[],"class_list":["post-1652","post","type-post","status-publish","format-standard","has-post-thumbnail","hentry","category-noticias","category-resultados"],"jetpack_featured_media_url":"https:\/\/i0.wp.com\/www.akram.pt\/web\/wp-content\/uploads\/2022\/04\/0B7258F2-C0E9-4363-8C6A-823DFCAA66AF.jpeg?fit=1920%2C1080&ssl=1","jetpack_sharing_enabled":true,"_links":{"self":[{"href":"https:\/\/www.akram.pt\/web\/wp-json\/wp\/v2\/posts\/1652","targetHints":{"allow":["GET"]}}],"collection":[{"href":"https:\/\/www.akram.pt\/web\/wp-json\/wp\/v2\/posts"}],"about":[{"href":"https:\/\/www.akram.pt\/web\/wp-json\/wp\/v2\/types\/post"}],"author":[{"embeddable":true,"href":"https:\/\/www.akram.pt\/web\/wp-json\/wp\/v2\/users\/2"}],"replies":[{"embeddable":true,"href":"https:\/\/www.akram.pt\/web\/wp-json\/wp\/v2\/comments?post=1652"}],"version-history":[{"count":2,"href":"https:\/\/www.akram.pt\/web\/wp-json\/wp\/v2\/posts\/1652\/revisions"}],"predecessor-version":[{"id":1659,"href":"https:\/\/www.akram.pt\/web\/wp-json\/wp\/v2\/posts\/1652\/revisions\/1659"}],"wp:featuredmedia":[{"embeddable":true,"href":"https:\/\/www.akram.pt\/web\/wp-json\/wp\/v2\/media\/1653"}],"wp:attachment":[{"href":"https:\/\/www.akram.pt\/web\/wp-json\/wp\/v2\/media?parent=1652"}],"wp:term":[{"taxonomy":"category","embeddable":true,"href":"https:\/\/www.akram.pt\/web\/wp-json\/wp\/v2\/categories?post=1652"},{"taxonomy":"post_tag","embeddable":true,"href":"https:\/\/www.akram.pt\/web\/wp-json\/wp\/v2\/tags?post=1652"}],"curies":[{"name":"wp","href":"https:\/\/api.w.org\/{rel}","templated":true}]}}